{"id":4606,"date":"2021-02-16T06:52:24","date_gmt":"2021-02-16T12:52:24","guid":{"rendered":"http:\/\/losperiodistas.com.mx\/portal\/?p=4606"},"modified":"2021-02-16T06:52:25","modified_gmt":"2021-02-16T12:52:25","slug":"alcaldes-y-diputados-no-tendran-que-renunciar-a-sus-cargos-para-buscar-la-reeleccion-ljo","status":"publish","type":"post","link":"https:\/\/losperiodistas.com.mx\/portal\/alcaldes-y-diputados-no-tendran-que-renunciar-a-sus-cargos-para-buscar-la-reeleccion-ljo\/","title":{"rendered":"Alcaldes y diputados no tendr\u00e1n que renunciar a sus cargos para buscar la reelecci\u00f3n| LJO"},"content":{"rendered":"\n<p class=\"has-vivid-cyan-blue-color has-text-color has-medium-font-size\">PATRICIA M\u00c9NDEZ \/ LA JORNADA DE ORIENTE<\/p>\n\n\n\n<p>Los diputados locales o presidentes municipales que busquen reelegirse en las elecciones del pr\u00f3ximo 6 de junio, no estar\u00e1n obligados a separarse de sus cargos, seg\u00fan resolvieron este lunes los magistrados que integran Sala Regional Ciudad de M\u00e9xico del Tribunal Electoral del Poder Judicial de la Federaci\u00f3n (TEPJF).<\/p>\n\n\n\n<p>La determinaci\u00f3n implica que quienes ocupen esos cargos podr\u00e1n hacer campa\u00f1a sin dejar las encomiendas para las que previamente fueron electos, aunque con salvedades para guardar el principio de equidad durante el proceso electoral.<\/p>\n\n\n\n<p>Los juristas resolvieron un recurso de impugnaci\u00f3n presentado en enero por el Partido del Trabajo (PT) en contra de un resolutivo del Tribunal Electoral del Estado (TEE) en el que se ordenaba a los alcaldes o legisladores locales a separarse de sus cargos 90 d\u00edas antes de que buscaran contender por este mismo. <\/p>\n\n\n\n<p>En su propuesta para resolver la inconformidad planteada por el PT, el magistrado Jos\u00e9 Luis Ceballos Daza expuso que la legislaci\u00f3n poblana no contempla la separaci\u00f3n del cargo de presidentes o alcaldes, por lo que validar la resoluci\u00f3n del TEE, ser\u00eda implementar otra figura jur\u00eddica que no existe.<\/p>\n\n\n\n<p>\u201cSi la normativa en el estado de Puebla no contempla la obligaci\u00f3n de separarse del cargo, para quienes contender\u00e1n a trav\u00e9s de la elecci\u00f3n consecutiva, entonces es posible afirmar que ante esa falta de regulaci\u00f3n normativa, no puede exigirse separaci\u00f3n para los casos de reelecci\u00f3n, pues ello equivaldr\u00eda a incorporar un componente no concebido en el \u00e1mbito de la libertad configurativa estatal sin contar con esa justificaci\u00f3n legal\u201d, se indica en el proyecto.<\/p>\n\n\n\n<p>En su argumentaci\u00f3n, Ceballos Daza tambi\u00e9n indic\u00f3 que existe un antecedente establecido por la Suprema Corte de Justicia de la Naci\u00f3n (SCJN) que se\u00f1ala que el hecho de que no se separen de un cargo quienes buscan competir por otro, no representa inequidad en una contienda electoral, siempre que se preserven otros principios de equidad.<\/p>\n\n\n\n<p>En la discusi\u00f3n, el argumento fue refutado por el magistrado presidente H\u00e9ctor Romero Bola\u00f1os, quien coment\u00f3 que el no pedir a diputados o alcaldes que buscan la reelecci\u00f3n, que se separen del cargo, genera inequidad con otros contendientes, porque no se les ofrecen las mismas oportunidades.<\/p>\n\n\n\n<p>Sin embargo, la magistrada Mar\u00eda Silvia Rojas respald\u00f3 la propuesta del ponente y explic\u00f3 que no es posible validar la figura de separaci\u00f3n del cargo cuando esta no existe en la legislaci\u00f3n poblana, como s\u00ed lo hizo el TEEP.<\/p>\n\n\n\n<p>De esa forma, la propuesta fue aprobada con los votos a favor del ponente y de Silva Rojas que se impusieron a la negativa de Romero Bola\u00f1os.<\/p>\n\n\n\n<p>En ese sentido, los magistrados ordenaron al Instituto Electoral del Estado (IEE) a que modifique el reglamento de reelecci\u00f3n as\u00ed como a que establezca otras medidas para \u201cpreservar\u201d la equidad en la contienda del pr\u00f3ximo seis de junio.<\/p>\n\n\n\n<p>Fuente: https:\/\/www.lajornadadeoriente.com.mx\/puebla\/alcaldes-y-diputados-no-tendran-que-renunciar-a-sus-cargos-para-buscar-la-reeleccion\/<\/p>\n\n\n\n<p><\/p>\n","protected":false},"excerpt":{"rendered":"<p>PATRICIA M\u00c9NDEZ \/ LA JORNADA DE ORIENTE Los diputados locales o presidentes municipales que busquen reelegirse en las elecciones del [&hellip;]<\/p>\n","protected":false},"author":1,"featured_media":4607,"comment_status":"open","ping_status":"open","sticky":false,"template":"","format":"standard","meta":{"site-sidebar-layout":"default","site-content-layout":"","ast-site-content-layout":"default","site-content-style":"default","site-sidebar-style":"default","ast-global-header-display":"","ast-banner-title-visibility":"","ast-main-header-display":"","ast-hfb-above-header-display":"","ast-hfb-below-header-display":"","ast-hfb-mobile-header-display":"","site-post-title":"","ast-breadcrumbs-content":"","ast-featured-img":"","footer-sml-layout":"","theme-transparent-header-meta":"","adv-header-id-meta":"","stick-header-meta":"","header-above-stick-meta":"","header-main-stick-meta":"","header-below-stick-meta":"","astra-migrate-meta-layouts":"default","ast-page-background-enabled":"default","ast-page-background-meta":{"desktop":{"background-color":"var(--ast-global-color-4)","background-image":"","background-repeat":"repeat","background-position":"center center","background-size":"auto","background-attachment":"scroll","background-type":"","background-media":"","overlay-type":"","overlay-color":"","overlay-opacity":"","overlay-gradient":""},"tablet":{"background-color":"","background-image":"","background-repeat":"repeat","background-position":"center center","background-size":"auto","background-attachment":"scroll","background-type":"","background-media":"","overlay-type":"","overlay-color":"","overlay-opacity":"","overlay-gradient":""},"mobile":{"background-color":"","background-image":"","background-repeat":"repeat","background-position":"center center","background-size":"auto","background-attachment":"scroll","background-type":"","background-media":"","overlay-type":"","overlay-color":"","overlay-opacity":"","overlay-gradient":""}},"ast-content-background-meta":{"desktop":{"background-color":"var(--ast-global-color-5)","background-image":"","background-repeat":"repeat","background-position":"center center","background-size":"auto","background-attachment":"scroll","background-type":"","background-media":"","overlay-type":"","overlay-color":"","overlay-opacity":"","overlay-gradient":""},"tablet":{"background-color":"var(--ast-global-color-5)","background-image":"","background-repeat":"repeat","background-position":"center center","background-size":"auto","background-attachment":"scroll","background-type":"","background-media":"","overlay-type":"","overlay-color":"","overlay-opacity":"","overlay-gradient":""},"mobile":{"background-color":"var(--ast-global-color-5)","background-image":"","background-repeat":"repeat","background-position":"center center","background-size":"auto","background-attachment":"scroll","background-type":"","background-media":"","overlay-type":"","overlay-color":"","overlay-opacity":"","overlay-gradient":""}},"footnotes":""},"categories":[8,1],"tags":[],"class_list":["post-4606","post","type-post","status-publish","format-standard","has-post-thumbnail","hentry","category-noticias","category-sin-categoria"],"_links":{"self":[{"href":"https:\/\/losperiodistas.com.mx\/portal\/wp-json\/wp\/v2\/posts\/4606","targetHints":{"allow":["GET"]}}],"collection":[{"href":"https:\/\/losperiodistas.com.mx\/portal\/wp-json\/wp\/v2\/posts"}],"about":[{"href":"https:\/\/losperiodistas.com.mx\/portal\/wp-json\/wp\/v2\/types\/post"}],"author":[{"embeddable":true,"href":"https:\/\/losperiodistas.com.mx\/portal\/wp-json\/wp\/v2\/users\/1"}],"replies":[{"embeddable":true,"href":"https:\/\/losperiodistas.com.mx\/portal\/wp-json\/wp\/v2\/comments?post=4606"}],"version-history":[{"count":1,"href":"https:\/\/losperiodistas.com.mx\/portal\/wp-json\/wp\/v2\/posts\/4606\/revisions"}],"predecessor-version":[{"id":4608,"href":"https:\/\/losperiodistas.com.mx\/portal\/wp-json\/wp\/v2\/posts\/4606\/revisions\/4608"}],"wp:featuredmedia":[{"embeddable":true,"href":"https:\/\/losperiodistas.com.mx\/portal\/wp-json\/wp\/v2\/media\/4607"}],"wp:attachment":[{"href":"https:\/\/losperiodistas.com.mx\/portal\/wp-json\/wp\/v2\/media?parent=4606"}],"wp:term":[{"taxonomy":"category","embeddable":true,"href":"https:\/\/losperiodistas.com.mx\/portal\/wp-json\/wp\/v2\/categories?post=4606"},{"taxonomy":"post_tag","embeddable":true,"href":"https:\/\/losperiodistas.com.mx\/portal\/wp-json\/wp\/v2\/tags?post=4606"}],"curies":[{"name":"wp","href":"https:\/\/api.w.org\/{rel}","templated":true}]}}