{"id":46044,"date":"2023-02-03T08:35:56","date_gmt":"2023-02-03T14:35:56","guid":{"rendered":"http:\/\/losperiodistas.com.mx\/portal\/?p=46044"},"modified":"2023-02-03T08:35:58","modified_gmt":"2023-02-03T14:35:58","slug":"publican-decreto-que-cierra-a-las-aerolineas-de-carga-el-aicm-la-jornada","status":"publish","type":"post","link":"https:\/\/losperiodistas.com.mx\/portal\/publican-decreto-que-cierra-a-las-aerolineas-de-carga-el-aicm-la-jornada\/","title":{"rendered":"Publican decreto que cierra a las aerol\u00edneas de carga el AICM\u00a0| La Jornada"},"content":{"rendered":"\n<figure class=\"wp-block-image size-full is-style-default\"><img fetchpriority=\"high\" decoding=\"async\" width=\"1024\" height=\"704\" src=\"https:\/\/losperiodistas.com.mx\/portal\/wp-content\/uploads\/2023\/02\/aeropuerto-cierre.jpeg\" alt=\"\" class=\"wp-image-46045\" srcset=\"https:\/\/losperiodistas.com.mx\/portal\/wp-content\/uploads\/2023\/02\/aeropuerto-cierre.jpeg 1024w, https:\/\/losperiodistas.com.mx\/portal\/wp-content\/uploads\/2023\/02\/aeropuerto-cierre-300x206.jpeg 300w, https:\/\/losperiodistas.com.mx\/portal\/wp-content\/uploads\/2023\/02\/aeropuerto-cierre-768x528.jpeg 768w\" sizes=\"(max-width: 1024px) 100vw, 1024px\" \/><figcaption>El Aeropuerto Internacional de la Ciudad de M\u00e9xico.\u00a0Foto\u00a0<strong>Alfredo Dom\u00ednguez \/ Archivo<\/strong><\/figcaption><\/figure>\n\n\n\n<p class=\"has-vivid-red-color has-text-color has-medium-font-size\">CAROLINA G\u00d3MEZ MENA \/ LA JORNADA<\/p>\n\n\n\n<p>A partir de hoy, las empresas a\u00e9reas de transporte de carga tienen 108 d\u00edas h\u00e1biles (156 naturales) para sacar su servicio del Aeropuerto Internacional de la Ciudad de M\u00e9xico (AICM), de acuerdo con el decreto presidencial publicado ayer en la edici\u00f3n vespertina del\u00a0<em>Diario Oficial de la Federaci\u00f3n<\/em>\u00a0(<em>DOF<\/em>).<\/p>\n\n\n\n<p>El documento indica que los concesionarios y permisionarios que proporcionen al p\u00fablico el servicio de transporte a\u00e9reo, nacional e internacional, regular y no regular, exclusivo de carga, tienen que \u201creubicar sus operaciones fuera del AICM\u201d en el plazo referido, debido a que ese aeropuerto est\u00e1 saturado en su espacio a\u00e9reo y terminales.<\/p>\n\n\n\n<p>La declaratoria de saturaci\u00f3n de los edificios terminales fue publicada por el gobierno federal el 3 de marzo de 2022 en el&nbsp;<em>DOF<\/em>, mientras la correspondiente al campo a\u00e9reo est\u00e1 vigente desde el 29 de septiembre de 2014.<\/p>\n\n\n\n<p>En su \u00faltimo reporte, el AICM indica que s\u00f3lo en el transporte de pasajeros comerciales nacionales e internacionales, entre 2021 y 2022, hubo un crecimiento de 28.3 por ciento. Mientras en 2021 fueron 36 millones 56 mil 614 usuarios movilizados, en 2022 la suma fue de 46 millones 258 mil 521.<\/p>\n\n\n\n<p>En cuanto al transporte a\u00e9reo de carga nacional e internacional, en 2021 el aeropuerto moviliz\u00f3 567 mil 778.6 toneladas y el a\u00f1o pasado fueron 570 mil 809, es decir, 0.5 por ciento m\u00e1s.<\/p>\n\n\n\n<p>Respecto a las operaciones nacionales e internacionales, el informe del AICM detalla que en 2021 fueron 327 mil 889 y 387 mil 450 en 2022, es decir, hubo un aumento de 18.2 por ciento.<\/p>\n\n\n\n<p>En el decreto emitido por el presidente Andr\u00e9s Manuel L\u00f3pez Obrador se instruye al AICM gestionar la asignaci\u00f3n de horarios de aterrizaje y despegue y a la Secretar\u00eda de Infraestructura, Comunicaciones y Transportes revisar y modificar las concesiones de servicio al p\u00fablico de transporte a\u00e9reo nacional regular y no regular de carga.<\/p>\n\n\n\n<p>Asimismo, ordena a la Agencia Federal de Aviaci\u00f3n Civil actualizar las bases generales para la asignaci\u00f3n de horarios de aterrizaje y despegue en los aeropuertos en condiciones de saturaci\u00f3n, as\u00ed como incorporar el decreto en la Publicaci\u00f3n de Informaci\u00f3n Aeron\u00e1utica.<\/p>\n\n\n\n<p>Fuente: <a href=\"https:\/\/www.jornada.com.mx\/notas\/2023\/02\/03\/politica\/publican-decreto-que-cierra-a-las-aerolineas-de-carga-el-aicm\/?from=homeonline&amp;block=politica&amp;opt=articlelink\">https:\/\/www.jornada.com.mx\/notas\/2023\/02\/03\/politica\/publican-decreto-que-cierra-a-las-aerolineas-de-carga-el-aicm\/?from=homeonline&amp;block=politica&amp;opt=articlelink<\/a><\/p>\n","protected":false},"excerpt":{"rendered":"<p>CAROLINA G\u00d3MEZ MENA \/ LA JORNADA A partir de hoy, las empresas a\u00e9reas de transporte de carga tienen 108 d\u00edas [&hellip;]<\/p>\n","protected":false},"author":1,"featured_media":46045,"comment_status":"open","ping_status":"open","sticky":false,"template":"","format":"standard","meta":{"site-sidebar-layout":"default","site-content-layout":"","ast-site-content-layout":"default","site-content-style":"default","site-sidebar-style":"default","ast-global-header-display":"","ast-banner-title-visibility":"","ast-main-header-display":"","ast-hfb-above-header-display":"","ast-hfb-below-header-display":"","ast-hfb-mobile-header-display":"","site-post-title":"","ast-breadcrumbs-content":"","ast-featured-img":"","footer-sml-layout":"","theme-transparent-header-meta":"","adv-header-id-meta":"","stick-header-meta":"","header-above-stick-meta":"","header-main-stick-meta":"","header-below-stick-meta":"","astra-migrate-meta-layouts":"default","ast-page-background-enabled":"default","ast-page-background-meta":{"desktop":{"background-color":"var(--ast-global-color-4)","background-image":"","background-repeat":"repeat","background-position":"center center","background-size":"auto","background-attachment":"scroll","background-type":"","background-media":"","overlay-type":"","overlay-color":"","overlay-opacity":"","overlay-gradient":""},"tablet":{"background-color":"","background-image":"","background-repeat":"repeat","background-position":"center center","background-size":"auto","background-attachment":"scroll","background-type":"","background-media":"","overlay-type":"","overlay-color":"","overlay-opacity":"","overlay-gradient":""},"mobile":{"background-color":"","background-image":"","background-repeat":"repeat","background-position":"center center","background-size":"auto","background-attachment":"scroll","background-type":"","background-media":"","overlay-type":"","overlay-color":"","overlay-opacity":"","overlay-gradient":""}},"ast-content-background-meta":{"desktop":{"background-color":"var(--ast-global-color-5)","background-image":"","background-repeat":"repeat","background-position":"center center","background-size":"auto","background-attachment":"scroll","background-type":"","background-media":"","overlay-type":"","overlay-color":"","overlay-opacity":"","overlay-gradient":""},"tablet":{"background-color":"var(--ast-global-color-5)","background-image":"","background-repeat":"repeat","background-position":"center center","background-size":"auto","background-attachment":"scroll","background-type":"","background-media":"","overlay-type":"","overlay-color":"","overlay-opacity":"","overlay-gradient":""},"mobile":{"background-color":"var(--ast-global-color-5)","background-image":"","background-repeat":"repeat","background-position":"center center","background-size":"auto","background-attachment":"scroll","background-type":"","background-media":"","overlay-type":"","overlay-color":"","overlay-opacity":"","overlay-gradient":""}},"footnotes":""},"categories":[8],"tags":[7996,15015,15014],"class_list":["post-46044","post","type-post","status-publish","format-standard","has-post-thumbnail","hentry","category-noticias","tag-aicm","tag-amlo-decreto","tag-transporte-aereo-carga"],"_links":{"self":[{"href":"https:\/\/losperiodistas.com.mx\/portal\/wp-json\/wp\/v2\/posts\/46044","targetHints":{"allow":["GET"]}}],"collection":[{"href":"https:\/\/losperiodistas.com.mx\/portal\/wp-json\/wp\/v2\/posts"}],"about":[{"href":"https:\/\/losperiodistas.com.mx\/portal\/wp-json\/wp\/v2\/types\/post"}],"author":[{"embeddable":true,"href":"https:\/\/losperiodistas.com.mx\/portal\/wp-json\/wp\/v2\/users\/1"}],"replies":[{"embeddable":true,"href":"https:\/\/losperiodistas.com.mx\/portal\/wp-json\/wp\/v2\/comments?post=46044"}],"version-history":[{"count":1,"href":"https:\/\/losperiodistas.com.mx\/portal\/wp-json\/wp\/v2\/posts\/46044\/revisions"}],"predecessor-version":[{"id":46046,"href":"https:\/\/losperiodistas.com.mx\/portal\/wp-json\/wp\/v2\/posts\/46044\/revisions\/46046"}],"wp:featuredmedia":[{"embeddable":true,"href":"https:\/\/losperiodistas.com.mx\/portal\/wp-json\/wp\/v2\/media\/46045"}],"wp:attachment":[{"href":"https:\/\/losperiodistas.com.mx\/portal\/wp-json\/wp\/v2\/media?parent=46044"}],"wp:term":[{"taxonomy":"category","embeddable":true,"href":"https:\/\/losperiodistas.com.mx\/portal\/wp-json\/wp\/v2\/categories?post=46044"},{"taxonomy":"post_tag","embeddable":true,"href":"https:\/\/losperiodistas.com.mx\/portal\/wp-json\/wp\/v2\/tags?post=46044"}],"curies":[{"name":"wp","href":"https:\/\/api.w.org\/{rel}","templated":true}]}}