{"id":46041,"date":"2023-02-03T08:22:35","date_gmt":"2023-02-03T14:22:35","guid":{"rendered":"http:\/\/losperiodistas.com.mx\/portal\/?p=46041"},"modified":"2023-02-03T08:22:37","modified_gmt":"2023-02-03T14:22:37","slug":"muere-paco-rabanne-a-los-88-anos-un-disenador-visionario-y-rebelde-yo-dona","status":"publish","type":"post","link":"https:\/\/losperiodistas.com.mx\/portal\/muere-paco-rabanne-a-los-88-anos-un-disenador-visionario-y-rebelde-yo-dona\/","title":{"rendered":"Muere Paco Rabanne a los 88 a\u00f1os, un dise\u00f1ador visionario y rebelde | Yo Dona"},"content":{"rendered":"\n<p class=\"has-pale-pink-background-color has-background has-medium-font-size\">El creador Paco Rabanne, nacido en Pasajes (Guip\u00fazcoa) en 1934, ha fallecido a los 88 a\u00f1os en la localidad francesa de Portstall, en Finisterre.<\/p>\n\n\n\n<figure class=\"wp-block-image size-large is-style-default\"><img fetchpriority=\"high\" decoding=\"async\" width=\"1024\" height=\"768\" src=\"https:\/\/losperiodistas.com.mx\/portal\/wp-content\/uploads\/2023\/02\/16754321445528-1024x768.jpg\" alt=\"\" class=\"wp-image-46042\" srcset=\"https:\/\/losperiodistas.com.mx\/portal\/wp-content\/uploads\/2023\/02\/16754321445528-1024x768.jpg 1024w, https:\/\/losperiodistas.com.mx\/portal\/wp-content\/uploads\/2023\/02\/16754321445528-300x225.jpg 300w, https:\/\/losperiodistas.com.mx\/portal\/wp-content\/uploads\/2023\/02\/16754321445528-768x576.jpg 768w, https:\/\/losperiodistas.com.mx\/portal\/wp-content\/uploads\/2023\/02\/16754321445528-1536x1151.jpg 1536w, https:\/\/losperiodistas.com.mx\/portal\/wp-content\/uploads\/2023\/02\/16754321445528-2048x1535.jpg 2048w\" sizes=\"(max-width: 1024px) 100vw, 1024px\" \/><figcaption>El dise\u00f1ador Paco Rabanne, fallecido a los 88 a\u00f1os.<strong>Getty<\/strong><\/figcaption><\/figure>\n\n\n\n<p class=\"has-vivid-red-color has-text-color has-medium-font-size\"><strong>CRISTINA ALDAZ \/ YO DONA<\/strong><\/p>\n\n\n\n<p>on \u00e9l se pierde uno de los grandes creadores de moda del siglo XX. Inolvidables son sus vestidos de&nbsp;<strong>piezas geom\u00e9tricas met\u00e1licas,<\/strong>&nbsp;que ya ocupan un lugar muy destacado en la historia de la moda y por las que siempre ser\u00e1 recordado. No en vano, la mism\u00edsima Coco Chanel lo llamaba \u00abel metal\u00fargico de la moda\u00bb.<\/p>\n\n\n\n<p><strong>Francisco Rabaneda Cuervo,&nbsp;<\/strong>como se llamaba en realidad el creador, era hijo del coronel de las fuerzas republicanas Francisco Rabaneda Postigo, fusilado por tropas franquistas durante la Guerra Civil.<\/p>\n\n\n\n<p>La profesi\u00f3n de su madre,&nbsp;<strong>costurera jefe del gran dise\u00f1ador espa\u00f1ol Crist\u00f3bal Balenciaga,&nbsp;<\/strong>lo marc\u00f3 para toda la vida, ya que \u00e9l mismo est\u00e1 considerado como uno de los disc\u00edpulos de Balenciaga.<\/p>\n\n\n\n<p>La muerte de su padre llev\u00f3 a la familia al exilio en Francia. Primero se asent\u00f3 en la localidad de Morlaix, en Breta\u00f1a. Y fue en el pa\u00eds vecino donde estudi\u00f3&nbsp;<strong>Arquitectura,<\/strong>&nbsp;lo que tambi\u00e9n influy\u00f3 en su visi\u00f3n de la moda.<\/p>\n\n\n\n<figure class=\"wp-block-image is-style-default\"><img decoding=\"async\" src=\"https:\/\/k-vod.uecdn.es\/html5\/html5lib\/v2.89.0_ue\/modules\/KalturaSupport\/thumbnail.php\/p\/108\/uiconf_id\/14969378\/entry_id\/0_44921a6e\/height\/401?\" alt=\"Video thumbnail\"\/><figcaption>Muere Paco Rabanne a los 88 a\u00f1os, un dise\u00f1ador visionario y rebelde<\/figcaption><\/figure>\n\n\n\n<p><\/p>\n\n\n\n<p>Si hay un adjetivo que le va a Paco Rabanne y a sus creaciones como anillo al dedo, ese el el de futurista. No en vano, sus dise\u00f1os m\u00e1s aclamados, que han dado la vuelta al mundo, est\u00e1n confeccionados con metales o materiales industriales.<\/p>\n\n\n\n<h2 class=\"wp-block-heading\">Perfumes rompedores<\/h2>\n\n\n\n<p>No solo en moda fue reconocido Paco Rabanne, ni solo como dise\u00f1ador. El espa\u00f1ol fue una de esas mentes adelantadas a su tiempo que supo ver que una gran marca de moda puede tener mucho m\u00e1s tir\u00f3n si se completa de la mano de&nbsp;<strong>fragancias.<\/strong><\/p>\n\n\n\n<p><br>As\u00ed, en 1969, al poco de impactar con sus dise\u00f1os de pl\u00e1stico y metal, sali\u00f3 al mercado el primer perfume de mujer con sello Paco Rabanne, &#8216;Calandre&#8217; (\u00abrejilla del radiador del autom\u00f3vil\u00bb en franc\u00e9s), que fue construido en torno a una<strong>&nbsp;intensa y sorprendente nota met\u00e1lica floral,<\/strong>&nbsp;rompedora para su \u00e9poca como sus looks de pl\u00e1stico y metal.<\/p>\n\n\n\n<p>La perfumer\u00eda masculina tampoco se le resisti\u00f3 al dise\u00f1ador y en 1973 la revoluci\u00f3n lleg\u00f3 de la mano de&nbsp;<strong>&#8216;Pour Homme&#8217;,&nbsp;<\/strong>comercializado ya bajo la compa\u00f1\u00eda espa\u00f1ola Puig.<\/p>\n\n\n\n<p>La sombra de Paco Rabanne es alargada en sus perfumes, aun cuando llevara d\u00e9cadas retirado de ellos. Bajo su nombre han triunfado fragancias m\u00e1s recientes como&nbsp;<strong>&#8216;1 Million&#8217;, &#8216;Lady Million&#8217;, &#8216;Invictus&#8217; y &#8216;Olymp\u00e9a,<\/strong>&nbsp;best-sellers de hoy. Incluso el \u00faltimo perfume lanzado por Puig bajo la ense\u00f1a Paco Rabanne es un homenaje a quien pusiera en \u00f3rbita una marca sin igual; &#8216;Fame&#8217;, un femenino cuyo frasco en forma de robot va vestido con un look de malla met\u00e1lica, como aquellos que hicieron inolvidable al dise\u00f1ador espa\u00f1ol en sus inicios en los a\u00f1os 60.<\/p>\n\n\n\n<h2 class=\"wp-block-heading\">Su relaci\u00f3n con Puig<\/h2>\n\n\n\n<p class=\"has-pale-cyan-blue-background-color has-background\">M\u00e1s en YoDona<a href=\"https:\/\/www.elmundo.es\/album\/yodona\/moda\/2022\/11\/08\/6368d766e4d4d81b2b8b457f_1.html\">Cristina Pedroche al natural y sin filtros, c\u00f3mo atreverse con todo y dar la vuelta a las cr\u00edticas<\/a><a href=\"https:\/\/www.elmundo.es\/yodona\/moda\/2023\/02\/03\/63dcd4f721efa00c6e8b45ad.html\">De Blanca Paloma a Vicco: los looks de la segunda semifinal del Benidorm Fest<\/a><\/p>\n\n\n\n<p>Su nombre lleva d\u00e9cadas ligado a la empresa espa\u00f1ola Puig, una colaboraci\u00f3n que, seg\u00fan un comunicado, comenz\u00f3 a finales de la d\u00e9cada de los 60 del siglo pasado, cuando Antonio y Mariano Puig visitaron al creador en su oficina parisina. Fue con la llegada del siglo XXI cuando el grupo espa\u00f1ol compr\u00f3 definitivamente la marca.<\/p>\n\n\n\n<p>La primera fragancia que vio la luz fue &#8216;Calandre&#8217;, que se lanz\u00f3 en Espa\u00f1a, Francia y Estados Unidos. \u00abPaco Rabanne hizo magn\u00e9tica la transgresi\u00f3n. \u00bfQui\u00e9n m\u00e1s podr\u00eda inducir a las elegantes mujeres parisinas al clamor por vestidos hechos de pl\u00e1stico y metal? \u00bfQui\u00e9n sino Paco Rabanne podr\u00eda imaginar una fragancia llamada &#8216;Calandre&#8217; (cuyo significado es &#8216;parrilla de autom\u00f3vil&#8217;) y convertirla en un icono de la feminidad moderna? Ese esp\u00edritu radical y rebelde lo distingue: solo hay un Rabanne. Con su fallecimiento recordamos una vez m\u00e1s su enorme influencia en la moda contempor\u00e1nea, un esp\u00edritu que perdura en la Maison que lleva su nombre\u00bb, ha declarado Jose Manuel Albesa, presidente de la divisi\u00f3n Beauty and Fashion de Puig.<\/p>\n\n\n\n<p>Fuente: <a href=\"https:\/\/www.elmundo.es\/yodona\/moda\/2023\/02\/03\/63dd0ca6fc6c834c5b8b4592.html\">https:\/\/www.elmundo.es\/yodona\/moda\/2023\/02\/03\/63dd0ca6fc6c834c5b8b4592.html<\/a><\/p>\n","protected":false},"excerpt":{"rendered":"<p>El creador Paco Rabanne, nacido en Pasajes (Guip\u00fazcoa) en 1934, ha fallecido a los 88 a\u00f1os en la localidad francesa [&hellip;]<\/p>\n","protected":false},"author":1,"featured_media":46042,"comment_status":"open","ping_status":"open","sticky":false,"template":"","format":"standard","meta":{"site-sidebar-layout":"default","site-content-layout":"","ast-site-content-layout":"default","site-content-style":"default","site-sidebar-style":"default","ast-global-header-display":"","ast-banner-title-visibility":"","ast-main-header-display":"","ast-hfb-above-header-display":"","ast-hfb-below-header-display":"","ast-hfb-mobile-header-display":"","site-post-title":"","ast-breadcrumbs-content":"","ast-featured-img":"","footer-sml-layout":"","theme-transparent-header-meta":"","adv-header-id-meta":"","stick-header-meta":"","header-above-stick-meta":"","header-main-stick-meta":"","header-below-stick-meta":"","astra-migrate-meta-layouts":"default","ast-page-background-enabled":"default","ast-page-background-meta":{"desktop":{"background-color":"var(--ast-global-color-4)","background-image":"","background-repeat":"repeat","background-position":"center center","background-size":"auto","background-attachment":"scroll","background-type":"","background-media":"","overlay-type":"","overlay-color":"","overlay-opacity":"","overlay-gradient":""},"tablet":{"background-color":"","background-image":"","background-repeat":"repeat","background-position":"center center","background-size":"auto","background-attachment":"scroll","background-type":"","background-media":"","overlay-type":"","overlay-color":"","overlay-opacity":"","overlay-gradient":""},"mobile":{"background-color":"","background-image":"","background-repeat":"repeat","background-position":"center center","background-size":"auto","background-attachment":"scroll","background-type":"","background-media":"","overlay-type":"","overlay-color":"","overlay-opacity":"","overlay-gradient":""}},"ast-content-background-meta":{"desktop":{"background-color":"var(--ast-global-color-5)","background-image":"","background-repeat":"repeat","background-position":"center center","background-size":"auto","background-attachment":"scroll","background-type":"","background-media":"","overlay-type":"","overlay-color":"","overlay-opacity":"","overlay-gradient":""},"tablet":{"background-color":"var(--ast-global-color-5)","background-image":"","background-repeat":"repeat","background-position":"center center","background-size":"auto","background-attachment":"scroll","background-type":"","background-media":"","overlay-type":"","overlay-color":"","overlay-opacity":"","overlay-gradient":""},"mobile":{"background-color":"var(--ast-global-color-5)","background-image":"","background-repeat":"repeat","background-position":"center center","background-size":"auto","background-attachment":"scroll","background-type":"","background-media":"","overlay-type":"","overlay-color":"","overlay-opacity":"","overlay-gradient":""}},"footnotes":""},"categories":[8],"tags":[2513,15013,15012],"class_list":["post-46041","post","type-post","status-publish","format-standard","has-post-thumbnail","hentry","category-noticias","tag-alta-costura","tag-modistas","tag-paco-rabanne"],"_links":{"self":[{"href":"https:\/\/losperiodistas.com.mx\/portal\/wp-json\/wp\/v2\/posts\/46041","targetHints":{"allow":["GET"]}}],"collection":[{"href":"https:\/\/losperiodistas.com.mx\/portal\/wp-json\/wp\/v2\/posts"}],"about":[{"href":"https:\/\/losperiodistas.com.mx\/portal\/wp-json\/wp\/v2\/types\/post"}],"author":[{"embeddable":true,"href":"https:\/\/losperiodistas.com.mx\/portal\/wp-json\/wp\/v2\/users\/1"}],"replies":[{"embeddable":true,"href":"https:\/\/losperiodistas.com.mx\/portal\/wp-json\/wp\/v2\/comments?post=46041"}],"version-history":[{"count":1,"href":"https:\/\/losperiodistas.com.mx\/portal\/wp-json\/wp\/v2\/posts\/46041\/revisions"}],"predecessor-version":[{"id":46043,"href":"https:\/\/losperiodistas.com.mx\/portal\/wp-json\/wp\/v2\/posts\/46041\/revisions\/46043"}],"wp:featuredmedia":[{"embeddable":true,"href":"https:\/\/losperiodistas.com.mx\/portal\/wp-json\/wp\/v2\/media\/46042"}],"wp:attachment":[{"href":"https:\/\/losperiodistas.com.mx\/portal\/wp-json\/wp\/v2\/media?parent=46041"}],"wp:term":[{"taxonomy":"category","embeddable":true,"href":"https:\/\/losperiodistas.com.mx\/portal\/wp-json\/wp\/v2\/categories?post=46041"},{"taxonomy":"post_tag","embeddable":true,"href":"https:\/\/losperiodistas.com.mx\/portal\/wp-json\/wp\/v2\/tags?post=46041"}],"curies":[{"name":"wp","href":"https:\/\/api.w.org\/{rel}","templated":true}]}}