{"id":46036,"date":"2023-02-03T08:11:02","date_gmt":"2023-02-03T14:11:02","guid":{"rendered":"http:\/\/losperiodistas.com.mx\/portal\/?p=46036"},"modified":"2023-02-03T08:12:07","modified_gmt":"2023-02-03T14:12:07","slug":"comienza-la-peregrinacion-ecumenica-de-paz-de-francisco-a-sudan-del-sur","status":"publish","type":"post","link":"https:\/\/losperiodistas.com.mx\/portal\/comienza-la-peregrinacion-ecumenica-de-paz-de-francisco-a-sudan-del-sur\/","title":{"rendered":"Comienza la peregrinaci\u00f3n ecum\u00e9nica de paz de Francisco a Sud\u00e1n del Sur | Vatican News"},"content":{"rendered":"\n<p class=\"has-background has-medium-font-size\" style=\"background-color:#fc0202\">Despu\u00e9s de tres d\u00edas intensos en la Rep\u00fablica Democr\u00e1tica del Congo, el Pont\u00edfice lleg\u00f3 a Sud\u00e1n del Sur, donde cumple la \u00faltima etapa de su 40\u00ba viaje apost\u00f3lico internacional, que comenz\u00f3 el martes 31 de enero y termina el domingo 5 de febrero.<\/p>\n\n\n\n<figure class=\"wp-block-image size-large is-style-default\"><img fetchpriority=\"high\" decoding=\"async\" width=\"1024\" height=\"576\" src=\"https:\/\/losperiodistas.com.mx\/portal\/wp-content\/uploads\/2023\/02\/cq5dam.thumbnail.cropped.1500.844-1024x576.jpeg\" alt=\"\" class=\"wp-image-46037\" srcset=\"https:\/\/losperiodistas.com.mx\/portal\/wp-content\/uploads\/2023\/02\/cq5dam.thumbnail.cropped.1500.844-1024x576.jpeg 1024w, https:\/\/losperiodistas.com.mx\/portal\/wp-content\/uploads\/2023\/02\/cq5dam.thumbnail.cropped.1500.844-300x169.jpeg 300w, https:\/\/losperiodistas.com.mx\/portal\/wp-content\/uploads\/2023\/02\/cq5dam.thumbnail.cropped.1500.844-768x432.jpeg 768w, https:\/\/losperiodistas.com.mx\/portal\/wp-content\/uploads\/2023\/02\/cq5dam.thumbnail.cropped.1500.844.jpeg 1500w\" sizes=\"(max-width: 1024px) 100vw, 1024px\" \/><figcaption>Un ni\u00f1o sudan\u00e9s regala una paloma al Papa. (Vatican Media)<\/figcaption><\/figure>\n\n\n\n<p class=\"has-vivid-red-color has-text-color has-medium-font-size\"><strong>SEBASTI\u00c1N SANS\u00d3N FERRARI \/ VATICAN NEWS<\/strong><\/p>\n\n\n\n<p>El avi\u00f3n del Papa Francisco ha aterrizado a las 14:45 (hora local) en el Aeropuerto Internacional de Yuba, capital de Sud\u00e1n del Sur. En este pa\u00eds el Pont\u00edfice encabeza una peregrinaci\u00f3n ecum\u00e9nica de paz, acompa\u00f1ado por el Arzobispo de Canterbury, Justin Welby, y el Moderador de la Asamblea General de la Iglesia de Escocia, Iain Greenshields.<\/p>\n\n\n\n<p>Es recibido por el Presidente de la Rep\u00fablica, el Se\u00f1or Salva Kiir Mayardit, de la tribu Dinka, es el primer mandatario de Sud\u00e1n del Sur independiente, tras la secesi\u00f3n del sur el 9 de julio de 2011.<\/p>\n\n\n\n<p>Dos ni\u00f1os ataviados con trajes tradicionales obsequian flores al Obispo de Roma. Posteriormente, el Pasa pasa ante la Guardia de Honor, se entonan los himnos y se efect\u00faan los honores a las banderas.<\/p>\n\n\n\n<h2 class=\"has-pale-cyan-blue-background-color has-background has-medium-font-size wp-block-heading\"><a href=\"https:\/\/www.vaticannews.va\/es\/papa\/news\/2023-02\/papa-francisco-viaje-apostolico-despedida-rdcongo.html\">Francisco se despide de la Rep\u00fablica Democr\u00e1tica del Congo<\/a><\/h2>\n\n\n\n<p>A las 10.49 horas, el avi\u00f3n del Papa despeg\u00f3 del aeropuerto internacional de Kinshasa con destino a Yuba, para iniciar la segunda etapa de su viaje apost\u00f3lico en \u00c1frica, la de &#8230;<\/p>\n\n\n\n<p>Sucesivamente, el Papa y el Presidente se dirigen hacia la Sala VIP donde se present\u00f3 a las delegaciones y ambos tienen un breve encuentro privado. En un coche cerrado, Bergoglio se traslada hacia el Palacio Presidencial, que es la residencia oficial del Presidente de la Rep\u00fablica, recorriendo un trayecto de 5 kil\u00f3metros. El Palacio se encuentra junto al Mausoleo \u201cJohn Garang\u201d, un edificio donde se re\u00fane la Asamblea Legislativa Nacional, y el complejo de Ministerios construido entre 1974 y 1978 por el gobierno regional, en la \u00e9poca de los Acuerdos de Paz de Addis Abeba.<\/p>\n\n\n\n<p>El Santo Padre realiza la visita de cortes\u00eda al primer mandatario. El Papa es recibido junto a Welby y Greenshields a la entrada del Palacio, donde posan para una foto y Francisco firma el Libro de Honor. Francisco y el Jefe de Estado toman el ascensor hasta el estudio del Presidente, donde tiene lugar un encuentro privado.<\/p>\n\n\n\n<p>Tras la foto oficial y el intercambio de regalos, el mandatario presenta a su familia. En paralelo, en la sala adyacente, est\u00e1n reunidos los Vicepresidentes de Sud\u00e1n del Sur junto al Cardenal Pietro Parolin, Secretario de Estado del Vaticano; el Cardenal Kurt Koch, Prefecto del Dicasterio para la Promoci\u00f3n de la Unidad de los Cristianos; Monse\u00f1or Edgar Pe\u00f1a Parra, Sustituto de la Secretar\u00eda de Estado; Monse\u00f1or Paul Richard Gallagher, Secretario para las Relaciones con los Estados y las Organizaciones internacionales; el Nuncio Apost\u00f3lico, el Arzobispo de Canterbury y&nbsp;el Moderador de la Asamblea General de la Iglesia de Escocia.<\/p>\n\n\n\n<p>Francisco se re\u00fane, a su vez, con los Vicepresidentes de la Rep\u00fablica:&nbsp;Riek Machar Teny Dhurgo (SPLM-IO), James Wani Igga (SPLM), Taban Deng Gai (SPLM-IO), Rebecca Nyandeng Garang De Mabior, esposa de John Garang, y Hussein Abdelbagi (Sud\u00e1n del Sur). Alianza Opositora).<\/p>\n\n\n\n<h2 class=\"wp-block-heading\">Los compromisos del Papa en Sud\u00e1n del Sur<\/h2>\n\n\n\n<p>En la tarde de hoy, la agenda oficial del Pont\u00edfice incluye un encuentro con las autoridades, la sociedad civil y el Cuerpo Diplom\u00e1tico en el jard\u00edn del Palacio Presidencial.<\/p>\n\n\n\n<p>Este s\u00e1bado 4 de febrero, en cambio, el Papa se re\u00fane con los obispos, sacerdotes, religiosos y seminaristas en la Catedral de Santa Teresa, luego con los miembros de la Compa\u00f1\u00eda de Jes\u00fas en la Nunciatura Apost\u00f3lica y con los desplazados internos en el \u00abFreedom Hall\u00bb. Tambi\u00e9n preside una oraci\u00f3n ecum\u00e9nica en el Mausoleo John Garang.<\/p>\n\n\n\n<p>El domingo 5 de febrero, \u00faltimo d\u00eda de su 40\u00ba viaje apost\u00f3lico, Bergoglio celebra la santa misa en el Mausoleo y sale a las 11:30 hacia Roma, llegando al Aeropuerto Internacional de Roma-Fiumicino alrededor de las cinco y media de la tarde.<\/p>\n\n\n\n<figure class=\"wp-block-table\"><table><tbody><tr><td><\/td><td>&nbsp;<\/td><\/tr><tr><td>&nbsp;<\/td><td>&nbsp;<\/td><\/tr><\/tbody><\/table><\/figure>\n\n\n\n<p class=\"has-pale-cyan-blue-background-color has-background\"><strong><a href=\"https:\/\/www.vaticannews.va\/es\/mundo\/news\/2023-02\/desafios-socio-politicos-sudan-del-sur-miklos-gosztonyi.html\"><\/a>03\/02\/2023 <a href=\"https:\/\/www.vaticannews.va\/es\/mundo\/news\/2023-02\/desafios-socio-politicos-sudan-del-sur-miklos-gosztonyi.html\">Sud\u00e1n del Sur. Un viaje bajo el signo de la reconciliaci\u00f3n<\/a>En el primer d\u00eda de la peregrinaci\u00f3n ecum\u00e9nica de paz a Sud\u00e1n del Sur, presidida por el<\/strong><\/p>\n\n\n\n<p>Fuente: <a href=\"https:\/\/www.vaticannews.va\/es\/papa\/news\/2023-02\/inicio-peregrinacion-ecumenica-paz-papa-a-sudan-del-sur.html\">https:\/\/www.vaticannews.va\/es\/papa\/news\/2023-02\/inicio-peregrinacion-ecumenica-paz-papa-a-sudan-del-sur.html<\/a><\/p>\n","protected":false},"excerpt":{"rendered":"<p>Despu\u00e9s de tres d\u00edas intensos en la Rep\u00fablica Democr\u00e1tica del Congo, el Pont\u00edfice lleg\u00f3 a Sud\u00e1n del Sur, donde cumple [&hellip;]<\/p>\n","protected":false},"author":1,"featured_media":46037,"comment_status":"open","ping_status":"open","sticky":false,"template":"","format":"standard","meta":{"site-sidebar-layout":"default","site-content-layout":"","ast-site-content-layout":"default","site-content-style":"default","site-sidebar-style":"default","ast-global-header-display":"","ast-banner-title-visibility":"","ast-main-header-display":"","ast-hfb-above-header-display":"","ast-hfb-below-header-display":"","ast-hfb-mobile-header-display":"","site-post-title":"","ast-breadcrumbs-content":"","ast-featured-img":"","footer-sml-layout":"","theme-transparent-header-meta":"","adv-header-id-meta":"","stick-header-meta":"","header-above-stick-meta":"","header-main-stick-meta":"","header-below-stick-meta":"","astra-migrate-meta-layouts":"default","ast-page-background-enabled":"default","ast-page-background-meta":{"desktop":{"background-color":"var(--ast-global-color-4)","background-image":"","background-repeat":"repeat","background-position":"center center","background-size":"auto","background-attachment":"scroll","background-type":"","background-media":"","overlay-type":"","overlay-color":"","overlay-opacity":"","overlay-gradient":""},"tablet":{"background-color":"","background-image":"","background-repeat":"repeat","background-position":"center center","background-size":"auto","background-attachment":"scroll","background-type":"","background-media":"","overlay-type":"","overlay-color":"","overlay-opacity":"","overlay-gradient":""},"mobile":{"background-color":"","background-image":"","background-repeat":"repeat","background-position":"center center","background-size":"auto","background-attachment":"scroll","background-type":"","background-media":"","overlay-type":"","overlay-color":"","overlay-opacity":"","overlay-gradient":""}},"ast-content-background-meta":{"desktop":{"background-color":"var(--ast-global-color-5)","background-image":"","background-repeat":"repeat","background-position":"center center","background-size":"auto","background-attachment":"scroll","background-type":"","background-media":"","overlay-type":"","overlay-color":"","overlay-opacity":"","overlay-gradient":""},"tablet":{"background-color":"var(--ast-global-color-5)","background-image":"","background-repeat":"repeat","background-position":"center center","background-size":"auto","background-attachment":"scroll","background-type":"","background-media":"","overlay-type":"","overlay-color":"","overlay-opacity":"","overlay-gradient":""},"mobile":{"background-color":"var(--ast-global-color-5)","background-image":"","background-repeat":"repeat","background-position":"center center","background-size":"auto","background-attachment":"scroll","background-type":"","background-media":"","overlay-type":"","overlay-color":"","overlay-opacity":"","overlay-gradient":""}},"footnotes":""},"categories":[8],"tags":[7274,196,15011],"class_list":["post-46036","post","type-post","status-publish","format-standard","has-post-thumbnail","hentry","category-noticias","tag-ecumenismo","tag-papa-francisco","tag-sudan"],"_links":{"self":[{"href":"https:\/\/losperiodistas.com.mx\/portal\/wp-json\/wp\/v2\/posts\/46036","targetHints":{"allow":["GET"]}}],"collection":[{"href":"https:\/\/losperiodistas.com.mx\/portal\/wp-json\/wp\/v2\/posts"}],"about":[{"href":"https:\/\/losperiodistas.com.mx\/portal\/wp-json\/wp\/v2\/types\/post"}],"author":[{"embeddable":true,"href":"https:\/\/losperiodistas.com.mx\/portal\/wp-json\/wp\/v2\/users\/1"}],"replies":[{"embeddable":true,"href":"https:\/\/losperiodistas.com.mx\/portal\/wp-json\/wp\/v2\/comments?post=46036"}],"version-history":[{"count":2,"href":"https:\/\/losperiodistas.com.mx\/portal\/wp-json\/wp\/v2\/posts\/46036\/revisions"}],"predecessor-version":[{"id":46040,"href":"https:\/\/losperiodistas.com.mx\/portal\/wp-json\/wp\/v2\/posts\/46036\/revisions\/46040"}],"wp:featuredmedia":[{"embeddable":true,"href":"https:\/\/losperiodistas.com.mx\/portal\/wp-json\/wp\/v2\/media\/46037"}],"wp:attachment":[{"href":"https:\/\/losperiodistas.com.mx\/portal\/wp-json\/wp\/v2\/media?parent=46036"}],"wp:term":[{"taxonomy":"category","embeddable":true,"href":"https:\/\/losperiodistas.com.mx\/portal\/wp-json\/wp\/v2\/categories?post=46036"},{"taxonomy":"post_tag","embeddable":true,"href":"https:\/\/losperiodistas.com.mx\/portal\/wp-json\/wp\/v2\/tags?post=46036"}],"curies":[{"name":"wp","href":"https:\/\/api.w.org\/{rel}","templated":true}]}}