{"id":45979,"date":"2023-02-02T10:24:34","date_gmt":"2023-02-02T16:24:34","guid":{"rendered":"http:\/\/losperiodistas.com.mx\/portal\/?p=45979"},"modified":"2023-02-02T10:24:36","modified_gmt":"2023-02-02T16:24:36","slug":"monologos-de-menade-si-los-aspirantes-fueran-tamales-porque-dia-de-la-candelaria","status":"publish","type":"post","link":"https:\/\/losperiodistas.com.mx\/portal\/monologos-de-menade-si-los-aspirantes-fueran-tamales-porque-dia-de-la-candelaria\/","title":{"rendered":"Mon\u00f3logos de M\u00e9nade | Si los aspirantes fueran tamales\u2026 Porque d\u00eda de la Candelaria"},"content":{"rendered":"\n<figure class=\"wp-block-image size-large is-style-default\"><img fetchpriority=\"high\" decoding=\"async\" width=\"1024\" height=\"576\" src=\"https:\/\/losperiodistas.com.mx\/portal\/wp-content\/uploads\/2023\/02\/ezgif.com-gif-maker-1024x576.jpg\" alt=\"\" class=\"wp-image-45980\" srcset=\"https:\/\/losperiodistas.com.mx\/portal\/wp-content\/uploads\/2023\/02\/ezgif.com-gif-maker-1024x576.jpg 1024w, https:\/\/losperiodistas.com.mx\/portal\/wp-content\/uploads\/2023\/02\/ezgif.com-gif-maker-300x169.jpg 300w, https:\/\/losperiodistas.com.mx\/portal\/wp-content\/uploads\/2023\/02\/ezgif.com-gif-maker-768x432.jpg 768w, https:\/\/losperiodistas.com.mx\/portal\/wp-content\/uploads\/2023\/02\/ezgif.com-gif-maker.jpg 1200w\" sizes=\"(max-width: 1024px) 100vw, 1024px\" \/><\/figure>\n\n\n\n<p><\/p>\n\n\n\n<p class=\"has-vivid-red-color has-text-color\" style=\"font-size:26px\"><strong><em>Por Itandehui Rodr\u00edguez<\/em><\/strong><\/p>\n\n\n\n<p>@Itandehui_RoMa<\/p>\n\n\n\n<p>Por fin lleg\u00f3 el \u00faltimo d\u00eda de comer como loquitos, porque varias y varios andaban muy \u2018destrampaditos\u2019.<\/p>\n\n\n\n<p>Espero que paguen sus deudas, porque \u201clas deudas de la Rosca de Reyes son deudas de honor\u201d y los tamales son simplemente imperdonables en este d\u00eda de la Candelaria.<\/p>\n\n\n\n<p>Pero entremos en materia, sabemos bien que entre los tamales, como entre los pol\u00edticos, siempre preferimos a alguno.<\/p>\n\n\n\n<p>Hablemos de tamales:<\/p>\n\n\n\n<p><strong>El tamal de mole<\/strong>. Por supuesto que para los poblanos, el tamal de mole es el rey, es el que m\u00e1s le gusta a todos, es dulce pero tambi\u00e9n salado, casi siempre lleva pollo y es la carne que menos da\u00f1o hace. Es el que m\u00e1s f\u00e1cil comemos todos, para acabar pronto.<\/p>\n\n\n\n<p><strong>El tamal de rajas.&nbsp;<\/strong>No es del gusto de cualquiera, primero porque sabemos que es altamente probable que las rajas piquen. Luego, el queso, a veces sale muy salado y no es del agrado de mucha gente. Adem\u00e1s es seco. Si no queda de otra, pues te lo comes, pero la realidad es que pocos lo buscan.<\/p>\n\n\n\n<p><strong>El tamal de dulce<\/strong>. Puede enga\u00f1arnos, a veces lleva crema y a veces pasas, con crema le gusta a m\u00e1s gente, con pasas no. El problema es que solo podemos saberlo hasta desenvolverlo y a\u00fan cu\u00e1ndo le quites las pasas, el sabor permanece.<\/p>\n\n\n\n<p><strong>El tamal de salsa verde.<\/strong>&nbsp;A una buena cantidad de gente le gusta, algunos lo prefieren m\u00e1s con cerdo, otros con pollo, hay quienes hasta les cae bien con queso, pero, en t\u00e9rminos generales, el de salsa verde le va bien a la mayor\u00eda.<\/p>\n\n\n\n<p><strong>El tamal jarocho.&nbsp;<\/strong>Si bien no es poblano, se ha ganado un lugar entre nosotros y hay que reconocerlo, es sabroso. Es m\u00e1s h\u00famedo y menos poroso, pero el sabor que le da la hojita santa con esa salsita roja, agrada a m\u00e1s de uno.<\/p>\n\n\n\n<p>Si pudi\u00e9ramos trasladar las caracter\u00edsticas de los tamales a los aspirantes a la gubernatura de Puebla, \u00bfqui\u00e9n ser\u00eda cu\u00e1l?<\/p>\n\n\n\n<p>\u00bfAlejandro Armenta qu\u00e9 tamal creen que ser\u00eda?<br>\u00bfY Eduardo Rivera?<br>\u00bfNacho Mier?<br>\u00bfJulio Huerta?<br>\u00bfHumberto Aguilar Coronado?<\/p>\n\n\n\n<p>Ah\u00ed se los dejo de tarea, escr\u00edbanme y d\u00edganme.<\/p>\n","protected":false},"excerpt":{"rendered":"<p>Por Itandehui Rodr\u00edguez @Itandehui_RoMa Por fin lleg\u00f3 el \u00faltimo d\u00eda de comer como loquitos, porque varias y varios andaban muy [&hellip;]<\/p>\n","protected":false},"author":1,"featured_media":45980,"comment_status":"open","ping_status":"open","sticky":false,"template":"","format":"standard","meta":{"site-sidebar-layout":"default","site-content-layout":"","ast-site-content-layout":"default","site-content-style":"default","site-sidebar-style":"default","ast-global-header-display":"","ast-banner-title-visibility":"","ast-main-header-display":"","ast-hfb-above-header-display":"","ast-hfb-below-header-display":"","ast-hfb-mobile-header-display":"","site-post-title":"","ast-breadcrumbs-content":"","ast-featured-img":"","footer-sml-layout":"","theme-transparent-header-meta":"","adv-header-id-meta":"","stick-header-meta":"","header-above-stick-meta":"","header-main-stick-meta":"","header-below-stick-meta":"","astra-migrate-meta-layouts":"default","ast-page-background-enabled":"default","ast-page-background-meta":{"desktop":{"background-color":"var(--ast-global-color-4)","background-image":"","background-repeat":"repeat","background-position":"center center","background-size":"auto","background-attachment":"scroll","background-type":"","background-media":"","overlay-type":"","overlay-color":"","overlay-opacity":"","overlay-gradient":""},"tablet":{"background-color":"","background-image":"","background-repeat":"repeat","background-position":"center center","background-size":"auto","background-attachment":"scroll","background-type":"","background-media":"","overlay-type":"","overlay-color":"","overlay-opacity":"","overlay-gradient":""},"mobile":{"background-color":"","background-image":"","background-repeat":"repeat","background-position":"center center","background-size":"auto","background-attachment":"scroll","background-type":"","background-media":"","overlay-type":"","overlay-color":"","overlay-opacity":"","overlay-gradient":""}},"ast-content-background-meta":{"desktop":{"background-color":"var(--ast-global-color-5)","background-image":"","background-repeat":"repeat","background-position":"center center","background-size":"auto","background-attachment":"scroll","background-type":"","background-media":"","overlay-type":"","overlay-color":"","overlay-opacity":"","overlay-gradient":""},"tablet":{"background-color":"var(--ast-global-color-5)","background-image":"","background-repeat":"repeat","background-position":"center center","background-size":"auto","background-attachment":"scroll","background-type":"","background-media":"","overlay-type":"","overlay-color":"","overlay-opacity":"","overlay-gradient":""},"mobile":{"background-color":"var(--ast-global-color-5)","background-image":"","background-repeat":"repeat","background-position":"center center","background-size":"auto","background-attachment":"scroll","background-type":"","background-media":"","overlay-type":"","overlay-color":"","overlay-opacity":"","overlay-gradient":""}},"footnotes":""},"categories":[8,22],"tags":[15007,5486,15006],"class_list":["post-45979","post","type-post","status-publish","format-standard","has-post-thumbnail","hentry","category-noticias","category-opinion-invitada","tag-aspirantes-puebla","tag-elecciones-2024","tag-puebla-politica"],"_links":{"self":[{"href":"https:\/\/losperiodistas.com.mx\/portal\/wp-json\/wp\/v2\/posts\/45979","targetHints":{"allow":["GET"]}}],"collection":[{"href":"https:\/\/losperiodistas.com.mx\/portal\/wp-json\/wp\/v2\/posts"}],"about":[{"href":"https:\/\/losperiodistas.com.mx\/portal\/wp-json\/wp\/v2\/types\/post"}],"author":[{"embeddable":true,"href":"https:\/\/losperiodistas.com.mx\/portal\/wp-json\/wp\/v2\/users\/1"}],"replies":[{"embeddable":true,"href":"https:\/\/losperiodistas.com.mx\/portal\/wp-json\/wp\/v2\/comments?post=45979"}],"version-history":[{"count":1,"href":"https:\/\/losperiodistas.com.mx\/portal\/wp-json\/wp\/v2\/posts\/45979\/revisions"}],"predecessor-version":[{"id":45981,"href":"https:\/\/losperiodistas.com.mx\/portal\/wp-json\/wp\/v2\/posts\/45979\/revisions\/45981"}],"wp:featuredmedia":[{"embeddable":true,"href":"https:\/\/losperiodistas.com.mx\/portal\/wp-json\/wp\/v2\/media\/45980"}],"wp:attachment":[{"href":"https:\/\/losperiodistas.com.mx\/portal\/wp-json\/wp\/v2\/media?parent=45979"}],"wp:term":[{"taxonomy":"category","embeddable":true,"href":"https:\/\/losperiodistas.com.mx\/portal\/wp-json\/wp\/v2\/categories?post=45979"},{"taxonomy":"post_tag","embeddable":true,"href":"https:\/\/losperiodistas.com.mx\/portal\/wp-json\/wp\/v2\/tags?post=45979"}],"curies":[{"name":"wp","href":"https:\/\/api.w.org\/{rel}","templated":true}]}}