{"id":45953,"date":"2023-02-02T07:57:09","date_gmt":"2023-02-02T13:57:09","guid":{"rendered":"http:\/\/losperiodistas.com.mx\/portal\/?p=45953"},"modified":"2023-02-02T07:57:11","modified_gmt":"2023-02-02T13:57:11","slug":"enero-de-bajon-aprobacion-de-amlo-cae-a-54-primer-mes-de-2023-segun-encuesta-ef","status":"publish","type":"post","link":"https:\/\/losperiodistas.com.mx\/portal\/enero-de-bajon-aprobacion-de-amlo-cae-a-54-primer-mes-de-2023-segun-encuesta-ef\/","title":{"rendered":"Enero \u2018de baj\u00f3n\u2019: Aprobaci\u00f3n de AMLO cae a 54% primer mes de 2023, seg\u00fan encuesta EF"},"content":{"rendered":"\n<h2 class=\"has-pale-cyan-blue-background-color has-background has-medium-font-size wp-block-heading\">El 50 por ciento eval\u00faa favorablemente los apoyos sociales; hay 52 por ciento de opini\u00f3n desfavorable en manejo de econom\u00eda.<\/h2>\n\n\n\n<figure class=\"wp-block-image size-large is-style-default\"><img fetchpriority=\"high\" decoding=\"async\" width=\"1024\" height=\"682\" src=\"https:\/\/losperiodistas.com.mx\/portal\/wp-content\/uploads\/2023\/02\/Captura-de-Pantalla-2023-02-02-a-las-7.53.18-1024x682.jpg\" alt=\"\" class=\"wp-image-45954\" srcset=\"https:\/\/losperiodistas.com.mx\/portal\/wp-content\/uploads\/2023\/02\/Captura-de-Pantalla-2023-02-02-a-las-7.53.18-1024x682.jpg 1024w, https:\/\/losperiodistas.com.mx\/portal\/wp-content\/uploads\/2023\/02\/Captura-de-Pantalla-2023-02-02-a-las-7.53.18-300x200.jpg 300w, https:\/\/losperiodistas.com.mx\/portal\/wp-content\/uploads\/2023\/02\/Captura-de-Pantalla-2023-02-02-a-las-7.53.18-768x511.jpg 768w, https:\/\/losperiodistas.com.mx\/portal\/wp-content\/uploads\/2023\/02\/Captura-de-Pantalla-2023-02-02-a-las-7.53.18-1536x1022.jpg 1536w, https:\/\/losperiodistas.com.mx\/portal\/wp-content\/uploads\/2023\/02\/Captura-de-Pantalla-2023-02-02-a-las-7.53.18.jpg 1836w\" sizes=\"(max-width: 1024px) 100vw, 1024px\" \/><figcaption><strong>Andr\u00e9s Mauel L\u00f3pez Obrador\u00a0<\/strong>Aprobaci\u00f3n de AMLO cae dos puntos en enero\u00a0(Cuartoscuro)<\/figcaption><\/figure>\n\n\n\n<p class=\"has-vivid-red-color has-text-color has-medium-font-size\"><strong>ALEJANDRO MORENO \/ EL FINANCIERO<\/strong><\/p>\n\n\n\n<p>El presidente Andr\u00e9s Manuel L\u00f3pez Obrador obtuvo 54 por ciento de aprobaci\u00f3n ciudadana en enero, y una desaprobaci\u00f3n de 45 por ciento, el nivel m\u00e1s alto observado en los \u00faltimos 12 meses. As\u00ed lo revela la encuesta nacional de EL FINANCIERO, realizada v\u00eda telef\u00f3nica a mil 300 personas adultas, durante enero.<\/p>\n\n\n\n<figure class=\"wp-block-image is-style-default\"><img decoding=\"async\" src=\"https:\/\/www.elfinanciero.com.mx\/resizer\/15zANGsD_Vl_AK5G8b9ZRIyOl4Q=\/1440x0\/filters:format(jpg):quality(70)\/cloudfront-us-east-1.images.arcpublishing.com\/elfinanciero\/EU66MXWPRRHFJHUODOWRWQPWMQ.jpg\" alt=\"\"\/><figcaption><strong>Encuesta AMLO&nbsp;<\/strong>Baja dos puntos aprobaci\u00f3n de AMLO en el \u00faltimo mes&nbsp;(Especial)<\/figcaption><\/figure>\n\n\n\n<p>De acuerdo con el estudio, la aprobaci\u00f3n est\u00e1 dos puntos porcentuales por debajo de lo registrado en el mes previo, pero la imagen del mandatario s\u00ed cay\u00f3 un poco m\u00e1s: en el atributo de honestidad, la opini\u00f3n favorable baj\u00f3 de 57 a 52 por ciento, entre diciembre y enero; la imagen positiva de liderazgo baj\u00f3 de 52 a 48 por ciento, y la opini\u00f3n positiva respecto de la capacidad de resultados disminuy\u00f3 de 45 a 39 por ciento. En enero del a\u00f1o pasado la imagen presidencial en estos tres rubros tambi\u00e9n baj\u00f3, en ese momento entre dos y ocho puntos porcentuales.<\/p>\n\n\n\n<figure class=\"wp-block-image is-style-default\"><img decoding=\"async\" src=\"https:\/\/www.elfinanciero.com.mx\/resizer\/IRvogESVjaJcClu8dbNGJXHyhm0=\/1440x0\/filters:format(jpg):quality(70)\/cloudfront-us-east-1.images.arcpublishing.com\/elfinanciero\/H6JROEP4YJCJNO7MNIAAUXJO4A.jpg\" alt=\"\"\/><figcaption><strong>Encuesta AMLO&nbsp;<\/strong>Rubros de honestidad y liderazgo de AMLO tambi\u00e9n van a la baja&nbsp;(Especial)<\/figcaption><\/figure>\n\n\n\n<p>Al preguntar c\u00f3mo calificar\u00edan el desempe\u00f1o de gobierno en materia econ\u00f3mica, la opini\u00f3n favorable baj\u00f3 de 41 a 31 por ciento, de diciembre a enero, reflejando, en buena medida, las dificultades de la \u2018cuesta de enero\u2019. Por otra parte, la opini\u00f3n negativa subi\u00f3 de 46 a 52 por ciento.<\/p>\n\n\n\n<p>En materia de seguridad p\u00fablica, la encuesta de EL FINANCIERO indica que la opini\u00f3n positiva del desempe\u00f1o gubernamental baj\u00f3 de 36 a 26 por ciento, mientras que la opini\u00f3n negativa subi\u00f3 de 52 a 57 por ciento.<\/p>\n\n\n\n<p>El desempe\u00f1o en materia de corrupci\u00f3n tambi\u00e9n registr\u00f3 cambios, al bajar la opini\u00f3n positiva, de 43 a 35 por ciento, entre diciembre y enero pasado, mientras que la opini\u00f3n negativa subi\u00f3 de 39 a 44 por ciento.<\/p>\n\n\n\n<p>Los apoyos sociales los calific\u00f3 favorablemente 50 por ciento de las personas entrevistadas, mientras que 31 por ciento los calific\u00f3 desfavorablemente.<\/p>\n\n\n\n<figure class=\"wp-block-image is-style-default\"><img decoding=\"async\" src=\"https:\/\/www.elfinanciero.com.mx\/resizer\/UP9hpIomYOxtGiX_Xy49aFakx3g=\/1440x0\/filters:format(jpg):quality(70)\/cloudfront-us-east-1.images.arcpublishing.com\/elfinanciero\/EP4JT7NQFJFLDANRUSOIBMZ4PM.jpg\" alt=\"\"\/><figcaption><strong>Encuesta AMLO&nbsp;<\/strong>Ciudadanos califican negativamente a AMLO en econom\u00eda, seguridad p\u00fablica y corrupci\u00f3n&nbsp;(Especial)<\/figcaption><\/figure>\n\n\n\n<p>Al preguntar la opini\u00f3n acerca de las obras de gobierno del presidente L\u00f3pez Obrador, lo mejor evaluado es el Banco del Bienestar, con 48 por ciento de opini\u00f3n favorable, seguido por la refiner\u00eda de Dos Bocas, con 44 por ciento; el Aeropuerto Felipe \u00c1ngeles, con 43 por ciento, y hasta abajo el Tren Maya, con 41 por ciento.<\/p>\n\n\n\n<p>No obstante, el Tren Maya es lo que m\u00e1s divide opiniones, al registrar 39 por ciento de opini\u00f3n negativa.<\/p>\n\n\n\n<p>En comparaci\u00f3n con las obras del gobierno, la Guardia Nacional obtiene una opini\u00f3n positiva de 58 por ciento, mientras que las conferencias matutinas registran 42 por ciento.<\/p>\n\n\n\n<p>Al comparar la opini\u00f3n sobre las obras de gobierno en meses anteriores, se observa que el apoyo ha disminuido. Por ejemplo, en agosto pasado, el AIFA, la refiner\u00eda y el Tren Maya captaban 54, 58 y 57 por ciento de opini\u00f3n favorable; en enero, la misma era 11, 14 y 16 puntos m\u00e1s baja para cada obra, respectivamente.<\/p>\n\n\n\n<figure class=\"wp-block-image is-style-default\"><img decoding=\"async\" src=\"https:\/\/www.elfinanciero.com.mx\/resizer\/S4SzJ-fMNTfwYrWDKmS6MPN6vl0=\/1440x0\/filters:format(jpg):quality(70)\/cloudfront-us-east-1.images.arcpublishing.com\/elfinanciero\/D7VX7SWAY5EHJBAXZFWCMUNZY4.jpg\" alt=\"\"\/><figcaption><strong>Encuesta AMLO&nbsp;<\/strong>Obras sociales reciben buena evaluaci\u00f3n ciudadana&nbsp;(Especial)<\/figcaption><\/figure>\n\n\n\n<p>Al preguntar si consideran que el pa\u00eds va por buen o por mal camino, 38 por ciento afirm\u00f3 que M\u00e9xico va por buen camino, mientras que 31 por ciento opina que va por mal camino.<\/p>\n\n\n\n<figure class=\"wp-block-image is-style-default\"><img decoding=\"async\" src=\"https:\/\/www.elfinanciero.com.mx\/resizer\/6svbhiezL0LyKCw2Et5-Omh9WQg=\/1440x0\/filters:format(jpg):quality(70)\/cloudfront-us-east-1.images.arcpublishing.com\/elfinanciero\/PLRT25BP4FAOVLGJ5SRMIDZ75M.jpg\" alt=\"\"\/><figcaption><strong>Encuesta AMLO&nbsp;<\/strong>Ciudadanos consideran que rumbo del pa\u00eds va por buen camino&nbsp;(Especial)<\/figcaption><\/figure>\n\n\n\n<p><em>Metodolog\u00eda: Encuesta nacional realizada v\u00eda telef\u00f3nica a 1,300 mexicanos adultos el 6-7, 11 y 27-28 de enero de 2023. Se hizo un muestreo probabil\u00edstico de tel\u00e9fonos residenciales y celulares en las 32 entidades federativas. Con un nivel de confianza de 95%, el margen de error de las estimaciones es de +\/-2.7 por ciento. * Pregunta realizada el 27-28 de enero (n=500).<\/em><\/p>\n\n\n\n<p><em>Patrocinio y Realizaci\u00f3n: EL FINANCIERO<\/em><\/p>\n\n\n\n<p>Fuente: <a href=\"https:\/\/www.elfinanciero.com.mx\/nacional\/2023\/02\/02\/registra-amlo-54-por-ciento-de-aprobacion-en-enero\/\">https:\/\/www.elfinanciero.com.mx\/nacional\/2023\/02\/02\/registra-amlo-54-por-ciento-de-aprobacion-en-enero\/<\/a><\/p>\n","protected":false},"excerpt":{"rendered":"<p>El 50 por ciento eval\u00faa favorablemente los apoyos sociales; hay 52 por ciento de opini\u00f3n desfavorable en manejo de econom\u00eda. [&hellip;]<\/p>\n","protected":false},"author":1,"featured_media":45954,"comment_status":"open","ping_status":"open","sticky":false,"template":"","format":"standard","meta":{"site-sidebar-layout":"default","site-content-layout":"","ast-site-content-layout":"default","site-content-style":"default","site-sidebar-style":"default","ast-global-header-display":"","ast-banner-title-visibility":"","ast-main-header-display":"","ast-hfb-above-header-display":"","ast-hfb-below-header-display":"","ast-hfb-mobile-header-display":"","site-post-title":"","ast-breadcrumbs-content":"","ast-featured-img":"","footer-sml-layout":"","theme-transparent-header-meta":"","adv-header-id-meta":"","stick-header-meta":"","header-above-stick-meta":"","header-main-stick-meta":"","header-below-stick-meta":"","astra-migrate-meta-layouts":"default","ast-page-background-enabled":"default","ast-page-background-meta":{"desktop":{"background-color":"var(--ast-global-color-4)","background-image":"","background-repeat":"repeat","background-position":"center center","background-size":"auto","background-attachment":"scroll","background-type":"","background-media":"","overlay-type":"","overlay-color":"","overlay-opacity":"","overlay-gradient":""},"tablet":{"background-color":"","background-image":"","background-repeat":"repeat","background-position":"center center","background-size":"auto","background-attachment":"scroll","background-type":"","background-media":"","overlay-type":"","overlay-color":"","overlay-opacity":"","overlay-gradient":""},"mobile":{"background-color":"","background-image":"","background-repeat":"repeat","background-position":"center center","background-size":"auto","background-attachment":"scroll","background-type":"","background-media":"","overlay-type":"","overlay-color":"","overlay-opacity":"","overlay-gradient":""}},"ast-content-background-meta":{"desktop":{"background-color":"var(--ast-global-color-5)","background-image":"","background-repeat":"repeat","background-position":"center center","background-size":"auto","background-attachment":"scroll","background-type":"","background-media":"","overlay-type":"","overlay-color":"","overlay-opacity":"","overlay-gradient":""},"tablet":{"background-color":"var(--ast-global-color-5)","background-image":"","background-repeat":"repeat","background-position":"center center","background-size":"auto","background-attachment":"scroll","background-type":"","background-media":"","overlay-type":"","overlay-color":"","overlay-opacity":"","overlay-gradient":""},"mobile":{"background-color":"var(--ast-global-color-5)","background-image":"","background-repeat":"repeat","background-position":"center center","background-size":"auto","background-attachment":"scroll","background-type":"","background-media":"","overlay-type":"","overlay-color":"","overlay-opacity":"","overlay-gradient":""}},"footnotes":""},"categories":[8],"tags":[15003],"class_list":["post-45953","post","type-post","status-publish","format-standard","has-post-thumbnail","hentry","category-noticias","tag-amlo-aceptacion-a-la-baja"],"_links":{"self":[{"href":"https:\/\/losperiodistas.com.mx\/portal\/wp-json\/wp\/v2\/posts\/45953","targetHints":{"allow":["GET"]}}],"collection":[{"href":"https:\/\/losperiodistas.com.mx\/portal\/wp-json\/wp\/v2\/posts"}],"about":[{"href":"https:\/\/losperiodistas.com.mx\/portal\/wp-json\/wp\/v2\/types\/post"}],"author":[{"embeddable":true,"href":"https:\/\/losperiodistas.com.mx\/portal\/wp-json\/wp\/v2\/users\/1"}],"replies":[{"embeddable":true,"href":"https:\/\/losperiodistas.com.mx\/portal\/wp-json\/wp\/v2\/comments?post=45953"}],"version-history":[{"count":1,"href":"https:\/\/losperiodistas.com.mx\/portal\/wp-json\/wp\/v2\/posts\/45953\/revisions"}],"predecessor-version":[{"id":45955,"href":"https:\/\/losperiodistas.com.mx\/portal\/wp-json\/wp\/v2\/posts\/45953\/revisions\/45955"}],"wp:featuredmedia":[{"embeddable":true,"href":"https:\/\/losperiodistas.com.mx\/portal\/wp-json\/wp\/v2\/media\/45954"}],"wp:attachment":[{"href":"https:\/\/losperiodistas.com.mx\/portal\/wp-json\/wp\/v2\/media?parent=45953"}],"wp:term":[{"taxonomy":"category","embeddable":true,"href":"https:\/\/losperiodistas.com.mx\/portal\/wp-json\/wp\/v2\/categories?post=45953"},{"taxonomy":"post_tag","embeddable":true,"href":"https:\/\/losperiodistas.com.mx\/portal\/wp-json\/wp\/v2\/tags?post=45953"}],"curies":[{"name":"wp","href":"https:\/\/api.w.org\/{rel}","templated":true}]}}