{"id":45950,"date":"2023-02-02T07:24:13","date_gmt":"2023-02-02T13:24:13","guid":{"rendered":"http:\/\/losperiodistas.com.mx\/portal\/?p=45950"},"modified":"2023-02-02T07:24:14","modified_gmt":"2023-02-02T13:24:14","slug":"perfilan-a-grupo-mexico-de-german-larrea-para-quedarse-con-banamex-el-economista","status":"publish","type":"post","link":"https:\/\/losperiodistas.com.mx\/portal\/perfilan-a-grupo-mexico-de-german-larrea-para-quedarse-con-banamex-el-economista\/","title":{"rendered":"Perfilan a Grupo M\u00e9xico, de German Larrea, para quedarse con Banamex\u00a0| El Economista"},"content":{"rendered":"\n<p class=\"has-light-green-cyan-background-color has-background has-medium-font-size\">El proceso de desincorporaci\u00f3n de los negocios de banca de consumo y de empresas de Citi en M\u00e9xico, se encuentra muy avanzado y la decisi\u00f3n final se dar\u00e1 a conocer en el primer trimestre.<\/p>\n\n\n\n<p><\/p>\n\n\n\n<figure class=\"wp-block-image size-large is-style-default\"><img fetchpriority=\"high\" decoding=\"async\" width=\"1024\" height=\"576\" src=\"https:\/\/losperiodistas.com.mx\/portal\/wp-content\/uploads\/2023\/02\/larrea_caurtoscuro.jpg_554688468-1024x576.jpg\" alt=\"\" class=\"wp-image-45951\" srcset=\"https:\/\/losperiodistas.com.mx\/portal\/wp-content\/uploads\/2023\/02\/larrea_caurtoscuro.jpg_554688468-1024x576.jpg 1024w, https:\/\/losperiodistas.com.mx\/portal\/wp-content\/uploads\/2023\/02\/larrea_caurtoscuro.jpg_554688468-300x169.jpg 300w, https:\/\/losperiodistas.com.mx\/portal\/wp-content\/uploads\/2023\/02\/larrea_caurtoscuro.jpg_554688468-768x432.jpg 768w, https:\/\/losperiodistas.com.mx\/portal\/wp-content\/uploads\/2023\/02\/larrea_caurtoscuro.jpg_554688468.jpg 1200w\" sizes=\"(max-width: 1024px) 100vw, 1024px\" \/><\/figure>\n\n\n\n<p><\/p>\n\n\n\n<p class=\"has-vivid-red-color has-text-color has-medium-font-size\"><strong>EDGAR JU\u00c1REZ \/ EL ECONOMISTA<\/strong><\/p>\n\n\n\n<p>Se acerca la fecha para que el estadounidense Citigroup d\u00e9 a conocer la decisi\u00f3n final sobre su negocio de banca de consumo y empresarial en M\u00e9xico, y no son pocas las voces que perfilan a Grupo M\u00e9xico, del empresario minero Germ\u00e1n Larrea, para quedarse con Banamex, aunque hasta ahora nada es oficial.<\/p>\n\n\n\n<p>En contraparte, ven ya menos posibilidades para Grupo Mifel del banquero Daniel Becker, de quien incluso se dice que habr\u00eda dejado la puja desde hace algunas semanas, pese a los importantes esfuerzos que hizo durante meses para conseguir capital con diferentes fondos internacionales, incluido BlackRock. De manera oficial Mifel, a\u00fan no ha informado que ya no est\u00e1 en el proceso.<\/p>\n\n\n\n<p>Se habla de que Banamex estar\u00eda valuado en un promedio de 12,000 millones de d\u00f3lares, y ser\u00eda Grupo M\u00e9xico \u2013junto a sus aliados\u2013, el que m\u00e1s se habr\u00eda acercado a esa cifra.<\/p>\n\n\n\n<p>Este mi\u00e9rcoles la agencia Reuters dio a conocer \u2013con base en fuentes familiarizadas, pero que pidieron el anonimato\u2013 que Grupo M\u00e9xico habr\u00eda asegurado compromisos de financiamiento por 5,000 millones de d\u00f3lares para su propuesta de quedarse con Banamex.<\/p>\n\n\n\n<p>De hecho menciona a instituciones como Barclays PLC y HSBC Holdings PLC, entre otros, como los que habr\u00edan comprometido el financiamiento. Pese a ello, mencionaron las fuentes a Reuters, lo anterior no garantiza un acuerdo y las negociaciones podr\u00edan caerse de \u00faltimo momento.<\/p>\n\n\n\n<h2 class=\"wp-block-heading\">Decisi\u00f3n se dar\u00e1 a conocer en breve<\/h2>\n\n\n\n<p>De acuerdo con informaci\u00f3n de directivos de Citigroup y Citibanamex, el proceso de desincorporaci\u00f3n de los negocios de banca de consumo y de empresas de Citi en M\u00e9xico, se encuentra muy avanzado y la decisi\u00f3n final se dar\u00e1 a conocer en el primer trimestre, incluso si ello se llevar\u00e1 a cabo a trav\u00e9s de una Oferta P\u00fablica Inicial, en el mercado de valores.<\/p>\n\n\n\n<p>De hecho, se coment\u00f3 que ser\u00eda en el marco de la visita que este mi\u00e9rcoles sostuvo la CEO global de Citi, Jane Fraser, a Palacio Nacional, donde se reuni\u00f3 con el presidente Andr\u00e9s Manuel L\u00f3pez Obrador, cuando se dar\u00eda el anuncio de qui\u00e9n se quedar\u00eda con Banamex, pero no fue as\u00ed.<\/p>\n\n\n\n<p>Visita de Fraser, comoparte de la reuni\u00f3n trimestral<\/p>\n\n\n\n<p>Sobre esta reuni\u00f3n, Citibanamex inform\u00f3 que Fraser apreci\u00f3 mucho, como en las visitas anteriores, la oportunidad de reunirse con el presidente L\u00f3pez Obrador, pero no mencion\u00f3 nada del proceso de venta.<\/p>\n\n\n\n<p>\u201cEsta semana Citi est\u00e1 llevando a cabo la reuni\u00f3n trimestral de su equipo ejecutivo en M\u00e9xico. Durante su visita, nuestros l\u00edderes se re\u00fanen con clientes, colegas y otros grupos de inter\u00e9s clave para reforzar el compromiso de Citi con M\u00e9xico y nuestra confianza en las perspectivas del pa\u00eds\u201d, mencion\u00f3 el banco en una breve nota informativa.<\/p>\n\n\n\n<h2 class=\"wp-block-heading\">Cifras grupos M\u00e9xico y Mifel<\/h2>\n\n\n\n<p>Grupo M\u00e9xico, cuyo presidente es Germ\u00e1n Larrea, es un conglomerado de empresas de miner\u00eda, transporte e infraestructura, con presencia en M\u00e9xico, Per\u00fa, Estados Unidos, Argentina, Chile, Ecuador y Espa\u00f1a.<\/p>\n\n\n\n<p>Es, de acuerdo con informaci\u00f3n oficial, la cuarta empresa m\u00e1s grande del pa\u00eds con una capitalizaci\u00f3n de mercado de 17,500 millones de d\u00f3lares y 30,000 empleados. Es uno de los principales productores de cobre del mundo.<\/p>\n\n\n\n<p>En tanto Grupo Mifel, que hoy preside Daniel Becker, es el d\u00e9cimo tercer grupo financiero de los que operan en el pa\u00eds, con activos por poco m\u00e1s de 100,500 millones de pesos, y una participaci\u00f3n de 0.8% del mercado.<\/p>\n\n\n\n<p>Se encuentra en los negocios de cr\u00e9dito, inversi\u00f3n, seguros, factoraje y arrendamiento, entre otros.<\/p>\n\n\n\n<p><a href=\"mailto:eduardo.juarez@eleconomista.mx\">eduardo.juarez@eleconomista.mx<\/a><\/p>\n\n\n\n<p>Fuente: <a href=\"https:\/\/www.eleconomista.com.mx\/sectorfinanciero\/Perfilan-a-Grupo-Mexico-de-German-Larrea-para-quedarse-con-Banamex-20230202-0011.html\">https:\/\/www.eleconomista.com.mx\/sectorfinanciero\/Perfilan-a-Grupo-Mexico-de-German-Larrea-para-quedarse-con-Banamex-20230202-0011.html<\/a><\/p>\n","protected":false},"excerpt":{"rendered":"<p>El proceso de desincorporaci\u00f3n de los negocios de banca de consumo y de empresas de Citi en M\u00e9xico, se encuentra [&hellip;]<\/p>\n","protected":false},"author":1,"featured_media":45951,"comment_status":"open","ping_status":"open","sticky":false,"template":"","format":"standard","meta":{"site-sidebar-layout":"default","site-content-layout":"","ast-site-content-layout":"default","site-content-style":"default","site-sidebar-style":"default","ast-global-header-display":"","ast-banner-title-visibility":"","ast-main-header-display":"","ast-hfb-above-header-display":"","ast-hfb-below-header-display":"","ast-hfb-mobile-header-display":"","site-post-title":"","ast-breadcrumbs-content":"","ast-featured-img":"","footer-sml-layout":"","theme-transparent-header-meta":"","adv-header-id-meta":"","stick-header-meta":"","header-above-stick-meta":"","header-main-stick-meta":"","header-below-stick-meta":"","astra-migrate-meta-layouts":"default","ast-page-background-enabled":"default","ast-page-background-meta":{"desktop":{"background-color":"var(--ast-global-color-4)","background-image":"","background-repeat":"repeat","background-position":"center center","background-size":"auto","background-attachment":"scroll","background-type":"","background-media":"","overlay-type":"","overlay-color":"","overlay-opacity":"","overlay-gradient":""},"tablet":{"background-color":"","background-image":"","background-repeat":"repeat","background-position":"center center","background-size":"auto","background-attachment":"scroll","background-type":"","background-media":"","overlay-type":"","overlay-color":"","overlay-opacity":"","overlay-gradient":""},"mobile":{"background-color":"","background-image":"","background-repeat":"repeat","background-position":"center center","background-size":"auto","background-attachment":"scroll","background-type":"","background-media":"","overlay-type":"","overlay-color":"","overlay-opacity":"","overlay-gradient":""}},"ast-content-background-meta":{"desktop":{"background-color":"var(--ast-global-color-5)","background-image":"","background-repeat":"repeat","background-position":"center center","background-size":"auto","background-attachment":"scroll","background-type":"","background-media":"","overlay-type":"","overlay-color":"","overlay-opacity":"","overlay-gradient":""},"tablet":{"background-color":"var(--ast-global-color-5)","background-image":"","background-repeat":"repeat","background-position":"center center","background-size":"auto","background-attachment":"scroll","background-type":"","background-media":"","overlay-type":"","overlay-color":"","overlay-opacity":"","overlay-gradient":""},"mobile":{"background-color":"var(--ast-global-color-5)","background-image":"","background-repeat":"repeat","background-position":"center center","background-size":"auto","background-attachment":"scroll","background-type":"","background-media":"","overlay-type":"","overlay-color":"","overlay-opacity":"","overlay-gradient":""}},"footnotes":""},"categories":[8],"tags":[6924,4457,13905],"class_list":["post-45950","post","type-post","status-publish","format-standard","has-post-thumbnail","hentry","category-noticias","tag-banamex","tag-german-larrea","tag-grupo-mexico"],"_links":{"self":[{"href":"https:\/\/losperiodistas.com.mx\/portal\/wp-json\/wp\/v2\/posts\/45950","targetHints":{"allow":["GET"]}}],"collection":[{"href":"https:\/\/losperiodistas.com.mx\/portal\/wp-json\/wp\/v2\/posts"}],"about":[{"href":"https:\/\/losperiodistas.com.mx\/portal\/wp-json\/wp\/v2\/types\/post"}],"author":[{"embeddable":true,"href":"https:\/\/losperiodistas.com.mx\/portal\/wp-json\/wp\/v2\/users\/1"}],"replies":[{"embeddable":true,"href":"https:\/\/losperiodistas.com.mx\/portal\/wp-json\/wp\/v2\/comments?post=45950"}],"version-history":[{"count":1,"href":"https:\/\/losperiodistas.com.mx\/portal\/wp-json\/wp\/v2\/posts\/45950\/revisions"}],"predecessor-version":[{"id":45952,"href":"https:\/\/losperiodistas.com.mx\/portal\/wp-json\/wp\/v2\/posts\/45950\/revisions\/45952"}],"wp:featuredmedia":[{"embeddable":true,"href":"https:\/\/losperiodistas.com.mx\/portal\/wp-json\/wp\/v2\/media\/45951"}],"wp:attachment":[{"href":"https:\/\/losperiodistas.com.mx\/portal\/wp-json\/wp\/v2\/media?parent=45950"}],"wp:term":[{"taxonomy":"category","embeddable":true,"href":"https:\/\/losperiodistas.com.mx\/portal\/wp-json\/wp\/v2\/categories?post=45950"},{"taxonomy":"post_tag","embeddable":true,"href":"https:\/\/losperiodistas.com.mx\/portal\/wp-json\/wp\/v2\/tags?post=45950"}],"curies":[{"name":"wp","href":"https:\/\/api.w.org\/{rel}","templated":true}]}}