{"id":45945,"date":"2023-02-02T07:16:18","date_gmt":"2023-02-02T13:16:18","guid":{"rendered":"http:\/\/losperiodistas.com.mx\/portal\/?p=45945"},"modified":"2023-02-02T07:17:48","modified_gmt":"2023-02-02T13:17:48","slug":"vamos-juntos-tras-excluir-al-prd-va-por-mexico-reafirmo-su-alianza-para-elecciones-de-2023-y-2024-infobae","status":"publish","type":"post","link":"https:\/\/losperiodistas.com.mx\/portal\/vamos-juntos-tras-excluir-al-prd-va-por-mexico-reafirmo-su-alianza-para-elecciones-de-2023-y-2024-infobae\/","title":{"rendered":"\u201c\u00a1Vamos juntos!\u201d: Tras excluir al PRD, Va por M\u00e9xico reafirm\u00f3 su alianza para elecciones de 2023 y 2024 | Infobae"},"content":{"rendered":"\n<h2 class=\"has-luminous-vivid-amber-background-color has-background has-medium-font-size wp-block-heading\">Previamente, el PAN y el PRI emitieron un posicionamiento para refrendar su compromiso conjunto para los procesos electorales venideros<\/h2>\n\n\n\n<figure class=\"wp-block-image size-large is-style-default\"><img fetchpriority=\"high\" decoding=\"async\" width=\"1024\" height=\"576\" src=\"https:\/\/losperiodistas.com.mx\/portal\/wp-content\/uploads\/2023\/02\/Captura-de-Pantalla-2023-02-02-a-las-7.09.33-1024x576.jpg\" alt=\"\" class=\"wp-image-45946\" srcset=\"https:\/\/losperiodistas.com.mx\/portal\/wp-content\/uploads\/2023\/02\/Captura-de-Pantalla-2023-02-02-a-las-7.09.33-1024x576.jpg 1024w, https:\/\/losperiodistas.com.mx\/portal\/wp-content\/uploads\/2023\/02\/Captura-de-Pantalla-2023-02-02-a-las-7.09.33-300x169.jpg 300w, https:\/\/losperiodistas.com.mx\/portal\/wp-content\/uploads\/2023\/02\/Captura-de-Pantalla-2023-02-02-a-las-7.09.33-768x432.jpg 768w, https:\/\/losperiodistas.com.mx\/portal\/wp-content\/uploads\/2023\/02\/Captura-de-Pantalla-2023-02-02-a-las-7.09.33.jpg 1518w\" sizes=\"(max-width: 1024px) 100vw, 1024px\" \/><figcaption>Los l\u00edderes del PAN, PRI y PRD sostuvieron su participaci\u00f3n conjunta en las elecciones estatales y presidenciales. (Twitter\/@MarkoCortes)<\/figcaption><\/figure>\n\n\n\n<p class=\"has-vivid-red-color has-text-color has-medium-font-size\"><strong>BARUC MAYEN \/ INFOBAE<\/strong><\/p>\n\n\n\n<p>Tras una serie de controversias y desencantos entre s\u00ed,&nbsp;<strong>Alejandro \u201cAlito\u201d Moreno, Marko Cort\u00e9s y Jes\u00fas Zambrano<\/strong>&nbsp;\u2014presidentes del PRI, PAN y PRD respectivamente\u2014 ratificaron su uni\u00f3n en la alianza Va por M\u00e9xico para las elecciones estatales de 2023 y las presidenciales de 2024.<\/p>\n\n\n\n<div class=\"wp-block-image is-style-default\"><figure class=\"alignleft is-resized\"><img decoding=\"async\" src=\"https:\/\/cloudfront-us-east-1.images.arcpublishing.com\/infobae\/ET757NNP4BCBTC2CVVF2LBP7YU.JPG\" alt=\"(foto: @Jesus_ZambranoG)\" width=\"-440\" height=\"-243\"\/><\/figure><\/div>\n\n\n\n<p>El PRD reproch\u00f3 a sus socios del PRI y PAN: candidaturas para 2024 no son \u201calgo exclusivo\u201d de un partidoAs\u00ed \u201cno nos diferenciar\u00edamos en nada del bloque conservador que hoy nos gobierna\u201d, advirti\u00f3 el sol azteca a la Alianza Va por M\u00e9xico<\/p>\n\n\n\n<p><a href=\"https:\/\/www.infobae.com\/mexico\/2023\/02\/01\/el-prd-reprocho-a-sus-socios-del-pri-y-pan-candidaturas-para-2024-no-son-algo-exclusivo-de-un-partido\/\">VER NOTA<\/a><\/p>\n\n\n\n<p>Con una foto y un breve mensaje compartido en redes sociales, los l\u00edderes de los partidos opositores auguraron resultados favorables para los comicios pr\u00f3ximos.<\/p>\n\n\n\n<p>\u201c\u00a1As\u00ed lo quiere la gente! \u00a1Vamos juntos! \u00a1Ganaremos 2023 y 2024!\u201d, externaron los funcionaros mediante sus cuentas oficiales de Twitter y publicaron una imagen tomada durante una reuni\u00f3n en la que tambi\u00e9n estuvieron presentes personajes como&nbsp;<strong>Rub\u00e9n Moreira&nbsp;<\/strong>(diputado y coordinador de Grupo Parlamentario del PRI) y&nbsp;<strong>Luis Espinosa Ch\u00e1zaro<\/strong>&nbsp;(coordinador del PRD en San L\u00e1zaro).<\/p>\n\n\n\n<figure class=\"wp-block-embed is-type-rich is-provider-twitter wp-block-embed-twitter\"><div class=\"wp-block-embed__wrapper\">\n<blockquote class=\"twitter-tweet\" data-width=\"500\" data-dnt=\"true\"><p lang=\"es\" dir=\"ltr\">\u00a1As\u00ed lo quiere la gente!<br><br>\u00a1Vamos juntos, <a href=\"https:\/\/twitter.com\/hashtag\/VaXM%C3%A9xico?src=hash&amp;ref_src=twsrc%5Etfw\">#VaXM\u00e9xico<\/a>!<br><br>\u00a1Ganaremos 2023 y 2024! <a href=\"https:\/\/t.co\/jeli372mhM\">pic.twitter.com\/jeli372mhM<\/a><\/p>&mdash; Marko Cort\u00e9s (@MarkoCortes) <a href=\"https:\/\/twitter.com\/MarkoCortes\/status\/1620996315089096704?ref_src=twsrc%5Etfw\">February 2, 2023<\/a><\/blockquote><script async src=\"https:\/\/platform.twitter.com\/widgets.js\" charset=\"utf-8\"><\/script>\n<\/div><\/figure>\n\n\n\n<p>Cabe recordar que el proceso electoral para Coahuila y el Estado de M\u00e9xico ya se encuentra en marcha, pues&nbsp;<strong>la precampa\u00f1a inici\u00f3 el 14 de enero<\/strong>. Las campa\u00f1as comenzar\u00e1n el 2 de abril en el estado del norte y el d\u00eda 3 en la entidad mexiquense. La jornada electoral para renovar ambas gubernaturas ser\u00e1 el 4 de junio de 2023.<\/p>\n\n\n\n<div class=\"wp-block-image is-style-default\"><figure class=\"alignleft is-resized\"><img decoding=\"async\" src=\"https:\/\/cloudfront-us-east-1.images.arcpublishing.com\/infobae\/XSJ3LNA47ZALHHL7GK4WUASPW4.jpg\" alt=\"Alito Moreno habl\u00f3 sobre la alianza en su recorrido por la C\u00e1mara de Diputados (Twitter\/@alitomorenoc)\" width=\"-433\" height=\"-288\"\/><\/figure><\/div>\n\n\n\n<p>Alito Moreno neg\u00f3 que PRI y PAN hicieran a un lado al PRD: \u201cEs muy importante\u201dJes\u00fas Zambrano, presidente nacional del Sol Azteca, reproch\u00f3 la actuaci\u00f3n de los otros partidos en Va por M\u00e9xico y asegur\u00f3 que las candidaturas no son exclusivas de un solo grupo<\/p>\n\n\n\n<p><a href=\"https:\/\/www.infobae.com\/mexico\/2023\/02\/02\/alito-moreno-nego-que-pri-y-pan-hiciera-a-un-lado-al-prd-es-muy-importante\/\">VER NOTA<\/a><\/p>\n\n\n\n<p>El encuentro entre los dirigentes de Va por M\u00e9xico ocurri\u00f3 apenas horas despu\u00e9s de que el PRI y el PAN emitieran un pronunciamiento de \u201ccompromiso conjunto\u201d entre sus Consejos Nacionales,&nbsp;<strong>en el cual qued\u00f3 excluido el PRD<\/strong>.<\/p>\n\n\n\n<p>Seg\u00fan acordaron los partidos de \u201cAlito\u201d Moreno y Marko cort\u00e9s, el&nbsp;<a href=\"https:\/\/www.infobae.com\/mexico\/2023\/02\/01\/damian-zepeda-alzo-la-mano-para-competir-por-la-presidencia-pero-sin-el-pri\/\" target=\"_blank\" rel=\"noreferrer noopener\"><strong>PRI ser\u00e1 el encargado de encabezar las postulaciones<\/strong><\/a>&nbsp;y elecciones de la o el candidato de la alianza para 2023 en el Estado de M\u00e9xico y Coahuila.<\/p>\n\n\n\n<div class=\"wp-block-image is-style-default\"><figure class=\"alignleft is-resized\"><img decoding=\"async\" src=\"https:\/\/cloudfront-us-east-1.images.arcpublishing.com\/infobae\/HZ3UVDW6JNC5XNGQJ4JQKSSMME.png\" alt=\"Mancera declar\u00f3 sus intenciones por contender por la presidencia (Twitter\/MaceraMiguelMX)\" width=\"-444\" height=\"-249\"\/><\/figure><\/div>\n\n\n\n<p>PRD destap\u00f3 a Mancera rumbo a 2024 y rechaz\u00f3 acuerdos cupulares del PRIANJes\u00fas Zambrano se\u00f1al\u00f3 que el Sol Azteca tiene dos cartas fuertes para contender por la presidencia de M\u00e9xico<\/p>\n\n\n\n<p><a href=\"https:\/\/www.infobae.com\/mexico\/2023\/01\/29\/prd-destapo-a-mancera-rumbo-a-2024-y-rechazo-acuerdos-cupulares-del-prian\/\">VER NOTA<\/a><\/p>\n\n\n\n<p>\u201cEl PRI conducir\u00e1, bajo sus reglas democr\u00e1ticas, el proceso para elegir al abanderado o abanderada para las gubernaturas\u201d, pudo leerse en el comunicado.<\/p>\n\n\n\n<figure class=\"wp-block-embed is-type-rich is-provider-twitter wp-block-embed-twitter\"><div class=\"wp-block-embed__wrapper\">\n<blockquote class=\"twitter-tweet\" data-width=\"500\" data-dnt=\"true\"><p lang=\"es\" dir=\"ltr\">Junto con el <a href=\"https:\/\/twitter.com\/PRI_Nacional?ref_src=twsrc%5Etfw\">@PRI_Nacional<\/a>, refrendamos el compromiso asumido en nuestros Consejos Nacionales rumbo a los comicios electorales de 2023 y 2024, con el fin de conformar un verdadero proyecto de cambio para M\u00e9xico. <a href=\"https:\/\/t.co\/W5Z0pZ0HRQ\">pic.twitter.com\/W5Z0pZ0HRQ<\/a><\/p>&mdash; Acci\u00f3n Nacional (@AccionNacional) <a href=\"https:\/\/twitter.com\/AccionNacional\/status\/1620786512588836866?ref_src=twsrc%5Etfw\">February 1, 2023<\/a><\/blockquote><script async src=\"https:\/\/platform.twitter.com\/widgets.js\" charset=\"utf-8\"><\/script>\n<\/div><\/figure>\n\n\n\n<p>Por otro lado, el organismo blanquiazul ser\u00e1 el que \u201cbajo sus reglas democr\u00e1ticas estatuarias conduzca el proceso\u201d para<strong>&nbsp;definir a la o el aspirante a la Presidencia<\/strong>&nbsp;y a la Jefatura de&nbsp;<a href=\"https:\/\/www.infobae.com\/mexico\/2023\/02\/02\/ruben-moreira-sentencio-que-morena-no-ganara-la-cdmx-todo-se-les-cae\/\" target=\"_blank\" rel=\"noreferrer noopener\">Gobierno de la Ciudad de M\u00e9xico en 2024<\/a>.<\/p>\n\n\n\n<p>Respecto a la participaci\u00f3n del PRD en los procedimientos para postular o designar a quienes competir\u00e1n en los procesos electorales<strong>&nbsp;no se hizo menci\u00f3n alguna<\/strong>. De hecho, el partido no fue mencionado en ninguna parte del escrito.<\/p>\n\n\n\n<p>Fue hasta horas despu\u00e9s que el partido del sol azteca<strong>&nbsp;emiti\u00f3, en solitario, un posicionamiento firmado por Jes\u00fas Zambrano<\/strong>, en el que expresaron su \u201cvocaci\u00f3n para ganar las elecciones juntos, como coalici\u00f3n en el Estado de M\u00e9xico y Coahuila\u201d.<\/p>\n\n\n\n<p>Respecto a los comicios de 2024, sostuvieron su compromiso con el fortalecimiento de la alianza Va por M\u00e9xico e incluso plantearon la opci\u00f3n de \u201c<strong>ampliarla con otras fuerzas pol\u00edticas<\/strong>\u201d.<\/p>\n\n\n\n<figure class=\"wp-block-embed is-type-rich is-provider-twitter wp-block-embed-twitter\"><div class=\"wp-block-embed__wrapper\">\n<blockquote class=\"twitter-tweet\" data-width=\"500\" data-dnt=\"true\"><p lang=\"es\" dir=\"ltr\">Ante los procesos pol\u00edticos en curso en el 2023-2024 el <a href=\"https:\/\/twitter.com\/hashtag\/PRD?src=hash&amp;ref_src=twsrc%5Etfw\">#PRD<\/a> reitera<br>\ud83d\udd17 Posicionamiento: <a href=\"https:\/\/t.co\/eapAJ492JK\">https:\/\/t.co\/eapAJ492JK<\/a> <a href=\"https:\/\/t.co\/gXML6OmK6a\">pic.twitter.com\/gXML6OmK6a<\/a><\/p>&mdash; PRD (@PRDMexico) <a href=\"https:\/\/twitter.com\/PRDMexico\/status\/1620844442390233107?ref_src=twsrc%5Etfw\">February 1, 2023<\/a><\/blockquote><script async src=\"https:\/\/platform.twitter.com\/widgets.js\" charset=\"utf-8\"><\/script>\n<\/div><\/figure>\n\n\n\n<h2 class=\"wp-block-heading\">Alito vs Osorio Chong, el conflicto persistente en el PRI<\/h2>\n\n\n\n<p>Las confrontaciones entre personajes del PRI como \u201cAlito\u201d Moreno y el senador<strong>&nbsp;Miguel \u00c1ngel Osorio Chong&nbsp;<\/strong>se han acrecentado en meses recientes, principalmente debido a las pol\u00e9micas en las que el dirigente priista se ha visto involucrado.<\/p>\n\n\n\n<p>En este contexto, ambas figuras protagonizaron un nuevo episodio de esta disputa, pues&nbsp;<strong>Osorio Chong cancel\u00f3 una reuni\u00f3n plenaria&nbsp;<\/strong>del partido que hab\u00eda sido agendada para el 31 de enero en el Senado de la Rep\u00fablica luego de que se presentara Moreno C\u00e1rdenas.<\/p>\n\n\n\n<p>\u201c<a href=\"https:\/\/www.infobae.com\/mexico\/2023\/02\/01\/ojala-tuviera-el-valor-para-enfrentarse-a-morena-alito-moreno-hablo-de-su-disputa-con-osorio-chong\/\" target=\"_blank\" rel=\"noreferrer noopener\"><strong>Ojal\u00e1 el coordinador Osorio Chong tuviera el valor de enfrentarse a Morena<\/strong><\/a>, como lo estamos haciendo nosotros y no con los priistas que estamos luchando por M\u00e9xico ni levant\u00e1ndose de las meses\u201d, manifest\u00f3 \u201cAlito\u201d Moreno luego de que se diera por finalizado el encuentro.<\/p>\n\n\n\n<p>En declaraciones posteriores, el extitular de la Secretar\u00eda de Gobernaci\u00f3n (Segob) se lanz\u00f3 contra el l\u00edder del PRI por no respetar los acuerdos, dado que&nbsp;<strong>\u00e9l no estaba invitado<\/strong>&nbsp;a la reuni\u00f3n plenaria.<\/p>\n\n\n\n<p>Fuente: <a href=\"https:\/\/www.infobae.com\/mexico\/2023\/02\/02\/vamos-juntos-tras-excluir-al-prd-va-por-mexico-reafirmo-su-alianza-para-elecciones-de-2023-y-2024\/\">https:\/\/www.infobae.com\/mexico\/2023\/02\/02\/vamos-juntos-tras-excluir-al-prd-va-por-mexico-reafirmo-su-alianza-para-elecciones-de-2023-y-2024\/<\/a><\/p>\n","protected":false},"excerpt":{"rendered":"<p>Previamente, el PAN y el PRI emitieron un posicionamiento para refrendar su compromiso conjunto para los procesos electorales venideros BARUC [&hellip;]<\/p>\n","protected":false},"author":1,"featured_media":45946,"comment_status":"open","ping_status":"open","sticky":false,"template":"","format":"standard","meta":{"site-sidebar-layout":"default","site-content-layout":"","ast-site-content-layout":"default","site-content-style":"default","site-sidebar-style":"default","ast-global-header-display":"","ast-banner-title-visibility":"","ast-main-header-display":"","ast-hfb-above-header-display":"","ast-hfb-below-header-display":"","ast-hfb-mobile-header-display":"","site-post-title":"","ast-breadcrumbs-content":"","ast-featured-img":"","footer-sml-layout":"","theme-transparent-header-meta":"","adv-header-id-meta":"","stick-header-meta":"","header-above-stick-meta":"","header-main-stick-meta":"","header-below-stick-meta":"","astra-migrate-meta-layouts":"default","ast-page-background-enabled":"default","ast-page-background-meta":{"desktop":{"background-color":"var(--ast-global-color-4)","background-image":"","background-repeat":"repeat","background-position":"center center","background-size":"auto","background-attachment":"scroll","background-type":"","background-media":"","overlay-type":"","overlay-color":"","overlay-opacity":"","overlay-gradient":""},"tablet":{"background-color":"","background-image":"","background-repeat":"repeat","background-position":"center center","background-size":"auto","background-attachment":"scroll","background-type":"","background-media":"","overlay-type":"","overlay-color":"","overlay-opacity":"","overlay-gradient":""},"mobile":{"background-color":"","background-image":"","background-repeat":"repeat","background-position":"center center","background-size":"auto","background-attachment":"scroll","background-type":"","background-media":"","overlay-type":"","overlay-color":"","overlay-opacity":"","overlay-gradient":""}},"ast-content-background-meta":{"desktop":{"background-color":"var(--ast-global-color-5)","background-image":"","background-repeat":"repeat","background-position":"center center","background-size":"auto","background-attachment":"scroll","background-type":"","background-media":"","overlay-type":"","overlay-color":"","overlay-opacity":"","overlay-gradient":""},"tablet":{"background-color":"var(--ast-global-color-5)","background-image":"","background-repeat":"repeat","background-position":"center center","background-size":"auto","background-attachment":"scroll","background-type":"","background-media":"","overlay-type":"","overlay-color":"","overlay-opacity":"","overlay-gradient":""},"mobile":{"background-color":"var(--ast-global-color-5)","background-image":"","background-repeat":"repeat","background-position":"center center","background-size":"auto","background-attachment":"scroll","background-type":"","background-media":"","overlay-type":"","overlay-color":"","overlay-opacity":"","overlay-gradient":""}},"footnotes":""},"categories":[8],"tags":[5743,248,1978,1661],"class_list":["post-45945","post","type-post","status-publish","format-standard","has-post-thumbnail","hentry","category-noticias","tag-elecciones-mexico-2024","tag-pan","tag-pri","tag-va-por-mexico"],"_links":{"self":[{"href":"https:\/\/losperiodistas.com.mx\/portal\/wp-json\/wp\/v2\/posts\/45945","targetHints":{"allow":["GET"]}}],"collection":[{"href":"https:\/\/losperiodistas.com.mx\/portal\/wp-json\/wp\/v2\/posts"}],"about":[{"href":"https:\/\/losperiodistas.com.mx\/portal\/wp-json\/wp\/v2\/types\/post"}],"author":[{"embeddable":true,"href":"https:\/\/losperiodistas.com.mx\/portal\/wp-json\/wp\/v2\/users\/1"}],"replies":[{"embeddable":true,"href":"https:\/\/losperiodistas.com.mx\/portal\/wp-json\/wp\/v2\/comments?post=45945"}],"version-history":[{"count":2,"href":"https:\/\/losperiodistas.com.mx\/portal\/wp-json\/wp\/v2\/posts\/45945\/revisions"}],"predecessor-version":[{"id":45949,"href":"https:\/\/losperiodistas.com.mx\/portal\/wp-json\/wp\/v2\/posts\/45945\/revisions\/45949"}],"wp:featuredmedia":[{"embeddable":true,"href":"https:\/\/losperiodistas.com.mx\/portal\/wp-json\/wp\/v2\/media\/45946"}],"wp:attachment":[{"href":"https:\/\/losperiodistas.com.mx\/portal\/wp-json\/wp\/v2\/media?parent=45945"}],"wp:term":[{"taxonomy":"category","embeddable":true,"href":"https:\/\/losperiodistas.com.mx\/portal\/wp-json\/wp\/v2\/categories?post=45945"},{"taxonomy":"post_tag","embeddable":true,"href":"https:\/\/losperiodistas.com.mx\/portal\/wp-json\/wp\/v2\/tags?post=45945"}],"curies":[{"name":"wp","href":"https:\/\/api.w.org\/{rel}","templated":true}]}}