{"id":45942,"date":"2023-02-02T07:06:42","date_gmt":"2023-02-02T13:06:42","guid":{"rendered":"http:\/\/losperiodistas.com.mx\/portal\/?p=45942"},"modified":"2023-02-02T07:06:44","modified_gmt":"2023-02-02T13:06:44","slug":"presenta-ine-controversia-en-contra-de-plan-b-la-jornada","status":"publish","type":"post","link":"https:\/\/losperiodistas.com.mx\/portal\/presenta-ine-controversia-en-contra-de-plan-b-la-jornada\/","title":{"rendered":"Presenta INE controversia en contra de Plan B\u00a0| La Jornada"},"content":{"rendered":"\n<figure class=\"wp-block-image size-full is-style-default\"><img fetchpriority=\"high\" decoding=\"async\" width=\"523\" height=\"685\" src=\"https:\/\/losperiodistas.com.mx\/portal\/wp-content\/uploads\/2023\/02\/image_large.jpeg\" alt=\"\" class=\"wp-image-45943\" srcset=\"https:\/\/losperiodistas.com.mx\/portal\/wp-content\/uploads\/2023\/02\/image_large.jpeg 523w, https:\/\/losperiodistas.com.mx\/portal\/wp-content\/uploads\/2023\/02\/image_large-229x300.jpeg 229w\" sizes=\"(max-width: 523px) 100vw, 523px\" \/><figcaption>La controversia fue entregada este mi\u00e9rcoles a la SCJN.\u00a0Foto\u00a0<strong>La Jornada<\/strong><\/figcaption><\/figure>\n\n\n\n<p class=\"has-vivid-red-color has-text-color has-medium-font-size\"><strong>FABIOLA MART\u00cdNEZ \/ LA JORNADA<\/strong><\/p>\n\n\n\n<p><em>Ciudad de M\u00e9xico.<\/em>\u00a0El Instituto Nacional Electoral (INE) present\u00f3 hoy ante la Suprema Corte de Justicia de la Naci\u00f3n una demanda de controversia constitucional en contra de las dos leyes vigentes del paquete de reformas electorales, relacionadas con propaganda gubernamental y tareas de comunicaci\u00f3n social, al se\u00f1alar que estos cambios permiten la intervenci\u00f3n de los gobiernos en las elecciones.<\/p>\n\n\n\n<p>Seg\u00fan el organismo, los cambios legales tambi\u00e9n \u201cmerman\u201d su autonom\u00eda y \u201csu capacidad para ejercer las funciones que la Constituci\u00f3n le mandata, a la par que desequilibra el modelo de comunicaci\u00f3n social y perjudica la equidad en la contienda\u201d.<\/p>\n\n\n\n<p>Tal como lo hab\u00eda acordado por unanimidad el consejo general del INE, este primer recurso va en contra del Decreto por el que se reforman, adicionan y derogan diversas disposiciones de la Ley General de Comunicaci\u00f3n Social y de la Ley General de Responsabilidades Administrativas, publicado en el Diario Oficial de la Federaci\u00f3n el 27 de diciembre de 2022.<\/p>\n\n\n\n<p>Argumenta que las personas servidoras p\u00fablicas deben aplicar los recursos p\u00fablicos con imparcialidad, sin influir en la equidad de la contienda.<\/p>\n\n\n\n<p>Igualmente se\u00f1ala que la propaganda gubernamental debe tener car\u00e1cter y contenido institucional, sin poder incluir mensajes o im\u00e1genes que constituyan propaganda personalizada para posicionarse ante el electorado.<\/p>\n\n\n\n<p>Afirma, por tanto, que la reforma aprobada \u201cdesconoce esas prohibiciones y permite que las autoridades puedan intervenir en la contienda, so pretexto de ejercer la libertad de expresi\u00f3n de quienes ostentan los cargos p\u00fablicos\u201d.<\/p>\n\n\n\n<p>Lo anterior, afirma el INE, contraviene el derecho de la ciudadan\u00eda de recibir informaci\u00f3n por parte del gobierno, cierta y objetiva.<\/p>\n\n\n\n<p>Considera que el citado Decreto contraviene el modelo de comunicaci\u00f3n social y propaganda gubernamental establecido en el art\u00edculo 134 Constitucional, con lo cual se impide al INE ejercer su funci\u00f3n de salvaguardar, entre otros principios, la imparcialidad y la equidad en la contienda.<\/p>\n\n\n\n<p>Adem\u00e1s, en este recurso se alegan diversas violaciones al proceso legislativo al haberse aprobado apresuradamente y sin cumplir todas las etapas y formalidades.<\/p>\n\n\n\n<p>En su consideraci\u00f3n, ello deriv\u00f3 en la falta de una debida discusi\u00f3n, transgrediendo el principio de democracia deliberativa.<\/p>\n\n\n\n<p>\u201cEl grupo parlamentario de mayor representaci\u00f3n en la C\u00e1mara de Diputados, en un evidente fraude a la ley, hizo suya la iniciativa presentada por el Ejecutivo Federal para que se le diera tr\u00e1mite urgente y se le dispensaran todos los tr\u00e1mites legislativos correspondientes, por lo que \u00e9sta no fue turnada a comisiones para su respectivo dictamen\u201d, a\u00f1ade el \u00e1rbitro electoral.<\/p>\n\n\n\n<p>Fuente: <a href=\"https:\/\/www.jornada.com.mx\/notas\/2023\/02\/01\/politica\/presenta-ine-controversia-en-contra-de-plan-b\/?from=homeonline&amp;block=politica&amp;opt=articlelink\">https:\/\/www.jornada.com.mx\/notas\/2023\/02\/01\/politica\/presenta-ine-controversia-en-contra-de-plan-b\/?from=homeonline&amp;block=politica&amp;opt=articlelink<\/a><\/p>\n","protected":false},"excerpt":{"rendered":"<p>FABIOLA MART\u00cdNEZ \/ LA JORNADA Ciudad de M\u00e9xico.\u00a0El Instituto Nacional Electoral (INE) present\u00f3 hoy ante la Suprema Corte de Justicia [&hellip;]<\/p>\n","protected":false},"author":1,"featured_media":45943,"comment_status":"open","ping_status":"open","sticky":false,"template":"","format":"standard","meta":{"site-sidebar-layout":"default","site-content-layout":"","ast-site-content-layout":"default","site-content-style":"default","site-sidebar-style":"default","ast-global-header-display":"","ast-banner-title-visibility":"","ast-main-header-display":"","ast-hfb-above-header-display":"","ast-hfb-below-header-display":"","ast-hfb-mobile-header-display":"","site-post-title":"","ast-breadcrumbs-content":"","ast-featured-img":"","footer-sml-layout":"","theme-transparent-header-meta":"","adv-header-id-meta":"","stick-header-meta":"","header-above-stick-meta":"","header-main-stick-meta":"","header-below-stick-meta":"","astra-migrate-meta-layouts":"default","ast-page-background-enabled":"default","ast-page-background-meta":{"desktop":{"background-color":"var(--ast-global-color-4)","background-image":"","background-repeat":"repeat","background-position":"center center","background-size":"auto","background-attachment":"scroll","background-type":"","background-media":"","overlay-type":"","overlay-color":"","overlay-opacity":"","overlay-gradient":""},"tablet":{"background-color":"","background-image":"","background-repeat":"repeat","background-position":"center center","background-size":"auto","background-attachment":"scroll","background-type":"","background-media":"","overlay-type":"","overlay-color":"","overlay-opacity":"","overlay-gradient":""},"mobile":{"background-color":"","background-image":"","background-repeat":"repeat","background-position":"center center","background-size":"auto","background-attachment":"scroll","background-type":"","background-media":"","overlay-type":"","overlay-color":"","overlay-opacity":"","overlay-gradient":""}},"ast-content-background-meta":{"desktop":{"background-color":"var(--ast-global-color-5)","background-image":"","background-repeat":"repeat","background-position":"center center","background-size":"auto","background-attachment":"scroll","background-type":"","background-media":"","overlay-type":"","overlay-color":"","overlay-opacity":"","overlay-gradient":""},"tablet":{"background-color":"var(--ast-global-color-5)","background-image":"","background-repeat":"repeat","background-position":"center center","background-size":"auto","background-attachment":"scroll","background-type":"","background-media":"","overlay-type":"","overlay-color":"","overlay-opacity":"","overlay-gradient":""},"mobile":{"background-color":"var(--ast-global-color-5)","background-image":"","background-repeat":"repeat","background-position":"center center","background-size":"auto","background-attachment":"scroll","background-type":"","background-media":"","overlay-type":"","overlay-color":"","overlay-opacity":"","overlay-gradient":""}},"footnotes":""},"categories":[8],"tags":[12123,885,14196],"class_list":["post-45942","post","type-post","status-publish","format-standard","has-post-thumbnail","hentry","category-noticias","tag-controversia-constitucional","tag-ine","tag-plan-b-reforma-electoral"],"_links":{"self":[{"href":"https:\/\/losperiodistas.com.mx\/portal\/wp-json\/wp\/v2\/posts\/45942","targetHints":{"allow":["GET"]}}],"collection":[{"href":"https:\/\/losperiodistas.com.mx\/portal\/wp-json\/wp\/v2\/posts"}],"about":[{"href":"https:\/\/losperiodistas.com.mx\/portal\/wp-json\/wp\/v2\/types\/post"}],"author":[{"embeddable":true,"href":"https:\/\/losperiodistas.com.mx\/portal\/wp-json\/wp\/v2\/users\/1"}],"replies":[{"embeddable":true,"href":"https:\/\/losperiodistas.com.mx\/portal\/wp-json\/wp\/v2\/comments?post=45942"}],"version-history":[{"count":1,"href":"https:\/\/losperiodistas.com.mx\/portal\/wp-json\/wp\/v2\/posts\/45942\/revisions"}],"predecessor-version":[{"id":45944,"href":"https:\/\/losperiodistas.com.mx\/portal\/wp-json\/wp\/v2\/posts\/45942\/revisions\/45944"}],"wp:featuredmedia":[{"embeddable":true,"href":"https:\/\/losperiodistas.com.mx\/portal\/wp-json\/wp\/v2\/media\/45943"}],"wp:attachment":[{"href":"https:\/\/losperiodistas.com.mx\/portal\/wp-json\/wp\/v2\/media?parent=45942"}],"wp:term":[{"taxonomy":"category","embeddable":true,"href":"https:\/\/losperiodistas.com.mx\/portal\/wp-json\/wp\/v2\/categories?post=45942"},{"taxonomy":"post_tag","embeddable":true,"href":"https:\/\/losperiodistas.com.mx\/portal\/wp-json\/wp\/v2\/tags?post=45942"}],"curies":[{"name":"wp","href":"https:\/\/api.w.org\/{rel}","templated":true}]}}