{"id":45937,"date":"2023-02-02T06:59:44","date_gmt":"2023-02-02T12:59:44","guid":{"rendered":"http:\/\/losperiodistas.com.mx\/portal\/?p=45937"},"modified":"2023-02-02T06:59:52","modified_gmt":"2023-02-02T12:59:52","slug":"extorsion-de-la-pf-lagrimas-y-toneladas-de-cocaina-en-el-testimonio-de-el-conejo-la-lista","status":"publish","type":"post","link":"https:\/\/losperiodistas.com.mx\/portal\/extorsion-de-la-pf-lagrimas-y-toneladas-de-cocaina-en-el-testimonio-de-el-conejo-la-lista\/","title":{"rendered":"Extorsi\u00f3n de la PF, l\u00e1grimas y toneladas de coca\u00edna, en el testimonio de \u2018El Conejo\u2019 | La-Lista"},"content":{"rendered":"\n<p class=\"has-light-green-cyan-background-color has-background has-medium-font-size\">El narcotraficante colombiano era el enlace entre productores de coca\u00edna en Colombia y capos en M\u00e9xico para llevar la droga a EU.<\/p>\n\n\n\n<figure class=\"wp-block-image size-large is-style-default\"><img fetchpriority=\"high\" decoding=\"async\" width=\"1024\" height=\"581\" src=\"https:\/\/losperiodistas.com.mx\/portal\/wp-content\/uploads\/2023\/02\/el-conejo-garcia-luna-1-1024x581.jpg\" alt=\"\" class=\"wp-image-45939\" srcset=\"https:\/\/losperiodistas.com.mx\/portal\/wp-content\/uploads\/2023\/02\/el-conejo-garcia-luna-1-1024x581.jpg 1024w, https:\/\/losperiodistas.com.mx\/portal\/wp-content\/uploads\/2023\/02\/el-conejo-garcia-luna-1-300x170.jpg 300w, https:\/\/losperiodistas.com.mx\/portal\/wp-content\/uploads\/2023\/02\/el-conejo-garcia-luna-1-768x435.jpg 768w, https:\/\/losperiodistas.com.mx\/portal\/wp-content\/uploads\/2023\/02\/el-conejo-garcia-luna-1.jpg 1270w\" sizes=\"(max-width: 1024px) 100vw, 1024px\" \/><\/figure>\n\n\n\n<p><\/p>\n\n\n\n<p class=\"has-vivid-red-color has-text-color has-medium-font-size\"><strong>NADIA SANDERS \/ LA-LISTA<\/strong><\/p>\n\n\n\n<p>Harold Mauricio Poveda Ortega, \u201cEl Conejo\u201d, el principal enlace entre productores de coca\u00edna en Colombia y narcotraficantes del C\u00e1rtel de Sinaloa en M\u00e9xico particip\u00f3 el mi\u00e9rcoles en el juicio en contra de&nbsp;<strong>Genaro Garc\u00eda Luna<\/strong>, donde se\u00f1al\u00f3 que fue capturado por la Polic\u00eda Federal (PF), retenido y sometido a tortura un d\u00eda antes de ser presentado a las autoridades judiciales y a medios de comunicaci\u00f3n en 2010.<\/p>\n\n\n\n<p>Con el acento caracter\u00edstico de alguna regi\u00f3n de Colombia, \u201cEl Conejo\u201d relat\u00f3 que estaba comiendo\u00a0<strong>fresas con crema<\/strong>\u00a0con una novia en un restaurante camino al Ajusco en la Ciudad de M\u00e9xico la tarde del 4 de noviembre de 2010 cuando fue capturado por elementos de la Polic\u00eda Federal.<\/p>\n\n\n\n<p class=\"has-cyan-bluish-gray-background-color has-background\">No te pierdas:<a href=\"https:\/\/la-lista.com\/mexico\/2023\/01\/31\/juicio-garcia-luna-trabaja-para-nosotros-testigo-que-formo-parte-del-cartel-de-sinaloa\">\u2018Garc\u00eda Luna trabajaba para nosotros\u2019: exintegrante del C\u00e1rtel de Sinaloa<\/a><\/p>\n\n\n\n<p>Fue retenido, llevado a un lugar desconocido donde le pusieron una toalla femenina en los ojos para que no pudiera ver, lo golpearon, le dieron toques el\u00e9ctricos, le lanzaron agua mineral a la nariz, le pusieron una bolsa de pl\u00e1stico en la cabeza, lo hicieron tocar objetos con las manos:&nbsp;<strong>balas, armas largas y polvo&nbsp;<\/strong>que parec\u00eda ser coca\u00edna,<\/p>\n\n\n\n<p>Luego le descubrieron los ojos para hacerlo filmar un video con una mampara detr\u00e1s con el logotipo de la Polic\u00eda Federal:<\/p>\n\n\n\n<p>\u2014\u00bfA qu\u00e9 te dedicas?\u2014, le preguntaron.<\/p>\n\n\n\n<p>\u2014Soy&nbsp;<strong>comerciante<\/strong>\u2014, respondi\u00f3 a la c\u00e1mara. Pero en ese momento detuvieron la grabaci\u00f3n, lo golpearon y lo obligaron a decir que era narcotraficante. Entonces volv\u00edan a grabar.<\/p>\n\n\n\n<p>\u2013\u00bfA qu\u00e9 te dedicas?\u2013, volvieron a cuestionarlo.<\/p>\n\n\n\n<p>\u2013Soy narcotraficante\u2013, respondi\u00f3.<\/p>\n\n\n\n<p>\u201cEl Conejo\u201d aprovech\u00f3 la tribuna del juicio en contra de Genaro Garc\u00eda Luna en Nueva York para decir a modo de denuncia que fue&nbsp;<strong>retenido ilegalmente, torturado&nbsp;<\/strong>y presentado ante medios hasta el d\u00eda siguiente frente a las balas, cartuchos, armas y coca\u00edna que lo hab\u00edan hecho tocar el d\u00eda anterior. Asegur\u00f3 que \u00e9l no es un hombre de armas y nunca portaba una. Su relato son\u00f3 parecido a lo que ocurri\u00f3 con la ciudadana francesa Florence Cassez, acusada de secuestro y puesta en libertad a\u00f1os despu\u00e9s por haber sido retenida ilegalmente por varias horas por elementos de la Agencia Federal de Investigaci\u00f3n (AFI) y no dar aviso inmediato a la representaci\u00f3n diplom\u00e1tica de su gobierno en M\u00e9xico.<\/p>\n\n\n\n<h2 class=\"wp-block-heading\" id=\"h-un-zoologico-en-la-mansion-de-el-conejo-en-el-desierto-de-los-leones\">Un zool\u00f3gico en la mansi\u00f3n de \u2018El Conejo\u2019 en el Desierto de los Leones<\/h2>\n\n\n\n<p>El narcotraficante colombiano, principal socio de Arturo Beltr\u00e1n Leyva para traer toneladas de coca\u00edna procedente de Colombia,&nbsp;<strong>rompi\u00f3 en llanto<\/strong>&nbsp;ante el jurado en el juicio de quien fue secretario de Seguridad P\u00fablica en el gobierno de Felipe Calder\u00f3n al ver im\u00e1genes de su casa en el Desierto de los Leones, en la Ciudad de M\u00e9xico.<\/p>\n\n\n\n<p>\u201cEsa es mi casa\u2026 era mi casa\u201d, alcanz\u00f3 a decir con la voz ahogada. \u201c\u2018El Rey\u2019 fue el que me hizo ese da\u00f1o\u201d.<\/p>\n\n\n\n<p>La sala 8D de la Corte Federal del Distrito Este en Brooklyn, Nueva York, se convirti\u00f3 en una sala de cine, cuando bajaron la intensidad de las luces y proyectaron un video en los monitores del jurado y en las pantallas planas para el juez y el p\u00fablico.<\/p>\n\n\n\n<p>El video era de un medio de comunicaci\u00f3n que film\u00f3 el interior de la casa despu\u00e9s de que fue asegurada por elementos de la Polic\u00eda Federal. El fiscal Philip Pilmar ped\u00eda el minuto y segundo preciso para proyectar y \u201cEl Conejo\u201d describ\u00eda lo que est\u00e1bamos viendo en la sala.<\/p>\n\n\n\n<figure class=\"wp-block-image is-style-default\"><img decoding=\"async\" src=\"https:\/\/i0.wp.com\/la-lista.com\/wp-content\/uploads\/2023\/02\/conejo-garcia-luna-mansion-desierto-de-los-leones.jpg?resize=800%2C537&amp;ssl=1\" alt=\"Extorsi\u00f3n de la PF, l\u00e1grimas y toneladas de coca\u00edna, en el testimonio de 'El Conejo' - conejo-garcia-luna-mansion-desierto-de-los-leones-1280x859\" class=\"wp-image-336529\"\/><figcaption>19 de octubre de 2008. La Polic\u00eda Federal en coordinaci\u00f3n con la PGR detuvo en la delegaci\u00f3n \u00c1lvaro Obreg\u00f3n a 15 presuntos narcotraficantes, 11 de ellos colombianos, vinculados con la organizaci\u00f3n del Arturo Beltr\u00e1n Leyva. Foto: Julieta Mora \/ Cuartoscuro<\/figcaption><\/figure>\n\n\n\n<p>\u201cEsa es la reja que no pudo tirar la Polic\u00eda Federal\u2026 esa es una alberca construida pieza por pieza\u2026 miren las ventanas, los marcos son de madera tallada, desde la habitaci\u00f3n principal&nbsp;<strong>se puede ver toda la Ciudad de M\u00e9xico<\/strong>, ese es el jacuzzi, ah\u00ed est\u00e1 una discoteca de agua a la que llamamos la Gruta\u201d, relat\u00f3 \u201cEl Conejo\u201d, como si estuviera poniendo la mansi\u00f3n a la venta.<\/p>\n\n\n\n<p>Dijo que era&nbsp;<strong>una casa muy bonita&nbsp;<\/strong>y que la puerta principal tallada en madera la hab\u00eda pedido traer directamente desde India. Lo cont\u00f3 dos veces en tono de orgullo.<\/p>\n\n\n\n<p>Cuando el video mostraba grandes felinos en jaulas inmensas con herrer\u00eda artesanal, coment\u00f3 que la noche del operativo \u00e9l logr\u00f3 escapar con dos de sus hombres por donde estaban sus tigres blancos, le llam\u00f3 a Arturo Beltr\u00e1n Leyva y \u00e9l lo ayud\u00f3 mand\u00e1ndole apoyo con polic\u00edas judiciales que lo rescataron y lo llevaron a una casa de seguridad.<\/p>\n\n\n\n<figure class=\"wp-block-image is-style-default\"><img decoding=\"async\" src=\"https:\/\/i0.wp.com\/la-lista.com\/wp-content\/uploads\/2023\/02\/conejo-garcia-luna-mansion-desierto-de-los-leones-3.jpg?resize=800%2C533&amp;ssl=1\" alt=\"Extorsi\u00f3n de la PF, l\u00e1grimas y toneladas de coca\u00edna, en el testimonio de 'El Conejo' - conejo-garcia-luna-mansion-desierto-de-los-leones-3-1280x853\" class=\"wp-image-336531\"\/><figcaption>En el domicilio que se localiza rumbo al Desierto de Los Leones, la Polic\u00eda Federal aseguraron varios animales ex\u00f3ticos, armas y distintos autos, tambi\u00e9n aseguraron aproximadamente 220 mil 800 d\u00f3lares. Foto: ricardo Castel\u00e1n \/ Cuartoscuro.<\/figcaption><\/figure>\n\n\n\n<p>Todos en la casa fueron retenidos porque estaban en medio de una fiesta. Pero los mandos de la Polic\u00eda Federal&nbsp;<strong>V\u00edctor Garay y Ballardo<\/strong>&nbsp;le dijeron a dos de sus hombres que pod\u00edan liberarlos a cambio de 500 mil d\u00f3lares.<\/p>\n\n\n\n<p>El relato del colombiano mantuvo atento al jurado, que en otros d\u00edas, despu\u00e9s de las 3:00 de la tarde ya luce somnoliento.<\/p>\n\n\n\n<p>Los mandos de la&nbsp;<strong>Polic\u00eda Federal&nbsp;<\/strong>les indicaron que dejaran el dinero en la cajuela de un auto en la colonia Bosques de las Lomas, pero despu\u00e9s de cobrarlo no liberaron a nadie.<\/p>\n\n\n\n<p>Con tono de nostalgia, \u201c<strong>El Conejo<\/strong>\u201d habl\u00f3 de sus mascotas: un gato blanco como la coca\u00edna al que le puso como nombre \u201cPerico\u201d y un&nbsp;<em>bulldog<\/em>&nbsp;ingl\u00e9s llamado \u201cBuf\u00f3n\u201d.<\/p>\n\n\n\n<p>\u2014\u00bfQu\u00e9 quiere decir \u201cPerico\u201d?\u2014, le pregunt\u00f3 el fiscal.<\/p>\n\n\n\n<p>\u2013Usted sabe, perico, como se le dice a la coca. As\u00ed hacen los pericos\u2013, dijo y entonces hizo el gesto de cuando alguien se inclina para inhalar coca\u00edna de una mesa y jal\u00f3 aire por su nariz.<\/p>\n\n\n\n<p>Algunos miembros del\u00a0<strong>jurado<\/strong>\u00a0estaban en la orilla de sus asientos escuchando a \u201cEl Conejo\u201d.<\/p>\n\n\n\n<p class=\"has-cyan-bluish-gray-background-color has-background\">No te pierdas:<a href=\"https:\/\/la-lista.com\/mexico\/2023\/02\/01\/nombre-garcia-luna-no-figuraba-en-libretas-del-cartel-israel-avila\">Nunca escrib\u00ed su nombre, en las hojas no dec\u00eda Genaro Garc\u00eda Luna: testigo colaborador<\/a><\/p>\n\n\n\n<h2 class=\"wp-block-heading\">\u2018El Barbas\u2019 quer\u00eda cortarle la cabeza a Garc\u00eda Luna<\/h2>\n\n\n\n<p>Sobre Genaro Garc\u00eda Luna dijo que nunca lo hab\u00eda visto, pero despu\u00e9s del operativo de la Polic\u00eda Federal en el que aseguraron su casa y saquearon sus dem\u00e1s propiedades, coment\u00f3 que Arturo Beltr\u00e1n Leyva estaba muy enojado.<\/p>\n\n\n\n<p>El l\u00edder de los hermanos Beltr\u00e1n Leyva le dijo que acababan de secuestrar al hijo de Genaro Garc\u00eda Luna, que lo iba a matar y mandar\u00edan su cabeza como una se\u00f1al para que vieran que con \u00e9l no se jugaba.<\/p>\n\n\n\n<p>Hasta entonces, \u201cEl Conejo\u201d supuestamente no sab\u00eda qui\u00e9n era.<\/p>\n\n\n\n<p>\u201cEs el jefe de la Polic\u00eda Federal, es el que nos anda haciendo todas las chingaderas con \u2018El Rey\u2019, \u2018Chapo\u2019 y \u2018El Mayo&#8217;\u201d, le explic\u00f3 \u201cEl Barbas\u201d.<\/p>\n\n\n\n<p>Seg\u00fan \u201cEl Conejo\u201d, \u00e9l hizo reconsiderar a Beltr\u00e1n Leyva, le dijo que se iban a meter en problemas y que mejor hablaran y pusieran las cosas sobre la mesa. \u201cSi lo hubi\u00e9ramos matado, no estar\u00edamos en todo esto\u201d, expres\u00f3.No te pierdas:<a href=\"https:\/\/la-lista.com\/mexico\/2023\/01\/31\/un-periodista-ayudo-a-los-beltran-leyva-revela-testigo-en-juicio-vs-garcia-luna\">Un periodista ayud\u00f3 a los Beltr\u00e1n Leyva, revela testigo en juicio vs Garc\u00eda Luna<\/a><\/p>\n\n\n\n<p>Fuente: <a href=\"https:\/\/la-lista.com\/mexico\/2023\/02\/02\/el-conejo-extorsion-de-la-pf-lagrimas-y-toneladas-de-cocaina-en-testimonio-de-el-conejo\">https:\/\/la-lista.com\/mexico\/2023\/02\/02\/el-conejo-extorsion-de-la-pf-lagrimas-y-toneladas-de-cocaina-en-testimonio-de-el-conejo<\/a><\/p>\n","protected":false},"excerpt":{"rendered":"<p>El narcotraficante colombiano era el enlace entre productores de coca\u00edna en Colombia y capos en M\u00e9xico para llevar la droga [&hellip;]<\/p>\n","protected":false},"author":1,"featured_media":45939,"comment_status":"open","ping_status":"open","sticky":false,"template":"","format":"standard","meta":{"site-sidebar-layout":"default","site-content-layout":"","ast-site-content-layout":"default","site-content-style":"default","site-sidebar-style":"default","ast-global-header-display":"","ast-banner-title-visibility":"","ast-main-header-display":"","ast-hfb-above-header-display":"","ast-hfb-below-header-display":"","ast-hfb-mobile-header-display":"","site-post-title":"","ast-breadcrumbs-content":"","ast-featured-img":"","footer-sml-layout":"","theme-transparent-header-meta":"","adv-header-id-meta":"","stick-header-meta":"","header-above-stick-meta":"","header-main-stick-meta":"","header-below-stick-meta":"","astra-migrate-meta-layouts":"default","ast-page-background-enabled":"default","ast-page-background-meta":{"desktop":{"background-color":"var(--ast-global-color-4)","background-image":"","background-repeat":"repeat","background-position":"center center","background-size":"auto","background-attachment":"scroll","background-type":"","background-media":"","overlay-type":"","overlay-color":"","overlay-opacity":"","overlay-gradient":""},"tablet":{"background-color":"","background-image":"","background-repeat":"repeat","background-position":"center center","background-size":"auto","background-attachment":"scroll","background-type":"","background-media":"","overlay-type":"","overlay-color":"","overlay-opacity":"","overlay-gradient":""},"mobile":{"background-color":"","background-image":"","background-repeat":"repeat","background-position":"center center","background-size":"auto","background-attachment":"scroll","background-type":"","background-media":"","overlay-type":"","overlay-color":"","overlay-opacity":"","overlay-gradient":""}},"ast-content-background-meta":{"desktop":{"background-color":"var(--ast-global-color-5)","background-image":"","background-repeat":"repeat","background-position":"center center","background-size":"auto","background-attachment":"scroll","background-type":"","background-media":"","overlay-type":"","overlay-color":"","overlay-opacity":"","overlay-gradient":""},"tablet":{"background-color":"var(--ast-global-color-5)","background-image":"","background-repeat":"repeat","background-position":"center center","background-size":"auto","background-attachment":"scroll","background-type":"","background-media":"","overlay-type":"","overlay-color":"","overlay-opacity":"","overlay-gradient":""},"mobile":{"background-color":"var(--ast-global-color-5)","background-image":"","background-repeat":"repeat","background-position":"center center","background-size":"auto","background-attachment":"scroll","background-type":"","background-media":"","overlay-type":"","overlay-color":"","overlay-opacity":"","overlay-gradient":""}},"footnotes":""},"categories":[8],"tags":[107,15001],"class_list":["post-45937","post","type-post","status-publish","format-standard","has-post-thumbnail","hentry","category-noticias","tag-genaro-garcia-luna","tag-trafico-cocaina-colombia-mexico-eeuu"],"_links":{"self":[{"href":"https:\/\/losperiodistas.com.mx\/portal\/wp-json\/wp\/v2\/posts\/45937","targetHints":{"allow":["GET"]}}],"collection":[{"href":"https:\/\/losperiodistas.com.mx\/portal\/wp-json\/wp\/v2\/posts"}],"about":[{"href":"https:\/\/losperiodistas.com.mx\/portal\/wp-json\/wp\/v2\/types\/post"}],"author":[{"embeddable":true,"href":"https:\/\/losperiodistas.com.mx\/portal\/wp-json\/wp\/v2\/users\/1"}],"replies":[{"embeddable":true,"href":"https:\/\/losperiodistas.com.mx\/portal\/wp-json\/wp\/v2\/comments?post=45937"}],"version-history":[{"count":2,"href":"https:\/\/losperiodistas.com.mx\/portal\/wp-json\/wp\/v2\/posts\/45937\/revisions"}],"predecessor-version":[{"id":45941,"href":"https:\/\/losperiodistas.com.mx\/portal\/wp-json\/wp\/v2\/posts\/45937\/revisions\/45941"}],"wp:featuredmedia":[{"embeddable":true,"href":"https:\/\/losperiodistas.com.mx\/portal\/wp-json\/wp\/v2\/media\/45939"}],"wp:attachment":[{"href":"https:\/\/losperiodistas.com.mx\/portal\/wp-json\/wp\/v2\/media?parent=45937"}],"wp:term":[{"taxonomy":"category","embeddable":true,"href":"https:\/\/losperiodistas.com.mx\/portal\/wp-json\/wp\/v2\/categories?post=45937"},{"taxonomy":"post_tag","embeddable":true,"href":"https:\/\/losperiodistas.com.mx\/portal\/wp-json\/wp\/v2\/tags?post=45937"}],"curies":[{"name":"wp","href":"https:\/\/api.w.org\/{rel}","templated":true}]}}