{"id":45934,"date":"2023-02-02T06:36:40","date_gmt":"2023-02-02T12:36:40","guid":{"rendered":"http:\/\/losperiodistas.com.mx\/portal\/?p=45934"},"modified":"2023-02-02T06:36:44","modified_gmt":"2023-02-02T12:36:44","slug":"el-papa-la-pobreza-existe-por-la-distribucion-no-equitativa-de-los-bienes-vatican-news","status":"publish","type":"post","link":"https:\/\/losperiodistas.com.mx\/portal\/el-papa-la-pobreza-existe-por-la-distribucion-no-equitativa-de-los-bienes-vatican-news\/","title":{"rendered":"El Papa: La pobreza existe por la distribuci\u00f3n no equitativa de los bienes | Vatican News"},"content":{"rendered":"\n<p class=\"has-white-color has-text-color has-background has-medium-font-size\" style=\"background-color:#f80101\">El Papa Francisco se encontr\u00f3 con los representantes de algunas obras de caridad presentes en la Rep\u00fablica Democr\u00e1tica del Congo, les record\u00f3 que la causa de la pobreza no es la falta de bienes o de oportunidades sino su distribuci\u00f3n no equitativa.<\/p>\n\n\n\n<figure class=\"wp-block-embed is-type-video is-provider-youtube wp-block-embed-youtube wp-embed-aspect-16-9 wp-has-aspect-ratio\"><div class=\"wp-block-embed__wrapper\">\n<iframe title=\"Kinsasa, Encuentro con representantes de obras caritativas, 01de febrero de 2023 Papa Francisco\" width=\"500\" height=\"281\" src=\"https:\/\/www.youtube.com\/embed\/zryMnz_PmhQ?feature=oembed\" frameborder=\"0\" allow=\"accelerometer; autoplay; clipboard-write; encrypted-media; gyroscope; picture-in-picture; web-share\" referrerpolicy=\"strict-origin-when-cross-origin\" allowfullscreen><\/iframe>\n<\/div><\/figure>\n\n\n\n<p><\/p>\n\n\n\n<p>VATICAN NEWS<\/p>\n\n\n\n<p>Tras agradecer los testimonios de los representantes de las asociaciones de caridad, presentes en el encuentro en la Nunciatura, el Papa les dijo que en este pa\u00eds, donde hay tanta violencia, \u201cque retumba como el estruendo ensordecedor de un \u00e1rbol que es derribado, ustedes son el bosque que crece todos los d\u00edas en silencio y hace que la calidad del aire mejore, que se pueda respirar\u201d.<\/p>\n\n\n\n<p>Sobre sus obras de caridad, Francisco les recod\u00f3 que aunque si hace m\u00e1s ruido el \u00e1rbol que cae, Dios \u201cama y cultiva la generosidad que germina en el silencio, dando fruto; y posa su mirada, con alegr\u00eda, en quien se pone al servicio de los necesitados\u201d.<\/p>\n\n\n\n<p>El bien crece -dijo- en la sencillez de manos y corazones abiertos a los dem\u00e1s; en la valent\u00eda de los pasos peque\u00f1os que se dan para acercarse a los m\u00e1s d\u00e9biles en el nombre de Jes\u00fas.<\/p>\n\n\n\n<h2 class=\"wp-block-heading\"><strong>Testimonios que hablan de los pobres con cari\u00f1o<\/strong><\/h2>\n\n\n\n<p>Al Papa le sorprendi\u00f3 que cada testimonio no fue una enumeraci\u00f3n de datos sobre la pobreza, sino m\u00e1s bien se habl\u00f3 de los pobres con cari\u00f1o, afirm\u00f3:<\/p>\n\n\n\n<p>\u201cHablaron de ustedes y de personas que no conoc\u00edan antes, y que ahora son para ustedes familiares, con nombres y rostros. Gracias por esta mirada que sabe reconocer a Jes\u00fas en sus hermanos m\u00e1s peque\u00f1os\u201d.<\/p>\n\n\n\n<p>Al respecto, Francisco dijo que que buscar y amar al Se\u00f1or en los pobres y, como cristianos -se\u00f1al\u00f3- tenemos que estar atentos si nos alejamos de ellos, porque hay algo que no est\u00e1 bien cuando un creyente mantiene a distancia a los predilectos de Cristo.<\/p>\n\n\n\n<h2 class=\"wp-block-heading\"><strong>No descartar a los pobres abrazarlos&nbsp;<\/strong><\/h2>\n\n\n\n<p>Mientras tantos descartan a los pobres, las asociaciones de caridad los abrazan, mientras el mundo los explota, ellos los promueven. Es esta, afirm\u00f3, la promoci\u00f3n contra la explotaci\u00f3n, es este el bosque que crece, dijo, mientras que la deforestaci\u00f3n del descarte hace estragos violentamente.<\/p>\n\n\n\n<p>\u201cYo quisiera darle voz a lo que ustedes hacen, favorecer el crecimiento y la esperanza en la Rep\u00fablica Democr\u00e1tica del Congo y en este continente. He venido aqu\u00ed animado por el deseo de dar voz a quien no la tiene. Cu\u00e1nto quisiera que los medios de comunicaci\u00f3n social dieran m\u00e1s espacio a este pa\u00eds y a toda \u00c1frica; que se conozcan los pueblos, las culturas, los sufrimientos y las esperanzas de este joven continente del futuro\u201d.LEA TAMBI\u00c9N<a href=\"https:\/\/www.vaticannews.va\/es\/papa\/news\/2023-02\/el-papa-sus-lagrimas-son-mis-lagrimas-su-dolor-es-mi-dolor.html\"><\/a>01\/02\/2023<\/p>\n\n\n\n<h2 class=\"wp-block-heading\"><a href=\"https:\/\/www.vaticannews.va\/es\/papa\/news\/2023-02\/el-papa-sus-lagrimas-son-mis-lagrimas-su-dolor-es-mi-dolor.html\">El Papa: \u00abSus l\u00e1grimas son mis l\u00e1grimas, su dolor es mi dolor\u00bb<\/a><\/h2>\n\n\n\n<h2 class=\"wp-block-heading\"><strong>Dar voz a los que no tienen voz<\/strong><\/h2>\n\n\n\n<p>Promover m\u00e1s lo mejor del continente, dijo el Papa, descubriendo \u201cinmensos talentos e historias de verdadera grandeza humana y cristiana; historias nacidas en un clima aut\u00e9ntico, que conoce bien el respeto por los m\u00e1s peque\u00f1os, por los ancianos y por la creaci\u00f3n\u201d.<\/p>\n\n\n\n<p>Y dar voz a quien no tiene voz en la Nunciatura, representaci\u00f3n pontificia, las &nbsp;\u201ccasas del Papa\u201d diseminadas por el mundo, son y deben ser -a\u00f1adi\u00f3 Francisco- amplificadores de promoci\u00f3n humana, centros de caridad, en primera l\u00ednea en la diplomacia de la misericordia, favoreciendo ayudas concretas y promoviendo redes de cooperaci\u00f3n.<\/p>\n\n\n\n<p>Una acci\u00f3n que ya se hace, discretamente, en tantas partes del mundo, y aqu\u00ed desde hace mucho tiempo. Y hablando de la nunciatura, donde se hizo el encuentro, el Santo Padre dijo que es una presencia cercana desde hace d\u00e9cadas. Inaugurada hace noventa a\u00f1os como Delegaci\u00f3n Apost\u00f3lica, est\u00e1 por celebrar, dentro de pocos d\u00edas, dijo, el sexag\u00e9simo aniversario de haber sido elevada a Nunciatura.<\/p>\n\n\n\n<h2 class=\"wp-block-heading\"><strong>Testimonios: historias de personas que sufren<\/strong><\/h2>\n\n\n\n<p>El Pont\u00edfice expres\u00f3 su emoci\u00f3n una vez m\u00e1s, al recordar los testimonios que ha escuchado, dan ganas de llorar, dijo, historias sobre personas que sufren por la \u201cindiferencia generalizada que las entreg\u00f3 a una vida errante, que las llev\u00f3 a vivir en las calles, exponi\u00e9ndose al riesgo de violencia f\u00edsica y de abusos sexuales, y tambi\u00e9n a ser acusadas de brujer\u00eda, cuando s\u00f3lo necesitan amor y cuidados\u201d.<\/p>\n\n\n\n<p>Hablando del joven leproso, Tekadio, que a\u00fan hoy, dijo, &nbsp;en el 2023, es \u201cdiscriminado, observado con desprecio y humillado\u201d, mientras que la gente, con una mezcla de verg\u00fcenza, de incomprensi\u00f3n y de miedo, se apura a limpiar incluso ah\u00ed por donde pas\u00f3 simplemente tu sombra. Al respecto dijo que:<\/p>\n\n\n\n<p>\u201cLa pobreza y el rechazo ofenden al hombre, desfiguran su dignidad; son como ceniza que apaga el fuego que se lleva por dentro. S\u00ed, cada persona, en cuanto creada a imagen de Dios, resplandece con un fuego luminoso, pero s\u00f3lo el amor quita la ceniza que lo cubre. S\u00f3lo devolviendo la dignidad se restituye la humanidad.\u201d<\/p>\n\n\n\n<h2 class=\"wp-block-heading\"><strong>Los ni\u00f1os y ancianos son las ra\u00edces y el futuro&nbsp;<\/strong><\/h2>\n\n\n\n<p>Es escandoloso y nocivo para la sociedad entera descartar a ni\u00f1os y ancianos, la sociedad se contruye a partir de su cuidado. Son las ra\u00edces y el futuro de la sociedad. Recordemos -dijo-&nbsp; que un desarrollo verdaderamente humano no puede estar privado de memoria y de futuro.<\/p>\n\n\n\n<p>Ante la interrogante que se hace el Papa, si vale la pena comprometerse frente a un oc\u00e9ano de necesidades en constante y dram\u00e1tico aumento, recuerda lo que dijo la religiosa Mar\u00eda Celeste: &nbsp;\u201cA pesar de nuestra peque\u00f1ez, el Se\u00f1or crucificado desea tenernos a su lado para sostener el drama del mundo\u201d. Es verdad -se\u00f1al\u00f3- \u201cla caridad sintoniza con Dios y \u00c9l nos sorprende con prodigios inesperados que se realizan por medio de quien ama. Sus historias son ricas de acontecimientos impresionantes, conocidos por el coraz\u00f3n de Dios e imposibles para las solas fuerzas humanas\u201d.<\/p>\n\n\n\n<p>Ejemplo de ello es Pierre, testimonio de un discapacitado, que como dijo el Papa, en el desierto de la impotencia y de la indiferencia, en el mar del dolor, junto con sus amigos, descubri\u00f3 que Dios no los hab\u00eda olvidado, porque les envi\u00f3 personas que no se dieron la vuelta cruzando la calle donde estaban.<\/p>\n\n\n\n<p>\u201cAs\u00ed, en sus rostros ustedes descubrieron el de Jes\u00fas y ahora quieren hacer lo mismo por los dem\u00e1s. El bien es as\u00ed, es difusivo, no se deja paralizar por la resignaci\u00f3n ni por las estad\u00edsticas, sino que invita a donar a los dem\u00e1s cuanto se ha recibido gratuitamente. Se necesita que principalmente los j\u00f3venes vean esto: rostros que superan la indiferencia mirando a las personas a los ojos; manos que no empu\u00f1an armas ni manipulan dinero, sino que se extienden hacia quien est\u00e1 en el suelo y lo levantan a su dignidad, a la dignidad de hija e hijo de Dios. S\u00f3lo en un caso est\u00e1 permitido mirar a una persona desde lo alto hacia abajo: para ayudarla a levantarse. Por lo dem\u00e1s, nunca se puede menospreciar a una persona\u201d.LEA TAMBI\u00c9N<a href=\"https:\/\/www.vaticannews.va\/es\/papa\/news\/2023-02\/papa-francisco-homilia-congo-cristianos-conciencia-paz-mundo.html\"><\/a>01\/02\/2023<\/p>\n\n\n\n<h2 class=\"wp-block-heading\"><a href=\"https:\/\/www.vaticannews.va\/es\/papa\/news\/2023-02\/papa-francisco-homilia-congo-cristianos-conciencia-paz-mundo.html\">El Papa en RDC: Los cristianos est\u00e1n llamados a ser conciencia de paz<\/a><\/h2>\n\n\n\n<h2 class=\"wp-block-heading\"><strong>Deber de gobiernos garantizar salud<\/strong><\/h2>\n\n\n\n<p>Francisco agradeci\u00f3 la labor reciente de las autoridades, que por medio de acuerdos con la Conferencia Episcopal, hayan reconocido y valorado la obra de quienes se comprometen en el campo social y caritativo. Sin embargo, record\u00f3 a las autoridades, que es su deber garantizar los servicios b\u00e1sicos tambi\u00e9n a la poblaci\u00f3n que vive lejos de los grandes n\u00facleos urbanos.<\/p>\n\n\n\n<p>Francisco record\u00f3 que la causa de la pobreza, no es la falta de bienes o de oportunidades, sino su distribuci\u00f3n no equitativa. El que pertenece a una clase acomodada, en particular si es cristiano, dijo, est\u00e1 llamado a compartir lo que posee con quien est\u00e1 privado de lo necesario, m\u00e1s a\u00fan si pertenece al mismo pueblo.<\/p>\n\n\n\n<p>\u201cNo se trata de una cuesti\u00f3n de bondad, sino de justicia. No es filantrop\u00eda, es fe. Porque, como dice la Escritura, \u00abla fe sin obras est\u00e1 muerta\u00bb (<em>St<\/em>&nbsp;2,26)\u201d.<\/p>\n\n\n\n<h2 class=\"wp-block-heading\"><strong>Tres ideas sobre c\u00f3mo hacer caridad<\/strong><\/h2>\n\n\n\n<p>Se interrog\u00f3 de nuevo, esta vez, hablando sobre el deber y sobre la urgencia del bien.<\/p>\n\n\n\n<p>Dio a conocer tres aspectos que las instituciones caritativas aqu\u00ed operantes ya conocen, pero hace bien recordarlos, para que el servicio a Jes\u00fas en los pobres sea un testimonio cada vez m\u00e1s fecundo.<\/p>\n\n\n\n<p><strong>La caridad requiere ejemplaridad<\/strong><\/p>\n\n\n\n<p>De hecho, no es s\u00f3lo una cosa que se hace, sino que es expresi\u00f3n de aquello que se es. Se trata de un estilo de vida, de vivir el Evangelio. Por tanto -dijo- se necesita credibilidad y transparencia.<\/p>\n\n\n\n<p>Transparencia, afirm\u00f3 Francisco al momento de administrar proyectos, con el compromiso de&nbsp;ofrecer servicios adecuados y cualificados. \u00abJustamente este es el esp\u00edritu que caracteriza tantas obras eclesiales de las que este pa\u00eds se ve beneficiado y que han marcado su historia. \u00a1Que siempre haya ejemplaridad!\u00bb, exclam\u00f3.<\/p>\n\n\n\n<p><strong>En segundo lugar, la amplitud de miras,&nbsp;<\/strong>es decir, el saber mirar hacia adelante. Los proyectos, las obras de caridad, dijo, deben responder a las exigencias inmediatas, pero tambi\u00e9n ser&nbsp;sostenibles y duraderas; no simplemente asistencialistas, sino realizadas sobre la base de lo que realmente se puede hacer y con una perspectiva a largo plazo, para que perduren en el tiempo y no terminen con quien las comenz\u00f3.<\/p>\n\n\n\n<p>Hablando de la tierra del pa\u00eds, extremadamente f\u00e9rtil, Francisco sugiri\u00f3 que quien aporta ayudas, considere esta&nbsp;caracter\u00edstica, para favorecer el desarrollo interno de quienes habitan esta tierra, remarc\u00f3, para ense\u00f1arles a cultivarla, dando vida a proyectos de desarrollo que pongan el futuro en sus manos.<\/p>\n\n\n\n<p>\u00abM\u00e1s que distribuir bienes, lo cual ser\u00e1 siempre necesario, es mejor transmitir conocimientos y herramientas que hagan el desarrollo aut\u00f3nomo y sostenible. A este respecto, pienso tambi\u00e9n en el gran aporte que ha ofrecido la asistencia sanitaria cat\u00f3lica, que, en este pa\u00eds, como en muchos otros del mundo, da alivio y esperanza a la poblaci\u00f3n, saliendo al encuentro de los que sufren, con gratuidad y con seriedad, buscando siempre \u2014tal como debe ser\u2014 socorrer con instrumentos modernos y adecuados\u00bb.<\/p>\n\n\n\n<p><strong>El tercer elemento es la conexi\u00f3n<\/strong><\/p>\n\n\n\n<p>Crear una red, no s\u00f3lo virtualmente, sino concretamente, \u00abtal como sucede en este pa\u00eds en la&nbsp;<em>sinfon\u00eda de vida<\/em>&nbsp;del gran bosque y de su variada vegetaci\u00f3n\u00bb.<\/p>\n\n\n\n<p>\u00abTrabajar cada vez m\u00e1s juntos, estar en constante sinergia entre ustedes, en comuni\u00f3n con las Iglesias locales y con el territorio. Trabajar en red, cada uno, con su propio carisma, pero juntos, relacionados, compartiendo los asuntos urgentes, las prioridades, las necesidades, sin cerrazones ni autorreferencialidad, prontos para apoyar a otras comunidades cristianas y a otras religiones, as\u00ed como a muchos organismos humanitarios presentes. Todo por el bien de los pobres\u00bb.<\/p>\n\n\n\n<p>Fuente: <a href=\"https:\/\/www.vaticannews.va\/es\/papa\/news\/2023-02\/papa-francisco-asociaciones-caridad-rdc-fragiles-discurso.html\">https:\/\/www.vaticannews.va\/es\/papa\/news\/2023-02\/papa-francisco-asociaciones-caridad-rdc-fragiles-discurso.html<\/a><\/p>\n","protected":false},"excerpt":{"rendered":"<p>El Papa Francisco se encontr\u00f3 con los representantes de algunas obras de caridad presentes en la Rep\u00fablica Democr\u00e1tica del Congo, [&hellip;]<\/p>\n","protected":false},"author":1,"featured_media":45935,"comment_status":"open","ping_status":"open","sticky":false,"template":"","format":"standard","meta":{"site-sidebar-layout":"default","site-content-layout":"","ast-site-content-layout":"default","site-content-style":"default","site-sidebar-style":"default","ast-global-header-display":"","ast-banner-title-visibility":"","ast-main-header-display":"","ast-hfb-above-header-display":"","ast-hfb-below-header-display":"","ast-hfb-mobile-header-display":"","site-post-title":"","ast-breadcrumbs-content":"","ast-featured-img":"","footer-sml-layout":"","theme-transparent-header-meta":"","adv-header-id-meta":"","stick-header-meta":"","header-above-stick-meta":"","header-main-stick-meta":"","header-below-stick-meta":"","astra-migrate-meta-layouts":"default","ast-page-background-enabled":"default","ast-page-background-meta":{"desktop":{"background-color":"var(--ast-global-color-4)","background-image":"","background-repeat":"repeat","background-position":"center center","background-size":"auto","background-attachment":"scroll","background-type":"","background-media":"","overlay-type":"","overlay-color":"","overlay-opacity":"","overlay-gradient":""},"tablet":{"background-color":"","background-image":"","background-repeat":"repeat","background-position":"center center","background-size":"auto","background-attachment":"scroll","background-type":"","background-media":"","overlay-type":"","overlay-color":"","overlay-opacity":"","overlay-gradient":""},"mobile":{"background-color":"","background-image":"","background-repeat":"repeat","background-position":"center center","background-size":"auto","background-attachment":"scroll","background-type":"","background-media":"","overlay-type":"","overlay-color":"","overlay-opacity":"","overlay-gradient":""}},"ast-content-background-meta":{"desktop":{"background-color":"var(--ast-global-color-5)","background-image":"","background-repeat":"repeat","background-position":"center center","background-size":"auto","background-attachment":"scroll","background-type":"","background-media":"","overlay-type":"","overlay-color":"","overlay-opacity":"","overlay-gradient":""},"tablet":{"background-color":"var(--ast-global-color-5)","background-image":"","background-repeat":"repeat","background-position":"center center","background-size":"auto","background-attachment":"scroll","background-type":"","background-media":"","overlay-type":"","overlay-color":"","overlay-opacity":"","overlay-gradient":""},"mobile":{"background-color":"var(--ast-global-color-5)","background-image":"","background-repeat":"repeat","background-position":"center center","background-size":"auto","background-attachment":"scroll","background-type":"","background-media":"","overlay-type":"","overlay-color":"","overlay-opacity":"","overlay-gradient":""}},"footnotes":""},"categories":[8],"tags":[14965,196,11813,15000],"class_list":["post-45934","post","type-post","status-publish","format-standard","has-post-thumbnail","hentry","category-noticias","tag-congo","tag-papa-francisco","tag-pobreza","tag-viaje-apostolico"],"_links":{"self":[{"href":"https:\/\/losperiodistas.com.mx\/portal\/wp-json\/wp\/v2\/posts\/45934","targetHints":{"allow":["GET"]}}],"collection":[{"href":"https:\/\/losperiodistas.com.mx\/portal\/wp-json\/wp\/v2\/posts"}],"about":[{"href":"https:\/\/losperiodistas.com.mx\/portal\/wp-json\/wp\/v2\/types\/post"}],"author":[{"embeddable":true,"href":"https:\/\/losperiodistas.com.mx\/portal\/wp-json\/wp\/v2\/users\/1"}],"replies":[{"embeddable":true,"href":"https:\/\/losperiodistas.com.mx\/portal\/wp-json\/wp\/v2\/comments?post=45934"}],"version-history":[{"count":1,"href":"https:\/\/losperiodistas.com.mx\/portal\/wp-json\/wp\/v2\/posts\/45934\/revisions"}],"predecessor-version":[{"id":45936,"href":"https:\/\/losperiodistas.com.mx\/portal\/wp-json\/wp\/v2\/posts\/45934\/revisions\/45936"}],"wp:featuredmedia":[{"embeddable":true,"href":"https:\/\/losperiodistas.com.mx\/portal\/wp-json\/wp\/v2\/media\/45935"}],"wp:attachment":[{"href":"https:\/\/losperiodistas.com.mx\/portal\/wp-json\/wp\/v2\/media?parent=45934"}],"wp:term":[{"taxonomy":"category","embeddable":true,"href":"https:\/\/losperiodistas.com.mx\/portal\/wp-json\/wp\/v2\/categories?post=45934"},{"taxonomy":"post_tag","embeddable":true,"href":"https:\/\/losperiodistas.com.mx\/portal\/wp-json\/wp\/v2\/tags?post=45934"}],"curies":[{"name":"wp","href":"https:\/\/api.w.org\/{rel}","templated":true}]}}