{"id":45917,"date":"2023-02-01T09:06:22","date_gmt":"2023-02-01T15:06:22","guid":{"rendered":"http:\/\/losperiodistas.com.mx\/portal\/?p=45917"},"modified":"2023-02-01T09:06:24","modified_gmt":"2023-02-01T15:06:24","slug":"monologos-de-menade-el-leon-cree-que-todos-son-de-su-condicion","status":"publish","type":"post","link":"https:\/\/losperiodistas.com.mx\/portal\/monologos-de-menade-el-leon-cree-que-todos-son-de-su-condicion\/","title":{"rendered":"Mon\u00f3logos de M\u00e9nade | El le\u00f3n cree que todos son de su condici\u00f3n"},"content":{"rendered":"\n<figure class=\"wp-block-image size-large is-style-default\"><img fetchpriority=\"high\" decoding=\"async\" width=\"1024\" height=\"576\" src=\"https:\/\/losperiodistas.com.mx\/portal\/wp-content\/uploads\/2023\/02\/El-leon-cree-que-todos-son-de-su-condicion-1024x576.jpg\" alt=\"\" class=\"wp-image-45918\" srcset=\"https:\/\/losperiodistas.com.mx\/portal\/wp-content\/uploads\/2023\/02\/El-leon-cree-que-todos-son-de-su-condicion-1024x576.jpg 1024w, https:\/\/losperiodistas.com.mx\/portal\/wp-content\/uploads\/2023\/02\/El-leon-cree-que-todos-son-de-su-condicion-300x169.jpg 300w, https:\/\/losperiodistas.com.mx\/portal\/wp-content\/uploads\/2023\/02\/El-leon-cree-que-todos-son-de-su-condicion-768x432.jpg 768w, https:\/\/losperiodistas.com.mx\/portal\/wp-content\/uploads\/2023\/02\/El-leon-cree-que-todos-son-de-su-condicion.jpg 1200w\" sizes=\"(max-width: 1024px) 100vw, 1024px\" \/><\/figure>\n\n\n\n<p><\/p>\n\n\n\n<p class=\"has-vivid-red-color has-text-color\" style=\"font-size:26px\"><strong><em>Por Itandehui Rodr\u00edguez<\/em><\/strong><\/p>\n\n\n\n<p>@Itandehui_RoMa<\/p>\n\n\n\n<p>\u00bfCon cu\u00e1nta ligereza se revictimiza a las personas por el simple hecho de ir quedando bien por la vida con alguna actora o actor pol\u00edtico?<\/p>\n\n\n\n<p>\u00bfQu\u00e9 sienten al saber que la labor de informar ha sido desplazada por el inter\u00e9s personal de quien comunica? O de quien le dicta.<\/p>\n\n\n\n<p>En muchas ocasiones me han dicho que soy la pluma del Yunque.<\/p>\n\n\n\n<p>Es la hora en que no conozco a alguien que porte un \u2018cucurucho\u2019 y una t\u00fanica y me haya dicho, que pertenece a esa organizaci\u00f3n. Es m\u00e1s, ser\u00eda la pluma m\u00e1s tonta del Yunque porque no me han dado un peso hasta el momento.<\/p>\n\n\n\n<p>Dicen que tengo un problema personal con el presidente nacional del PRI y no, no lo tengo. Es m\u00e1s, el se\u00f1or ni me topa, a menos que \u2018alguien\u2019 que tenga comunicaci\u00f3n directa con \u00e9l haga el favor de mandarle mis columnas\u2026 Como ya lo ha hecho antes. Pero s\u00ed, s\u00ed tengo una aversi\u00f3n por los corruptos, no la puedo negar, \u2018sorry not sorry\u2019.<\/p>\n\n\n\n<p>Han dicho que me dictan de&nbsp;<a href=\"https:\/\/programadestinosmexico.com\/que-ver\/arquitectura-colonial\/palacio-de-gobierno-del-estado-puebla.html\" target=\"_blank\" rel=\"noreferrer noopener\">Casa Aguayo<\/a>. El d\u00eda que quieran pongo sobre la mesa que me indiquen mi celular debloqueado y los reto a que me digan qui\u00e9n demonios me dicta.<\/p>\n\n\n\n<p>Llegamos a un punto en la vida en el que pareciera que todos nos movemos por instrucci\u00f3n. Y aunque no lo crean quedamos algunos, pocos, que lo hacemos por convicci\u00f3n.<\/p>\n\n\n\n<p>No cabe duda, el le\u00f3n cree que todos son de su condici\u00f3n.<\/p>\n\n\n\n<p>Dudo que qui\u00e9nes hoy revictimizan orquestadamente a&nbsp;<a href=\"https:\/\/www.apartadomex.com\/apartado-puebla\/claudia-rivera-violento-a-extrabajadora-del-ayuntamiento-de-puebla-teep\/1947\/\" target=\"_blank\" rel=\"noreferrer noopener\">una mujer que fue atacada por otra mujer<\/a>, de acuerdo con las autoridades electorales, lo hagan por convicci\u00f3n. Lo hacen m\u00e1s bien por instrucci\u00f3n.<\/p>\n\n\n\n<p>Tambi\u00e9n supongo que lo que viene de compensaci\u00f3n, viene bien, porque correr el riesgo de una denuncia, gratuitamente, me parece el acto de un verdadero \u2018kamikaze\u2019.<\/p>\n\n\n\n<p>Pero, \u00bfrealmente eso es lo que queremos leer? \u00bfLo que alguien m\u00e1s manda dictar?<\/p>\n\n\n\n<p>\u00bfRealmente nos interesa ver mensajes cargados de vulgaridad, obsenidades y faltas de respeto?<\/p>\n\n\n\n<p>\u00bfEl debate que queremos en redes sociales es el de personas que se limitan a usar groser\u00edas para denostar a qui\u00e9nes les parecen inc\u00f3modos o con qui\u00e9nes no congenian?<\/p>\n\n\n\n<p>\u00bfAlguien se habr\u00e1 detenido a pensar qu\u00e9 demonios quieren consumir los lectores? Porque ser\u00edamos demasiado soberbios si crey\u00e9ramos que la gente ama lo que publicamos y m\u00e1s cuando esas columnas son dictadas.<\/p>\n\n\n\n<p>Hemos permitido -y me incluyo como una columnista m\u00e1s, no porque alguien \u2018me tire l\u00ednea\u2019-, que las agendas econ\u00f3micas y personales se conviertan en opini\u00f3n, cu\u00e1ndo qui\u00e9n opinia deber\u00eda intentar esforzarse por ser objetiva y objetivo.<\/p>\n\n\n\n<p>Dec\u00eda mi querida Selene R\u00edos que Google tiene memoria y ten\u00eda raz\u00f3n, todo lo que decimos y publicamos hoy, alguien nos lo recordar\u00e1 ma\u00f1ana.<\/p>\n\n\n\n<p>Comparto esta reflexi\u00f3n en un d\u00eda en el que la esperanza abandon\u00f3 este cuerpo pecador, ma\u00f1ana ser\u00e1 mejor, pero hoy, necesitaba escribir esto.<\/p>\n\n\n\n<p>Tambi\u00e9n te puede interesar:<\/p>\n\n\n\n<figure class=\"wp-block-embed is-type-wp-embed is-provider-apartado-mex wp-block-embed-apartado-mex\"><div class=\"wp-block-embed__wrapper\">\n<blockquote class=\"wp-embedded-content\" data-secret=\"rZWrg2LQrz\"><a href=\"https:\/\/www.apartadomex.com\/opinion\/monologos-de-menade\/mujer-contra-mujer\/2165\/\">Mujer contra mujer<\/a><\/blockquote><iframe class=\"wp-embedded-content\" sandbox=\"allow-scripts\" security=\"restricted\" style=\"position: absolute; visibility: hidden;\" title=\"&#8220;Mujer contra mujer&#8221; &#8212; Apartado MEX\" src=\"https:\/\/www.apartadomex.com\/opinion\/monologos-de-menade\/mujer-contra-mujer\/2165\/embed\/#?secret=oQZDq3IlEM#?secret=rZWrg2LQrz\" data-secret=\"rZWrg2LQrz\" width=\"500\" height=\"282\" frameborder=\"0\" marginwidth=\"0\" marginheight=\"0\" scrolling=\"no\"><\/iframe>\n<\/div><\/figure>\n","protected":false},"excerpt":{"rendered":"<p>Por Itandehui Rodr\u00edguez @Itandehui_RoMa \u00bfCon cu\u00e1nta ligereza se revictimiza a las personas por el simple hecho de ir quedando bien [&hellip;]<\/p>\n","protected":false},"author":1,"featured_media":45918,"comment_status":"open","ping_status":"open","sticky":false,"template":"","format":"standard","meta":{"site-sidebar-layout":"default","site-content-layout":"","ast-site-content-layout":"default","site-content-style":"default","site-sidebar-style":"default","ast-global-header-display":"","ast-banner-title-visibility":"","ast-main-header-display":"","ast-hfb-above-header-display":"","ast-hfb-below-header-display":"","ast-hfb-mobile-header-display":"","site-post-title":"","ast-breadcrumbs-content":"","ast-featured-img":"","footer-sml-layout":"","theme-transparent-header-meta":"","adv-header-id-meta":"","stick-header-meta":"","header-above-stick-meta":"","header-main-stick-meta":"","header-below-stick-meta":"","astra-migrate-meta-layouts":"default","ast-page-background-enabled":"default","ast-page-background-meta":{"desktop":{"background-color":"var(--ast-global-color-4)","background-image":"","background-repeat":"repeat","background-position":"center center","background-size":"auto","background-attachment":"scroll","background-type":"","background-media":"","overlay-type":"","overlay-color":"","overlay-opacity":"","overlay-gradient":""},"tablet":{"background-color":"","background-image":"","background-repeat":"repeat","background-position":"center center","background-size":"auto","background-attachment":"scroll","background-type":"","background-media":"","overlay-type":"","overlay-color":"","overlay-opacity":"","overlay-gradient":""},"mobile":{"background-color":"","background-image":"","background-repeat":"repeat","background-position":"center center","background-size":"auto","background-attachment":"scroll","background-type":"","background-media":"","overlay-type":"","overlay-color":"","overlay-opacity":"","overlay-gradient":""}},"ast-content-background-meta":{"desktop":{"background-color":"var(--ast-global-color-5)","background-image":"","background-repeat":"repeat","background-position":"center center","background-size":"auto","background-attachment":"scroll","background-type":"","background-media":"","overlay-type":"","overlay-color":"","overlay-opacity":"","overlay-gradient":""},"tablet":{"background-color":"var(--ast-global-color-5)","background-image":"","background-repeat":"repeat","background-position":"center center","background-size":"auto","background-attachment":"scroll","background-type":"","background-media":"","overlay-type":"","overlay-color":"","overlay-opacity":"","overlay-gradient":""},"mobile":{"background-color":"var(--ast-global-color-5)","background-image":"","background-repeat":"repeat","background-position":"center center","background-size":"auto","background-attachment":"scroll","background-type":"","background-media":"","overlay-type":"","overlay-color":"","overlay-opacity":"","overlay-gradient":""}},"footnotes":""},"categories":[8,22],"tags":[14999,14998],"class_list":["post-45917","post","type-post","status-publish","format-standard","has-post-thumbnail","hentry","category-noticias","category-opinion-invitada","tag-dignidad-periodistica","tag-mujeres-periodistas"],"_links":{"self":[{"href":"https:\/\/losperiodistas.com.mx\/portal\/wp-json\/wp\/v2\/posts\/45917","targetHints":{"allow":["GET"]}}],"collection":[{"href":"https:\/\/losperiodistas.com.mx\/portal\/wp-json\/wp\/v2\/posts"}],"about":[{"href":"https:\/\/losperiodistas.com.mx\/portal\/wp-json\/wp\/v2\/types\/post"}],"author":[{"embeddable":true,"href":"https:\/\/losperiodistas.com.mx\/portal\/wp-json\/wp\/v2\/users\/1"}],"replies":[{"embeddable":true,"href":"https:\/\/losperiodistas.com.mx\/portal\/wp-json\/wp\/v2\/comments?post=45917"}],"version-history":[{"count":1,"href":"https:\/\/losperiodistas.com.mx\/portal\/wp-json\/wp\/v2\/posts\/45917\/revisions"}],"predecessor-version":[{"id":45919,"href":"https:\/\/losperiodistas.com.mx\/portal\/wp-json\/wp\/v2\/posts\/45917\/revisions\/45919"}],"wp:featuredmedia":[{"embeddable":true,"href":"https:\/\/losperiodistas.com.mx\/portal\/wp-json\/wp\/v2\/media\/45918"}],"wp:attachment":[{"href":"https:\/\/losperiodistas.com.mx\/portal\/wp-json\/wp\/v2\/media?parent=45917"}],"wp:term":[{"taxonomy":"category","embeddable":true,"href":"https:\/\/losperiodistas.com.mx\/portal\/wp-json\/wp\/v2\/categories?post=45917"},{"taxonomy":"post_tag","embeddable":true,"href":"https:\/\/losperiodistas.com.mx\/portal\/wp-json\/wp\/v2\/tags?post=45917"}],"curies":[{"name":"wp","href":"https:\/\/api.w.org\/{rel}","templated":true}]}}