{"id":45897,"date":"2023-02-01T06:47:04","date_gmt":"2023-02-01T12:47:04","guid":{"rendered":"http:\/\/losperiodistas.com.mx\/portal\/?p=45897"},"modified":"2023-02-01T06:47:06","modified_gmt":"2023-02-01T12:47:06","slug":"juliette-binoche-recibira-el-goya-internacional-2023-rtve","status":"publish","type":"post","link":"https:\/\/losperiodistas.com.mx\/portal\/juliette-binoche-recibira-el-goya-internacional-2023-rtve\/","title":{"rendered":"Juliette Binoche recibir\u00e1 el Goya Internacional 2023 | Rtve"},"content":{"rendered":"\n<ul class=\"has-light-green-cyan-background-color has-background has-medium-font-size wp-block-list\"><li>La gala de los Goya tendr\u00e1 lugar el pr\u00f3ximo 11 de febrero en Sevilla, presentada por Clara Lago y Antonio de la Torre<\/li><\/ul>\n\n\n\n<figure class=\"wp-block-image size-large is-style-default\"><img fetchpriority=\"high\" decoding=\"async\" width=\"1024\" height=\"576\" src=\"https:\/\/losperiodistas.com.mx\/portal\/wp-content\/uploads\/2023\/02\/binoche-1024x576.jpeg\" alt=\"\" class=\"wp-image-45902\" srcset=\"https:\/\/losperiodistas.com.mx\/portal\/wp-content\/uploads\/2023\/02\/binoche-1024x576.jpeg 1024w, https:\/\/losperiodistas.com.mx\/portal\/wp-content\/uploads\/2023\/02\/binoche-300x169.jpeg 300w, https:\/\/losperiodistas.com.mx\/portal\/wp-content\/uploads\/2023\/02\/binoche-768x432.jpeg 768w, https:\/\/losperiodistas.com.mx\/portal\/wp-content\/uploads\/2023\/02\/binoche-1536x864.jpeg 1536w, https:\/\/losperiodistas.com.mx\/portal\/wp-content\/uploads\/2023\/02\/binoche.jpeg 1600w\" sizes=\"(max-width: 1024px) 100vw, 1024px\" \/><figcaption>La actriz francesa Juliette Binoche.\u00a0<em>EFE<\/em><\/figcaption><\/figure>\n\n\n\n<p class=\"has-vivid-red-color has-text-color has-medium-font-size\"><strong>RTVE<\/strong><\/p>\n\n\n\n<p><strong>La actriz francesa Juliette Binoche recibir\u00e1 el&nbsp;Goya Internacional,&nbsp;<\/strong>el reconocimiento de la Academia de Cine espa\u00f1ola para \u00abpersonalidades que contribuyen al cine como arte que une culturas y espectadores de todo el mundo\u00bb y que se entrega por segunda vez tras el que se&nbsp;<a href=\"https:\/\/www.rtve.es\/n\/2276342\">concedi\u00f3 el a\u00f1o pasado a la actriz Cate Blanchett<\/a>. La Academia de CIne ha se\u00f1alado en su comuniciado \u00absu extraordinaria trayectoria que la sit\u00faa como&nbsp;<strong>uno de los nombres mas admirados y reconocidos del cine europeo e internacional&nbsp;<\/strong>y su apuesta por autores arriesgados, plasmada en un buen n\u00famero de interpretaciones inolvidables\u00bb.<\/p>\n\n\n\n<p>Distinguida con el Oscar, el C\u00e9sar y el Bafta, los premios de interpretaci\u00f3n en los festivales de Cannes, Berl\u00edn y Venecia, la actriz parisina tambi\u00e9n estuvo nominada al Goya a la mejor actriz en 2016 por&nbsp;<a href=\"https:\/\/www.rtve.es\/play\/videos\/somos-cine\/nadie-quiere-la-noche\/5817131\/\"><em>Nadie quiere la noche<\/em><\/a>, de&nbsp;<strong>Isabel Coixet<\/strong>.&nbsp;<\/p>\n\n\n\n<p>El a\u00f1o pasado, la actriz recibi\u00f3 el&nbsp;<a href=\"https:\/\/www.rtve.es\/noticias\/20220513\/juliette-binoche-recibira-premio-donostia-zinemaldia-2022\/2348182.shtml#:~:text=%C2%BB%20Noticias-,Juliette%20Binoche%20recibir%C3%A1%20el%20Premio%20Donostia%20del,Cine%20de%20San%20Sebasti%C3%A1n%202022&amp;text=4%20min.,y%20el%2024%20de%20septiembre.\">Premio Donostia del Festival de San Sebasti\u00e1n<\/a>. En&nbsp;<a href=\"https:\/\/www.rtve.es\/noticias\/20220918\/juliette-binoche-premio-donostia-festival-san-sebastian\/2402652.shtml\">una entrevista con RTVE.es<\/a>&nbsp;se\u00f1alaba que \u00abla alegr\u00eda de recibir un premio no se pod\u00eda comparar con la alegr\u00eda de cumplir con un trabajo en el teatro, como interpretar a Tenesse Williams en Nueva York\u00bb. Y que su trabajo como actriz le hab\u00eda ense\u00f1ado a&nbsp;\u00aba&nbsp;abandonar los miedos\u00bb, transformarse&nbsp;y confiar en s\u00ed misma. \u00abY a crear una relaci\u00f3n dentro de ti que es m\u00e1s profunda que esas palabras del guion:&nbsp;lo que est\u00e1 escrito es una parte, pero tienes que crear lo invisible\u201d, explicaba.<\/p>\n\n\n\n<h3 class=\"wp-block-heading\"><strong>Una estrella europea e internacional<\/strong><\/h3>\n\n\n\n<p>Binoche (Par\u00eds, 1964)&nbsp;<strong>debut\u00f3 en el cine con&nbsp;<em>Liberty Belle<\/em><\/strong>, a la que siguieron algunos papeles en obras de cineastas como Jean-Luc Godard o&nbsp;Jacques Doillon. La ic\u00f3nica&nbsp;<em>Mala sangre<\/em>&nbsp;(1986) supuso su primera colaboraci\u00f3n con Leos Carax, a cuyas \u00f3rdenes tambi\u00e9n film\u00f3&nbsp;<em>Los amantes del Pont-Neuf<\/em>&nbsp;(1991).<\/p>\n\n\n\n<p>Desde los inicios de su carrera ha alternado t\u00edtulos rodados en franc\u00e9s con otros muchos realizados en ingl\u00e9s como las adaptaciones literarias de&nbsp;<em>La insoportable levedad del ser<\/em>,&nbsp;<em>Cumbres borrascosas&nbsp;<\/em>o&nbsp;<em>Herida<\/em>&nbsp;, en las que actu\u00f3 con Daniel Day-Lewis, Ralph Fiennes y Jeremy Irons, respectivamente.<\/p>\n\n\n\n<p>Binoche encarn\u00f3 a una mujer en duelo en la pel\u00edcula que<strong>&nbsp;inaugur\u00f3 la c\u00e9lebre trilog\u00eda de Krzysztof Kieslowski,&nbsp;<em>Tres colores: Azul<\/em><\/strong>, por cuyo trabajo recibi\u00f3 el Premio a la Mejor actriz en el Festival de Venecia y un Premio C\u00e9sar, distinci\u00f3n a la que ha optado en nueve ocasiones m\u00e1s.&nbsp;Pero el reconocimiento internacional masivo le lleg\u00f3 gracias a su personaje de enfermera en&nbsp;<strong><em>El paciente ingl\u00e9s<\/em><\/strong>&nbsp;(1996), que&nbsp;<strong>le proporcion\u00f3 el Oscar a la Mejor actriz de reparto y el Premio a la mejor actriz en el Festival de Berl\u00edn<\/strong>.<\/p>\n\n\n\n<p>Protagoniz\u00f3&nbsp;<em>Chocolat<\/em>&nbsp;y con&nbsp;Michael Haneke&nbsp;ha rodado&nbsp;<em>C\u00f3digo desconocido&nbsp;<\/em>y&nbsp;<em>Escondido<\/em>&nbsp;(2005).&nbsp;Su trabajo con Abbas Kiarostami, 2008 en&nbsp;<strong><em>Copia certificada<\/em><\/strong>&nbsp;(2010)&nbsp;le vali\u00f3 el&nbsp;<strong>Premio a la mejor actriz en el Festival de Cannes<\/strong>. Entre sus \u00faltimos trabajos figuran&nbsp;<em>La verdad<\/em>&nbsp; o<em>&nbsp;En un muelle de Normand\u00eda.<\/em><\/p>\n\n\n\n<p>La gala de&nbsp;<a href=\"https:\/\/www.rtve.es\/noticias\/los-goya\/\">los Goya<\/a>&nbsp;tendr\u00e1 lugar el pr\u00f3ximo 11 de febrero en Sevilla y ser\u00e1&nbsp;<a href=\"https:\/\/www.rtve.es\/noticias\/20230111\/antonio-torre-clara-lago-presentadores-goya-no-vamos-ir-graciosos-ni-ser-plastas\/2415208.shtml\">presentada por Clara Lago y Antonio de la Torre<\/a>.&nbsp;Ser\u00e1 la segunda ocasi\u00f3n en la que la capital andaluza acoja los premios tras la&nbsp;<a href=\"https:\/\/www.rtve.es\/noticias\/los-goya\/2019\/\">ceremonia de 2019<\/a>. Los Goya tienen en 2023 m\u00e1s nominados que nunca ya que la Academia de Cine&nbsp;<a href=\"https:\/\/www.rtve.es\/n\/2385807\">ampli\u00f3 a cinco los nominados en todas las categor\u00edas<\/a>.<\/p>\n\n\n\n<p><em><a href=\"https:\/\/www.rtve.es\/noticias\/20220527\/as-bestas-sorogoyen-cannes\/2353120.shtml\">As Bestas<\/a><\/em>, de&nbsp;<strong>Rodrigo Soroyen<\/strong>, y&nbsp;<a href=\"https:\/\/www.rtve.es\/noticias\/20220916\/modelo-77-san-sebastian-alberto-rodriguez-miguel-herran\/2402505.shtml\"><em>Modelo 77<\/em><\/a>, de&nbsp;<strong>Alberto Rodr\u00edguez<\/strong>, lideran las nominaciones a los&nbsp;<a href=\"https:\/\/www.rtve.es\/noticias\/los-goya\/\">Premios Goya<\/a>&nbsp;con 17 y 16 candidaturas respectivamente, tras el anuncio realizado en la Academia de Cine de Madrid. Competir\u00e1n por el Goya a mejor pel\u00edcula con&nbsp;<em><a href=\"https:\/\/www.rtve.es\/noticias\/20220427\/10-razones-alcarras-carla-simon-pelicula-espanola-del-ano\/2340060.shtml\">Alcarr\u00e0s<\/a><\/em>, de&nbsp;<strong>Carla Sim\u00f3n,&nbsp;<\/strong><em><a href=\"https:\/\/www.rtve.es\/television\/20220326\/cinco-lobitos-festival-malaga-susi-sanchez-laia-costa-alauda-ruiz\/2315547.shtml\">Cinco lobitos<\/a><\/em>, de&nbsp;<strong>Alauda Ruiz de Az\u00faa,&nbsp;<\/strong>y&nbsp;<a href=\"https:\/\/www.rtve.es\/noticias\/20220922\/peliculas-espanolas-san-sebastian-concha-oro\/2403300.shtml\"><em>La maternal<\/em><\/a><strong><em>,<\/em>&nbsp;de Pilar Palomero:<\/strong>&nbsp;las tres, como&nbsp;<em>As bestas<\/em>, cuentan con la participaci\u00f3n de RTVE en la producci\u00f3n.<\/p>\n\n\n\n<p><a href=\"https:\/\/www.rtve.es\/noticias\/los-goya\/nominados\/\">[LISTADO COMPLETO DE NOMINADOS A LOS GOYA 2023]<\/a><\/p>\n\n\n\n<p>El otro Goya ya anunciado es el\u00a0de\u00a0<a href=\"https:\/\/www.rtve.es\/noticias\/20221006\/carlos-saura-goya-honor-2023\/2405205.shtml\">Honor para el cineasta\u00a0<\/a><strong><a href=\"https:\/\/www.rtve.es\/noticias\/20221006\/carlos-saura-goya-honor-2023\/2405205.shtml\">Carlos Saura<\/a>,\u00a0<\/strong>uno de los grandes directores de la historia del cine mundial, al que la Academia reconoce,\u00a0<strong>\u00abhaber dado forma a la historia del cine espa\u00f1ol moderno\u00bb.<\/strong><\/p>\n\n\n\n<p>Fuente: https:\/\/www.rtve.es\/noticias\/20230131\/juliette-binoche-goya-internacional\/2419198.shtml<\/p>\n","protected":false},"excerpt":{"rendered":"<p>La gala de los Goya tendr\u00e1 lugar el pr\u00f3ximo 11 de febrero en Sevilla, presentada por Clara Lago y Antonio [&hellip;]<\/p>\n","protected":false},"author":1,"featured_media":45902,"comment_status":"open","ping_status":"open","sticky":false,"template":"","format":"standard","meta":{"site-sidebar-layout":"default","site-content-layout":"","ast-site-content-layout":"default","site-content-style":"default","site-sidebar-style":"default","ast-global-header-display":"","ast-banner-title-visibility":"","ast-main-header-display":"","ast-hfb-above-header-display":"","ast-hfb-below-header-display":"","ast-hfb-mobile-header-display":"","site-post-title":"","ast-breadcrumbs-content":"","ast-featured-img":"","footer-sml-layout":"","theme-transparent-header-meta":"","adv-header-id-meta":"","stick-header-meta":"","header-above-stick-meta":"","header-main-stick-meta":"","header-below-stick-meta":"","astra-migrate-meta-layouts":"default","ast-page-background-enabled":"default","ast-page-background-meta":{"desktop":{"background-color":"var(--ast-global-color-4)","background-image":"","background-repeat":"repeat","background-position":"center center","background-size":"auto","background-attachment":"scroll","background-type":"","background-media":"","overlay-type":"","overlay-color":"","overlay-opacity":"","overlay-gradient":""},"tablet":{"background-color":"","background-image":"","background-repeat":"repeat","background-position":"center center","background-size":"auto","background-attachment":"scroll","background-type":"","background-media":"","overlay-type":"","overlay-color":"","overlay-opacity":"","overlay-gradient":""},"mobile":{"background-color":"","background-image":"","background-repeat":"repeat","background-position":"center center","background-size":"auto","background-attachment":"scroll","background-type":"","background-media":"","overlay-type":"","overlay-color":"","overlay-opacity":"","overlay-gradient":""}},"ast-content-background-meta":{"desktop":{"background-color":"var(--ast-global-color-5)","background-image":"","background-repeat":"repeat","background-position":"center center","background-size":"auto","background-attachment":"scroll","background-type":"","background-media":"","overlay-type":"","overlay-color":"","overlay-opacity":"","overlay-gradient":""},"tablet":{"background-color":"var(--ast-global-color-5)","background-image":"","background-repeat":"repeat","background-position":"center center","background-size":"auto","background-attachment":"scroll","background-type":"","background-media":"","overlay-type":"","overlay-color":"","overlay-opacity":"","overlay-gradient":""},"mobile":{"background-color":"var(--ast-global-color-5)","background-image":"","background-repeat":"repeat","background-position":"center center","background-size":"auto","background-attachment":"scroll","background-type":"","background-media":"","overlay-type":"","overlay-color":"","overlay-opacity":"","overlay-gradient":""}},"footnotes":""},"categories":[8],"tags":[8200,14997],"class_list":["post-45897","post","type-post","status-publish","format-standard","has-post-thumbnail","hentry","category-noticias","tag-juliette-binoche","tag-premios-goya-2023"],"_links":{"self":[{"href":"https:\/\/losperiodistas.com.mx\/portal\/wp-json\/wp\/v2\/posts\/45897","targetHints":{"allow":["GET"]}}],"collection":[{"href":"https:\/\/losperiodistas.com.mx\/portal\/wp-json\/wp\/v2\/posts"}],"about":[{"href":"https:\/\/losperiodistas.com.mx\/portal\/wp-json\/wp\/v2\/types\/post"}],"author":[{"embeddable":true,"href":"https:\/\/losperiodistas.com.mx\/portal\/wp-json\/wp\/v2\/users\/1"}],"replies":[{"embeddable":true,"href":"https:\/\/losperiodistas.com.mx\/portal\/wp-json\/wp\/v2\/comments?post=45897"}],"version-history":[{"count":1,"href":"https:\/\/losperiodistas.com.mx\/portal\/wp-json\/wp\/v2\/posts\/45897\/revisions"}],"predecessor-version":[{"id":45903,"href":"https:\/\/losperiodistas.com.mx\/portal\/wp-json\/wp\/v2\/posts\/45897\/revisions\/45903"}],"wp:featuredmedia":[{"embeddable":true,"href":"https:\/\/losperiodistas.com.mx\/portal\/wp-json\/wp\/v2\/media\/45902"}],"wp:attachment":[{"href":"https:\/\/losperiodistas.com.mx\/portal\/wp-json\/wp\/v2\/media?parent=45897"}],"wp:term":[{"taxonomy":"category","embeddable":true,"href":"https:\/\/losperiodistas.com.mx\/portal\/wp-json\/wp\/v2\/categories?post=45897"},{"taxonomy":"post_tag","embeddable":true,"href":"https:\/\/losperiodistas.com.mx\/portal\/wp-json\/wp\/v2\/tags?post=45897"}],"curies":[{"name":"wp","href":"https:\/\/api.w.org\/{rel}","templated":true}]}}