{"id":45704,"date":"2023-01-29T18:28:26","date_gmt":"2023-01-30T00:28:26","guid":{"rendered":"http:\/\/losperiodistas.com.mx\/portal\/?p=45704"},"modified":"2023-01-29T18:28:28","modified_gmt":"2023-01-30T00:28:28","slug":"las-cloacas","status":"publish","type":"post","link":"https:\/\/losperiodistas.com.mx\/portal\/las-cloacas\/","title":{"rendered":"Las cloacas"},"content":{"rendered":"\n<p class=\"has-medium-font-size\"><em>La ruta de la sucesi\u00f3n en 2024 abre las cloacas de la pol\u00edtica nacional y poblana, el lodo salpicar\u00e1 a muchos y algunos nombres del pasado se repetir\u00e1n en el futuro inmediato, aunque en frentes diferentes.<\/em><\/p>\n\n\n\n<p><\/p>\n\n\n\n<figure class=\"wp-block-embed is-type-video is-provider-youtube wp-block-embed-youtube wp-embed-aspect-16-9 wp-has-aspect-ratio\"><div class=\"wp-block-embed__wrapper\">\n<iframe title=\"Las cloacas | Enero 29 2023\" width=\"500\" height=\"281\" src=\"https:\/\/www.youtube.com\/embed\/kC1OLEEth4A?feature=oembed\" frameborder=\"0\" allow=\"accelerometer; autoplay; clipboard-write; encrypted-media; gyroscope; picture-in-picture; web-share\" referrerpolicy=\"strict-origin-when-cross-origin\" allowfullscreen><\/iframe>\n<\/div><\/figure>\n\n\n\n<p><\/p>\n\n\n\n<p class=\"has-vivid-red-color has-text-color\" style=\"font-size:26px\"><em>Por Jes\u00fas Manuel Hern\u00e1ndez<\/em><\/p>\n\n\n\n<p>Los \u00faltimos d\u00edas han venido apareciendo informaciones donde la blancura y transparencia de los actores con miras al 2024 quedan manchadas, como si desde alg\u00fan sitio, oculto o escondido, intencionalmente, se fueran <strong>formando las fichas negativas de quienes acuden a la carrera no solo presidencial, tambi\u00e9n gubernamental en el caso de Puebla<\/strong>.<\/p>\n\n\n\n<p>As\u00ed los accidentes en el METRO se ocultan bajo <strong>la premisa del sabotaje<\/strong>, la falta de presupuesto para mantenimiento queda cobijada por los errores humanos de los enemigos de Claudia Sheinbaum.<\/p>\n\n\n\n<p><strong>El juicio del siglo<\/strong>, a Genaro Garc\u00eda Luna, es aprovechado por el presidente en Las Ma\u00f1aneras, con una secci\u00f3n especial, para informar al pueblo, bueno y sabio, de lo que est\u00e1 pasando en Nueva York y esperando que aparezcan <strong>los nombres de los expresidentes emanados del PAN<\/strong>.<\/p>\n\n\n\n<p>Moneros, caricaturistas y columnistas arrecian <strong>la exposici\u00f3n de Ad\u00e1n Augusto<\/strong> y lo descubren como el verdadero <strong>caballo negro<\/strong> llegado del sureste mexicano para continuar con el legado de L\u00f3pez Obrador, <strong>\u201csu hermano\u201d.<\/strong><\/p>\n\n\n\n<p>Y qu\u00e9 decir de la pol\u00edtica aldeana, el senador Alejandro Armenta \u201cdestap\u00f3\u201d a otros aspirantes y en consecuencia vienen los cuestionamientos, la exhibici\u00f3n de los perfiles, <strong>tirar lodo, manchar, es la consigna de unos y otros en este galimat\u00edas pol\u00edtico y aldeano<\/strong>.<\/p>\n\n\n\n<p>A Claudia Rivera le \u201crevivieron\u201d aquel asunto de violencia pol\u00edtica de g\u00e9nero, hostigamiento y acoso laboral, quiz\u00e1 porque en la dirigencia nacional se ha soltado la versi\u00f3n de que <strong>ante la disputa interna por Puebla, una mujer ser\u00eda la soluci\u00f3n de MORENA<\/strong>; a Nacho Mier le destapan el tema de la \u201ctitulaci\u00f3n\u201d y su controvertida declaraci\u00f3n vino a enlodar m\u00e1s el escenario.<\/p>\n\n\n\n<p>Por si fuera poco un acucioso lector le descubre al senador Armenta errores en su \u00faltimo libro, lo que alienta <strong>especular si lo escribi\u00f3 o la mand\u00f3 a escribir<\/strong>.<\/p>\n\n\n\n<p>El escenario se antoja como aquella versi\u00f3n de <strong>V\u00edctor Hugo en Los Miserables<\/strong>:<\/p>\n\n\n\n<p>\u201cLa historia de las ciudades se refleja en sus cloacas. La de Par\u00eds ha sido algo formidable. Ha sido sepulcro, ha sido asilo. El crimen, la inteligencia, la protesta social, la libertad de conciencia, el pensamiento, el robo, todo lo que las leyes humanas persiguen, se ha ocultado en ese hoyo. Hasta ha sido sucursal de la Corte de los Milagros\u2026\u201d<\/p>\n\n\n\n<p>Los poblanos estamos asistiendo a la inauguraci\u00f3n de la nueva temporada de esta serie que concluir\u00e1 en menos de dos a\u00f1os.<\/p>\n\n\n\n<p>Imag\u00ednese el lector <strong>cu\u00e1nto lodo salpicar\u00e1 a quienes andan metidos entre las patas de los caballos<\/strong>.<\/p>\n\n\n\n<p>Y ahora que regres\u00f3 el tema de <strong>Mario Mar\u00edn y Kamel Nacif<\/strong>, quiz\u00e1 vaya siendo oportuno <strong>recordar a los actores, pero no solo a los \u201doperadores\u201d,&nbsp;tambi\u00e9n a los \u201capoyadores\u201d<\/strong> \u00bfo acaso alguien ha olvidado los desplegados en defensa de Kamel?<\/p>\n\n\n\n<p>De pronto una revisi\u00f3n no dejar\u00eda dudas de c\u00f3mo se repiten los actores de ayer y los de hoy.<\/p>\n\n\n\n<p>O por lo menos, as\u00ed me lo parece.<\/p>\n\n\n\n<p><a href=\"mailto:losperiodistas.com.mx@gmail.com\">losperiodistas.com.mx@gmail.com<\/a><\/p>\n","protected":false},"excerpt":{"rendered":"<p>La ruta de la sucesi\u00f3n en 2024 abre las cloacas de la pol\u00edtica nacional y poblana, el lodo salpicar\u00e1 a [&hellip;]<\/p>\n","protected":false},"author":1,"featured_media":45705,"comment_status":"open","ping_status":"open","sticky":false,"template":"","format":"standard","meta":{"site-sidebar-layout":"default","site-content-layout":"","ast-site-content-layout":"default","site-content-style":"default","site-sidebar-style":"default","ast-global-header-display":"","ast-banner-title-visibility":"","ast-main-header-display":"","ast-hfb-above-header-display":"","ast-hfb-below-header-display":"","ast-hfb-mobile-header-display":"","site-post-title":"","ast-breadcrumbs-content":"","ast-featured-img":"","footer-sml-layout":"","theme-transparent-header-meta":"","adv-header-id-meta":"","stick-header-meta":"","header-above-stick-meta":"","header-main-stick-meta":"","header-below-stick-meta":"","astra-migrate-meta-layouts":"default","ast-page-background-enabled":"default","ast-page-background-meta":{"desktop":{"background-color":"var(--ast-global-color-4)","background-image":"","background-repeat":"repeat","background-position":"center center","background-size":"auto","background-attachment":"scroll","background-type":"","background-media":"","overlay-type":"","overlay-color":"","overlay-opacity":"","overlay-gradient":""},"tablet":{"background-color":"","background-image":"","background-repeat":"repeat","background-position":"center center","background-size":"auto","background-attachment":"scroll","background-type":"","background-media":"","overlay-type":"","overlay-color":"","overlay-opacity":"","overlay-gradient":""},"mobile":{"background-color":"","background-image":"","background-repeat":"repeat","background-position":"center center","background-size":"auto","background-attachment":"scroll","background-type":"","background-media":"","overlay-type":"","overlay-color":"","overlay-opacity":"","overlay-gradient":""}},"ast-content-background-meta":{"desktop":{"background-color":"var(--ast-global-color-5)","background-image":"","background-repeat":"repeat","background-position":"center center","background-size":"auto","background-attachment":"scroll","background-type":"","background-media":"","overlay-type":"","overlay-color":"","overlay-opacity":"","overlay-gradient":""},"tablet":{"background-color":"var(--ast-global-color-5)","background-image":"","background-repeat":"repeat","background-position":"center center","background-size":"auto","background-attachment":"scroll","background-type":"","background-media":"","overlay-type":"","overlay-color":"","overlay-opacity":"","overlay-gradient":""},"mobile":{"background-color":"var(--ast-global-color-5)","background-image":"","background-repeat":"repeat","background-position":"center center","background-size":"auto","background-attachment":"scroll","background-type":"","background-media":"","overlay-type":"","overlay-color":"","overlay-opacity":"","overlay-gradient":""}},"footnotes":""},"categories":[8,5],"tags":[5743,8711],"class_list":["post-45704","post","type-post","status-publish","format-standard","has-post-thumbnail","hentry","category-noticias","category-por-soleares","tag-elecciones-mexico-2024","tag-elecciones-puebla-2024"],"_links":{"self":[{"href":"https:\/\/losperiodistas.com.mx\/portal\/wp-json\/wp\/v2\/posts\/45704","targetHints":{"allow":["GET"]}}],"collection":[{"href":"https:\/\/losperiodistas.com.mx\/portal\/wp-json\/wp\/v2\/posts"}],"about":[{"href":"https:\/\/losperiodistas.com.mx\/portal\/wp-json\/wp\/v2\/types\/post"}],"author":[{"embeddable":true,"href":"https:\/\/losperiodistas.com.mx\/portal\/wp-json\/wp\/v2\/users\/1"}],"replies":[{"embeddable":true,"href":"https:\/\/losperiodistas.com.mx\/portal\/wp-json\/wp\/v2\/comments?post=45704"}],"version-history":[{"count":1,"href":"https:\/\/losperiodistas.com.mx\/portal\/wp-json\/wp\/v2\/posts\/45704\/revisions"}],"predecessor-version":[{"id":45706,"href":"https:\/\/losperiodistas.com.mx\/portal\/wp-json\/wp\/v2\/posts\/45704\/revisions\/45706"}],"wp:featuredmedia":[{"embeddable":true,"href":"https:\/\/losperiodistas.com.mx\/portal\/wp-json\/wp\/v2\/media\/45705"}],"wp:attachment":[{"href":"https:\/\/losperiodistas.com.mx\/portal\/wp-json\/wp\/v2\/media?parent=45704"}],"wp:term":[{"taxonomy":"category","embeddable":true,"href":"https:\/\/losperiodistas.com.mx\/portal\/wp-json\/wp\/v2\/categories?post=45704"},{"taxonomy":"post_tag","embeddable":true,"href":"https:\/\/losperiodistas.com.mx\/portal\/wp-json\/wp\/v2\/tags?post=45704"}],"curies":[{"name":"wp","href":"https:\/\/api.w.org\/{rel}","templated":true}]}}