{"id":457,"date":"2020-10-26T14:02:17","date_gmt":"2020-10-26T20:02:17","guid":{"rendered":"http:\/\/losperiodistas.com.mx\/portal\/?p=457"},"modified":"2020-10-26T14:08:07","modified_gmt":"2020-10-26T20:08:07","slug":"lopez-obrador-dice-analiza-proponer-en-onu-retorno-de-todo-patrimonio-mexicano-en-el-mundo-2","status":"publish","type":"post","link":"https:\/\/losperiodistas.com.mx\/portal\/lopez-obrador-dice-analiza-proponer-en-onu-retorno-de-todo-patrimonio-mexicano-en-el-mundo-2\/","title":{"rendered":"Alianza Federalista iniciar\u00e1 batalla por presupuesto; exigen reuni\u00f3n con L\u00f3pez Obrador"},"content":{"rendered":"\n<ul class=\"wp-block-list\"><li>Los gobernadores de la Alianza Federalista demandaron un encuentro con el presidente L\u00f3pez Obrador en la que pedir\u00e1n medidas para evitar que haya una par\u00e1lisis en sus estados<\/li><\/ul>\n\n\n\n<p class=\"has-vivid-cyan-blue-color has-text-color has-medium-font-size\">L\u00d3PEZ-D\u00d3RIGA DIGITAL<\/p>\n\n\n\n<p><strong>Gobernadores<\/strong>&nbsp;integrantes de la Alianza Federalista aseguraron que defender\u00e1n el Presupuesto 2021 y solicitar\u00e1n a la Federaci\u00f3n el apoyo que cada qui\u00e9n merece.<\/p>\n\n\n\n<p>En una publicaci\u00f3n, a trav\u00e9s de su cuenta de Twitter, la Alianza asegur\u00f3 que su petici\u00f3n est\u00e1 respaldada por&nbsp;<strong>empresarios<\/strong>,&nbsp;<strong>actores pol\u00edticos<\/strong>&nbsp;y la&nbsp;<strong>sociedad civil<\/strong>&nbsp;de cada entidad.<\/p>\n\n\n\n<figure class=\"wp-block-image size-large\"><img fetchpriority=\"high\" decoding=\"async\" width=\"1024\" height=\"481\" src=\"https:\/\/losperiodistas.com.mx\/portal\/wp-content\/uploads\/2020\/10\/Captura-de-Pantalla-2020-10-26-a-las-14.05.27-1024x481.jpg\" alt=\"\" class=\"wp-image-461\" srcset=\"https:\/\/losperiodistas.com.mx\/portal\/wp-content\/uploads\/2020\/10\/Captura-de-Pantalla-2020-10-26-a-las-14.05.27-1024x481.jpg 1024w, https:\/\/losperiodistas.com.mx\/portal\/wp-content\/uploads\/2020\/10\/Captura-de-Pantalla-2020-10-26-a-las-14.05.27-300x141.jpg 300w, https:\/\/losperiodistas.com.mx\/portal\/wp-content\/uploads\/2020\/10\/Captura-de-Pantalla-2020-10-26-a-las-14.05.27-768x360.jpg 768w, https:\/\/losperiodistas.com.mx\/portal\/wp-content\/uploads\/2020\/10\/Captura-de-Pantalla-2020-10-26-a-las-14.05.27.jpg 1206w\" sizes=\"(max-width: 1024px) 100vw, 1024px\" \/><\/figure>\n\n\n\n<p>En un pronunciamiento conjunto, los gobernadores demandaron un encuentro con el presidente&nbsp;<strong>Andr\u00e9s Manuel L\u00f3pez Obrador<\/strong>&nbsp;en la que pedir\u00e1n medidas al Gobierno Federal para evitar que haya una par\u00e1lisis en sus estados debido a los recortes presupuestales previstos para 2021.<\/p>\n\n\n\n<p>Enrique Alfaro, gobernador de\u00a0<strong>Jalisco<\/strong>, indic\u00f3 que no permitir\u00e1n que los atropellen y dijo que est\u00e1n listos para dar la batalla pol\u00edtica jur\u00eddica en caso de que sea necesario.<\/p>\n\n\n\n<p><a href=\"https:\/\/twitter.com\/EnriqueAlfaroR\/status\/1320756725666836480?s=20\">https:\/\/twitter.com\/EnriqueAlfaroR\/status\/1320756725666836480?s=20<\/a><\/p>\n\n\n\n<blockquote class=\"wp-block-quote is-layout-flow wp-block-quote-is-layout-flow\"><p>\u201cNuestra demanda no es la de una persona o gobernante. No estamos dispuestos a tolerar m\u00e1s abusos de la Federaci\u00f3n\u201d, advirti\u00f3.<\/p><\/blockquote>\n\n\n\n<p>Por su parte, el gobernador de Chihuahua,\u00a0<strong>Javier Corral<\/strong>, asegur\u00f3 que est\u00e1n dispuestos a acudir a instancias internacionales a fin de garantizar seguridad, derechos humanos, libertades pol\u00edticas y la democracia en sus entidades.<\/p>\n\n\n\n<p><strong>Jaime Rodr\u00edguez Calder\u00f3n<\/strong>, gobernador de Nuevo Le\u00f3n, asegur\u00f3 que otro virus que combatir\u00e1n en el pa\u00eds es el exceso de centralismo y asegur\u00f3 que la Federaci\u00f3n es\u00a0<strong>confrontadora<\/strong>.<\/p>\n\n\n\n<blockquote class=\"wp-block-quote is-layout-flow wp-block-quote-is-layout-flow\"><p>\u201cEl presidente debe escucharnos, si no lo hace, est\u00e1 generando una confronta innecesaria, ser\u00e1 el primer rompimiento con la Federaci\u00f3n y estar\u00e1 a prueba el car\u00e1cter de cada regi\u00f3n\u201d, dijo.<\/p><\/blockquote>\n\n\n\n<p>En los 10 estados integrantes de la&nbsp;<strong>Alianza Federalista<\/strong>, los gobernadores realizaron un evento en el que cerraron filas en torno a este posicionamiento.<\/p>\n\n\n\n<p>Fuente: https:\/\/lopezdoriga.com\/internacional\/alianza-federalista-iniciara-batalla-por-presupuesto-exigen-reunion-con-lopez-obrador\/<\/p>\n","protected":false},"excerpt":{"rendered":"<p>Los gobernadores de la Alianza Federalista demandaron un encuentro con el presidente L\u00f3pez Obrador en la que pedir\u00e1n medidas para [&hellip;]<\/p>\n","protected":false},"author":1,"featured_media":458,"comment_status":"open","ping_status":"open","sticky":false,"template":"","format":"standard","meta":{"site-sidebar-layout":"default","site-content-layout":"","ast-site-content-layout":"default","site-content-style":"default","site-sidebar-style":"default","ast-global-header-display":"","ast-banner-title-visibility":"","ast-main-header-display":"","ast-hfb-above-header-display":"","ast-hfb-below-header-display":"","ast-hfb-mobile-header-display":"","site-post-title":"","ast-breadcrumbs-content":"","ast-featured-img":"","footer-sml-layout":"","theme-transparent-header-meta":"","adv-header-id-meta":"","stick-header-meta":"","header-above-stick-meta":"","header-main-stick-meta":"","header-below-stick-meta":"","astra-migrate-meta-layouts":"default","ast-page-background-enabled":"default","ast-page-background-meta":{"desktop":{"background-color":"var(--ast-global-color-4)","background-image":"","background-repeat":"repeat","background-position":"center center","background-size":"auto","background-attachment":"scroll","background-type":"","background-media":"","overlay-type":"","overlay-color":"","overlay-opacity":"","overlay-gradient":""},"tablet":{"background-color":"","background-image":"","background-repeat":"repeat","background-position":"center center","background-size":"auto","background-attachment":"scroll","background-type":"","background-media":"","overlay-type":"","overlay-color":"","overlay-opacity":"","overlay-gradient":""},"mobile":{"background-color":"","background-image":"","background-repeat":"repeat","background-position":"center center","background-size":"auto","background-attachment":"scroll","background-type":"","background-media":"","overlay-type":"","overlay-color":"","overlay-opacity":"","overlay-gradient":""}},"ast-content-background-meta":{"desktop":{"background-color":"var(--ast-global-color-5)","background-image":"","background-repeat":"repeat","background-position":"center center","background-size":"auto","background-attachment":"scroll","background-type":"","background-media":"","overlay-type":"","overlay-color":"","overlay-opacity":"","overlay-gradient":""},"tablet":{"background-color":"var(--ast-global-color-5)","background-image":"","background-repeat":"repeat","background-position":"center center","background-size":"auto","background-attachment":"scroll","background-type":"","background-media":"","overlay-type":"","overlay-color":"","overlay-opacity":"","overlay-gradient":""},"mobile":{"background-color":"var(--ast-global-color-5)","background-image":"","background-repeat":"repeat","background-position":"center center","background-size":"auto","background-attachment":"scroll","background-type":"","background-media":"","overlay-type":"","overlay-color":"","overlay-opacity":"","overlay-gradient":""}},"footnotes":""},"categories":[8],"tags":[],"class_list":["post-457","post","type-post","status-publish","format-standard","has-post-thumbnail","hentry","category-noticias"],"_links":{"self":[{"href":"https:\/\/losperiodistas.com.mx\/portal\/wp-json\/wp\/v2\/posts\/457","targetHints":{"allow":["GET"]}}],"collection":[{"href":"https:\/\/losperiodistas.com.mx\/portal\/wp-json\/wp\/v2\/posts"}],"about":[{"href":"https:\/\/losperiodistas.com.mx\/portal\/wp-json\/wp\/v2\/types\/post"}],"author":[{"embeddable":true,"href":"https:\/\/losperiodistas.com.mx\/portal\/wp-json\/wp\/v2\/users\/1"}],"replies":[{"embeddable":true,"href":"https:\/\/losperiodistas.com.mx\/portal\/wp-json\/wp\/v2\/comments?post=457"}],"version-history":[{"count":4,"href":"https:\/\/losperiodistas.com.mx\/portal\/wp-json\/wp\/v2\/posts\/457\/revisions"}],"predecessor-version":[{"id":463,"href":"https:\/\/losperiodistas.com.mx\/portal\/wp-json\/wp\/v2\/posts\/457\/revisions\/463"}],"wp:featuredmedia":[{"embeddable":true,"href":"https:\/\/losperiodistas.com.mx\/portal\/wp-json\/wp\/v2\/media\/458"}],"wp:attachment":[{"href":"https:\/\/losperiodistas.com.mx\/portal\/wp-json\/wp\/v2\/media?parent=457"}],"wp:term":[{"taxonomy":"category","embeddable":true,"href":"https:\/\/losperiodistas.com.mx\/portal\/wp-json\/wp\/v2\/categories?post=457"},{"taxonomy":"post_tag","embeddable":true,"href":"https:\/\/losperiodistas.com.mx\/portal\/wp-json\/wp\/v2\/tags?post=457"}],"curies":[{"name":"wp","href":"https:\/\/api.w.org\/{rel}","templated":true}]}}