{"id":45181,"date":"2023-01-20T07:14:48","date_gmt":"2023-01-20T13:14:48","guid":{"rendered":"http:\/\/losperiodistas.com.mx\/portal\/?p=45181"},"modified":"2023-01-20T07:14:50","modified_gmt":"2023-01-20T13:14:50","slug":"expresidenciables-llaman-a-construir-un-futuro-mejor-cardenas-y-labastida-se-suman-a-iniciativa-excelsior","status":"publish","type":"post","link":"https:\/\/losperiodistas.com.mx\/portal\/expresidenciables-llaman-a-construir-un-futuro-mejor-cardenas-y-labastida-se-suman-a-iniciativa-excelsior\/","title":{"rendered":"Expresidenciables llaman a construir un futuro mejor; C\u00e1rdenas y Labastida se suman a iniciativa | Exc\u00e9lsior"},"content":{"rendered":"\n<p class=\"has-light-green-cyan-background-color has-background has-medium-font-size\">El 30 de enero presentar\u00e1n su Punto de Partida para convocar a \u201capaciguar los \u00e1nimos\u201d<\/p>\n\n\n\n<p><\/p>\n\n\n\n<div class=\"wp-block-image is-style-default\"><figure class=\"aligncenter size-full\"><img fetchpriority=\"high\" decoding=\"async\" width=\"800\" height=\"600\" src=\"https:\/\/losperiodistas.com.mx\/portal\/wp-content\/uploads\/2023\/01\/2891370.jpeg\" alt=\"\" class=\"wp-image-45182\" srcset=\"https:\/\/losperiodistas.com.mx\/portal\/wp-content\/uploads\/2023\/01\/2891370.jpeg 800w, https:\/\/losperiodistas.com.mx\/portal\/wp-content\/uploads\/2023\/01\/2891370-300x225.jpeg 300w, https:\/\/losperiodistas.com.mx\/portal\/wp-content\/uploads\/2023\/01\/2891370-768x576.jpeg 768w\" sizes=\"(max-width: 800px) 100vw, 800px\" \/><figcaption>Entre los proyectos de Punto de Partida est\u00e1n hacer grandes obras de agua potable y construir muchos m\u00e1s sistemas de transporte colectivos con un enfoque sostenible.<\/figcaption><\/figure><\/div>\n\n\n\n<p><\/p>\n\n\n\n<p class=\"has-vivid-red-color has-text-color has-medium-font-size\"><strong>LETICIA ROBLES DE LA ROSA \/ EXCELSIOR<\/strong><\/p>\n\n\n\n<p>Ante la necesidad de recomponer al pa\u00eds, que se ha convertido en un Estado omiso en el cumplimiento de sus obligaciones, \u201cque concentra el poder con autoritarismo\u201d, que se militariza, se construye y se comunica \u201ccon la mentira\u201d, excandidatos presidenciales, acad\u00e9micos y l\u00edderes sociales se preparan para convocar \u201cal reencuentro en la pluralidad\u201d.<\/p>\n\n\n\n<p>Los excandidatos presidenciales Cuauht\u00e9moc C\u00e1rdenas Sol\u00f3rzano y Francisco Labastida Ochoa, as\u00ed como los exrectores de la UNAM Jos\u00e9 Narro y Francisco Barn\u00e9s; el exdirector del Instituto de Investigaciones Jur\u00eddicas de la UNAM, Diego Valad\u00e9s, y la exdirectora general del Registro Nacional de Electores, Clara Jusidman, se alistan para presentar el 30 de enero su Punto de Partida para convocar a \u201capaciguar los \u00e1nimos\u201d y a construir un M\u00e9xico mejor.<\/p>\n\n\n\n<p>Despu\u00e9s de meses de di\u00e1logos, en los que incluso participaron coordinadores de grupos parlamentarios en el Senado, un grupo de al menos 25 personajes pol\u00edticos, acad\u00e9micos y sociales tienen un documento en el que muestran su visi\u00f3n del estado en que se encuentra el pa\u00eds, plantean de manera enunciativa algunas propuestas y abren la puerta a la construcci\u00f3n de rutas para lograrlo.<\/p>\n\n\n\n<blockquote class=\"wp-block-quote is-layout-flow wp-block-quote-is-layout-flow\"><p>Hoy vivimos en M\u00e9xico un Estado omiso en el cumplimiento de sus obligaciones, que concentra el poder con autoritarismo y discrecionalidad, que se militariza, que destruye instituciones; con una democracia bajo acecho y con grandes ineficiencias.<\/p><\/blockquote>\n\n\n\n<blockquote class=\"wp-block-quote is-layout-flow wp-block-quote-is-layout-flow\"><p>Hoy falta gobernabilidad, tenemos un gobierno que no es responsable ni plural, que no ofrece certidumbre, y sin autonom\u00eda ni independencia judicial total y con un Poder Legislativo en gran parte sometido y abyecto. Las pol\u00edticas de inversi\u00f3n y las cuentas p\u00fablicas, as\u00ed como los programas de gobierno, son un desastre.<\/p><\/blockquote>\n\n\n\n<p>En la actualidad, el gobierno mexicano se comunica y se construye con la mentira, la negaci\u00f3n y la ilegalidad. Se niegan los problemas. No hay cultura de legalidad y las instituciones p\u00fablicas est\u00e1n rebasadas o asfixiadas desde dentro. Hay intentos por instaurar un r\u00e9gimen unipersonal de concentraci\u00f3n de poderes en el que se reine y someta, no se gobierne para mejora de la vida de las personas\u201d, dice el documento titulado Punto de Partida.<\/p>\n\n\n\n<p>Destacan que \u201csabemos que es tiempo de sanar heridas y apaciguar los \u00e1nimos, de mirar el futuro con entusiasmo y generosidad, con decisi\u00f3n y firmeza para construir un M\u00e9xico mejor. Es tiempo de atrevernos a lo extraordinario y hacerlo orden de todos los d\u00edas, de civilizar el futuro e impedir su clausura.<\/p>\n\n\n\n<p>\u201cLa divisi\u00f3n debe cesar. M\u00e9xico debe ser uno, plural y solidario. Estamos conscientes de lo que hace falta: seguridad, paz y certidumbre, inversi\u00f3n, empleo formal y digno, salario remunerador, desarrollo, salud, nutrici\u00f3n, educaci\u00f3n, servicios, bienes y apoyos en seguridad social, justicia, transparencia, rendici\u00f3n de cuentas, verdadero combate a la corrupci\u00f3n y a la impunidad.<\/p>\n\n\n\n<blockquote class=\"wp-block-quote is-layout-flow wp-block-quote-is-layout-flow\"><p>Por sobre todo, compromiso con la verdad, la democracia y las condiciones de vida digna. Pero antes, necesitamos reencontrar el catalizador que nos haga vibrar de nueva cuenta en sinton\u00eda. Dicho catalizador lo llevamos dentro, es ese \u00e1nimo que nos conmueve y estremece; esos profundos sufrimientos y alegr\u00eda que ninguna capacidad de comprensi\u00f3n alcanza a entender. Ese catalizador es M\u00e9xico; ese sentimiento y decisi\u00f3n para trabajar por y para nosotras y nosotros\u201d, consideran.<\/p><\/blockquote>\n\n\n\n<p>Explican que esta convocatoria es \u201cun ejercicio entre iguales, de ciudadanas y ciudadanos, de cualquiera que tenga algo que decir, algo que compartir, una idea o propuesta que hacer valer en favor de nuestro pa\u00eds. Una nueva oportunidad de construir juntos un futuro mejor.<\/p>\n\n\n\n<blockquote class=\"wp-block-quote is-layout-flow wp-block-quote-is-layout-flow\"><p>Un grupo variado de mexicanas y mexicanos te invitamos a sumar tu persona, voluntad, entusiasmo, ideas y propuestas a un espacio ciudadano, a un nuevo tiempo ciudadano, en los que todos concurrimos, sin importar nuestras divergencias, en calidad de ciudadanas y ciudadanos, a t\u00edtulo personal, en igualdad, libertad y pluralidad, con una idea de unidad, de futuro y un solo prop\u00f3sito: M\u00e9xico, nuestra haza\u00f1a de todos los d\u00edas\u201d, detalla.<\/p><\/blockquote>\n\n\n\n<p>El documento est\u00e1 dividido en 5 grandes grupos de aristas de an\u00e1lisis de la vida nacional: un M\u00e9xico en paz y con desarrollo; igualdad y calidad de vida; prosperidad, marginaci\u00f3n y discriminaci\u00f3n, globalizaci\u00f3n y medio ambiente, y concluye con el llamado a la convocatoria, identificado como Un Solo M\u00e9xico.<\/p>\n\n\n\n<p>Entre ellos destaca el crecimiento de la pobreza y recuerda que \u201cde los 36 pa\u00edses de la OCDE, el gasto de bolsillo para satisfacer necesidades b\u00e1sicas es hoy en M\u00e9xico el m\u00e1s elevado: 41% contra una media de 11 por ciento. Las transferencias monetarias directas a las personas, en vez de apoyos en precios, bienes y servicios, obligan a las familias a destinar el efectivo recibido a la compra de bienes y servicios de empresas del mercado\u201d.<\/p>\n\n\n\n<p>Conoce lo m\u00e1s viral en&nbsp;<a href=\"https:\/\/www.facebook.com\/ExcelsiorTrending\" target=\"_blank\" rel=\"noreferrer noopener\">Facebook Trending&nbsp;<\/a><\/p>\n\n\n\n<p>Lee a los columnistas de&nbsp;<a href=\"https:\/\/www.facebook.com\/ExcelsiorOpinion\">Exc\u00e9lsior Opini\u00f3n<\/a><\/p>\n\n\n\n<p>clm<\/p>\n\n\n\n<p>Fuente: <a href=\"https:\/\/www.excelsior.com.mx\/nacional\/expresidenciables-llaman-a-construir-un-futuro-mejor-cardenas-y-labastida-se-suman-a\">https:\/\/www.excelsior.com.mx\/nacional\/expresidenciables-llaman-a-construir-un-futuro-mejor-cardenas-y-labastida-se-suman-a<\/a><\/p>\n","protected":false},"excerpt":{"rendered":"<p>El 30 de enero presentar\u00e1n su Punto de Partida para convocar a \u201capaciguar los \u00e1nimos\u201d LETICIA ROBLES DE LA ROSA [&hellip;]<\/p>\n","protected":false},"author":1,"featured_media":45182,"comment_status":"open","ping_status":"open","sticky":false,"template":"","format":"standard","meta":{"site-sidebar-layout":"default","site-content-layout":"","ast-site-content-layout":"default","site-content-style":"default","site-sidebar-style":"default","ast-global-header-display":"","ast-banner-title-visibility":"","ast-main-header-display":"","ast-hfb-above-header-display":"","ast-hfb-below-header-display":"","ast-hfb-mobile-header-display":"","site-post-title":"","ast-breadcrumbs-content":"","ast-featured-img":"","footer-sml-layout":"","theme-transparent-header-meta":"","adv-header-id-meta":"","stick-header-meta":"","header-above-stick-meta":"","header-main-stick-meta":"","header-below-stick-meta":"","astra-migrate-meta-layouts":"default","ast-page-background-enabled":"default","ast-page-background-meta":{"desktop":{"background-color":"var(--ast-global-color-4)","background-image":"","background-repeat":"repeat","background-position":"center center","background-size":"auto","background-attachment":"scroll","background-type":"","background-media":"","overlay-type":"","overlay-color":"","overlay-opacity":"","overlay-gradient":""},"tablet":{"background-color":"","background-image":"","background-repeat":"repeat","background-position":"center center","background-size":"auto","background-attachment":"scroll","background-type":"","background-media":"","overlay-type":"","overlay-color":"","overlay-opacity":"","overlay-gradient":""},"mobile":{"background-color":"","background-image":"","background-repeat":"repeat","background-position":"center center","background-size":"auto","background-attachment":"scroll","background-type":"","background-media":"","overlay-type":"","overlay-color":"","overlay-opacity":"","overlay-gradient":""}},"ast-content-background-meta":{"desktop":{"background-color":"var(--ast-global-color-5)","background-image":"","background-repeat":"repeat","background-position":"center center","background-size":"auto","background-attachment":"scroll","background-type":"","background-media":"","overlay-type":"","overlay-color":"","overlay-opacity":"","overlay-gradient":""},"tablet":{"background-color":"var(--ast-global-color-5)","background-image":"","background-repeat":"repeat","background-position":"center center","background-size":"auto","background-attachment":"scroll","background-type":"","background-media":"","overlay-type":"","overlay-color":"","overlay-opacity":"","overlay-gradient":""},"mobile":{"background-color":"var(--ast-global-color-5)","background-image":"","background-repeat":"repeat","background-position":"center center","background-size":"auto","background-attachment":"scroll","background-type":"","background-media":"","overlay-type":"","overlay-color":"","overlay-opacity":"","overlay-gradient":""}},"footnotes":""},"categories":[8],"tags":[14786,4120,14787],"class_list":["post-45181","post","type-post","status-publish","format-standard","has-post-thumbnail","hentry","category-noticias","tag-estado-omiso","tag-mexico-2024","tag-mexico-autoritarismo"],"_links":{"self":[{"href":"https:\/\/losperiodistas.com.mx\/portal\/wp-json\/wp\/v2\/posts\/45181","targetHints":{"allow":["GET"]}}],"collection":[{"href":"https:\/\/losperiodistas.com.mx\/portal\/wp-json\/wp\/v2\/posts"}],"about":[{"href":"https:\/\/losperiodistas.com.mx\/portal\/wp-json\/wp\/v2\/types\/post"}],"author":[{"embeddable":true,"href":"https:\/\/losperiodistas.com.mx\/portal\/wp-json\/wp\/v2\/users\/1"}],"replies":[{"embeddable":true,"href":"https:\/\/losperiodistas.com.mx\/portal\/wp-json\/wp\/v2\/comments?post=45181"}],"version-history":[{"count":1,"href":"https:\/\/losperiodistas.com.mx\/portal\/wp-json\/wp\/v2\/posts\/45181\/revisions"}],"predecessor-version":[{"id":45183,"href":"https:\/\/losperiodistas.com.mx\/portal\/wp-json\/wp\/v2\/posts\/45181\/revisions\/45183"}],"wp:featuredmedia":[{"embeddable":true,"href":"https:\/\/losperiodistas.com.mx\/portal\/wp-json\/wp\/v2\/media\/45182"}],"wp:attachment":[{"href":"https:\/\/losperiodistas.com.mx\/portal\/wp-json\/wp\/v2\/media?parent=45181"}],"wp:term":[{"taxonomy":"category","embeddable":true,"href":"https:\/\/losperiodistas.com.mx\/portal\/wp-json\/wp\/v2\/categories?post=45181"},{"taxonomy":"post_tag","embeddable":true,"href":"https:\/\/losperiodistas.com.mx\/portal\/wp-json\/wp\/v2\/tags?post=45181"}],"curies":[{"name":"wp","href":"https:\/\/api.w.org\/{rel}","templated":true}]}}