{"id":45173,"date":"2023-01-20T06:54:47","date_gmt":"2023-01-20T12:54:47","guid":{"rendered":"http:\/\/losperiodistas.com.mx\/portal\/?p=45173"},"modified":"2023-01-20T06:54:49","modified_gmt":"2023-01-20T12:54:49","slug":"otorgaron-nueva-suspension-provisional-para-el-tramo-5-del-tren-maya-infobae","status":"publish","type":"post","link":"https:\/\/losperiodistas.com.mx\/portal\/otorgaron-nueva-suspension-provisional-para-el-tramo-5-del-tren-maya-infobae\/","title":{"rendered":"Otorgaron nueva suspensi\u00f3n provisional para el Tramo 5 del Tren Maya | Infobae"},"content":{"rendered":"\n<h2 class=\"has-luminous-vivid-amber-background-color has-background has-medium-font-size wp-block-heading\">El movimiento \u2018S\u00e9lvame del Tren\u2019 dio a conocer que con esta medida se deben paralizar o suspender las obras de construcci\u00f3n en la zona que va de Canc\u00fan a Tulum<\/h2>\n\n\n\n<div class=\"wp-block-image is-style-default\"><figure class=\"aligncenter size-large\"><img fetchpriority=\"high\" decoding=\"async\" width=\"1024\" height=\"768\" src=\"https:\/\/losperiodistas.com.mx\/portal\/wp-content\/uploads\/2023\/01\/WU4SNNJRQ5GGBDRZHXH2ZGJGBU-1024x768.jpg\" alt=\"\" class=\"wp-image-45174\" srcset=\"https:\/\/losperiodistas.com.mx\/portal\/wp-content\/uploads\/2023\/01\/WU4SNNJRQ5GGBDRZHXH2ZGJGBU-1024x768.jpg 1024w, https:\/\/losperiodistas.com.mx\/portal\/wp-content\/uploads\/2023\/01\/WU4SNNJRQ5GGBDRZHXH2ZGJGBU-300x225.jpg 300w, https:\/\/losperiodistas.com.mx\/portal\/wp-content\/uploads\/2023\/01\/WU4SNNJRQ5GGBDRZHXH2ZGJGBU-768x576.jpg 768w, https:\/\/losperiodistas.com.mx\/portal\/wp-content\/uploads\/2023\/01\/WU4SNNJRQ5GGBDRZHXH2ZGJGBU.jpg 1440w\" sizes=\"(max-width: 1024px) 100vw, 1024px\" \/><figcaption>Esta suspensi\u00f3n provisional del Tren Maya tiene que ver con el amparo 2878\/2022 (Foto: CUARTOSCURO)<\/figcaption><\/figure><\/div>\n\n\n\n<p class=\"has-vivid-red-color has-text-color has-medium-font-size\"><strong>INFOBAE<\/strong><\/p>\n\n\n\n<p>Un juez otorg\u00f3 una nueva&nbsp;<strong>suspensi\u00f3n provisional para el Tramo 5<\/strong>&nbsp;(norte y sur) del<a href=\"https:\/\/www.infobae.com\/america\/mexico\/2023\/01\/13\/xochitl-galvez-denuncio-la-presunta-oxidacion-de-rieles-del-tren-maya\/\" target=\"_blank\" rel=\"noreferrer noopener\"><strong>Tren Maya<\/strong><\/a>, uno de los proyectos emblema del presidente Andr\u00e9s Manuel L\u00f3pez Obrador. De esta manera, se frenan moment\u00e1neamente las obras de construcci\u00f3n en el trazo que va de Canc\u00fan a Tulum, en Quintana Roo.<\/p>\n\n\n\n<p>Se inform\u00f3 que el juez primero del Distrito en el estado de Yucat\u00e1n fue quien concedi\u00f3 esta suspensi\u00f3n el pasado 17 de enero bajo el&nbsp;<strong>amparo 2878\/2022.<\/strong>&nbsp;Lo anterior con base en el art\u00edculo 68, fracci\u00f3n primera de la Ley General de Desarrollo Sustentable, el cual refiere al uso de cambio de suelo.<\/p>\n\n\n\n<p>As\u00ed lo dio a conocer el movimiento \u201cS\u00e9lvame del Tren\u201d, el cual es conformado por diversos activistas, artistas, actores y defensores del medio ambiente que se han opuesto a la construcci\u00f3n del Tren Maya, debido a las repercusiones en la selva, los cenotes y el h\u00e1bitat natural de las especies que se encuentran en la zona del Tramo 5, el cual&nbsp;<strong>abarca m\u00e1s de 100 kil\u00f3metros.<\/strong><\/p>\n\n\n\n<blockquote class=\"wp-block-quote is-layout-flow wp-block-quote-is-layout-flow\"><p>\u201cA partir de hoy se debe&nbsp;<strong>suspender<\/strong>&nbsp;o&nbsp;<strong>paralizar<\/strong>&nbsp;cualquier acto que tenga como finalidad la continuaci\u00f3n de tala o desmonte en los terrenos mencionados, de modo que no se permite la remoci\u00f3n o destrucci\u00f3n de la flora del terreno\u201d<\/p><\/blockquote>\n\n\n\n<p><img decoding=\"async\" alt=\"(Foto: S\u00e9lvame del Tren)\" height=\"1280\" width=\"1033\" class=\"\" src=\"https:\/\/cloudfront-us-east-1.images.arcpublishing.com\/infobae\/NP3QGCD7PZCXZIBTEQR3VPYYYE.jpg\" srcset=\"https:\/\/www.infobae.com\/new-resizer\/2BPz455CC28HBS6_4iH1IH2xRUE=\/420x560\/filters:format(webp):quality(85)\/cloudfront-us-east-1.images.arcpublishing.com\/infobae\/NP3QGCD7PZCXZIBTEQR3VPYYYE.jpg 420w,https:\/\/www.infobae.com\/new-resizer\/B6fo4b1PqWuBLcdu5uH9qMangJU=\/768x1024\/filters:format(webp):quality(85)\/cloudfront-us-east-1.images.arcpublishing.com\/infobae\/NP3QGCD7PZCXZIBTEQR3VPYYYE.jpg 768w,https:\/\/www.infobae.com\/new-resizer\/aOhpB2n8gUv0JgZE-Z5UYTV3w1I=\/992x1323\/filters:format(webp):quality(85)\/cloudfront-us-east-1.images.arcpublishing.com\/infobae\/NP3QGCD7PZCXZIBTEQR3VPYYYE.jpg 992w,https:\/\/www.infobae.com\/new-resizer\/FEIWWMsfcSj38pAGHqgE0gJ9g5c=\/1200x1600\/filters:format(webp):quality(85)\/cloudfront-us-east-1.images.arcpublishing.com\/infobae\/NP3QGCD7PZCXZIBTEQR3VPYYYE.jpg 1200w\">(Foto: S\u00e9lvame del Tren)<\/p>\n\n\n\n<h2 class=\"wp-block-heading\">El pol\u00e9mico Tramo 5<\/h2>\n\n\n\n<p>El Tramo 5 del Tren Maya se ha visto envuelto en una serie de controversias por los&nbsp;<strong>amparos<\/strong>&nbsp;promovidos,&nbsp;<strong>suspensiones provisionales&nbsp;<\/strong>y activistas que se han manifestado en la zona de construcci\u00f3n, como los de Green Peace.<\/p>\n\n\n\n<p>El a\u00f1o pasado se promovieron los amparos 820\/2022, 821\/2022, 884\/2022, 923\/2022 y 1003\/2022 ante el juzgado primero de Distrito en Yucat\u00e1n, debido a la&nbsp;<strong>devastaci\u00f3n generada&nbsp;<\/strong>por las obras de construcci\u00f3n de este megaproyecto, as\u00ed como por la omisi\u00f3n de entregar informaci\u00f3n sobre la Manifestaci\u00f3n de Impacto Ambiental (MIA).<\/p>\n\n\n\n<p>Sin embargo, a principios de agosto de 2022, el titular del Fondo Nacional al Turismo (Fonatur), Javier May, dio a conocer que las&nbsp;<a href=\"https:\/\/www.infobae.com\/america\/mexico\/2022\/08\/08\/tren-maya-titular-de-fonatur-celebro-la-negacion-de-dos-suspensiones-definitivas-para-el-tramo-5-sur\/\" target=\"_blank\" rel=\"noreferrer noopener\"><strong>suspensiones definitivas<\/strong><\/a>&nbsp;de dichos amparos hab\u00edan sido&nbsp;<strong>negadas<\/strong>, lo cual dej\u00f3 sin efecto las suspensiones provisionales que hab\u00edan en esos expedientes. De esa manera se pod\u00eda&nbsp;<strong>continuar con la construcci\u00f3n<\/strong>&nbsp;en el Tramo 5.<\/p>\n\n\n\n<p>En aquella ocasi\u00f3n, May Rodr\u00edguez se\u00f1al\u00f3 que \u201c<strong>ya van 5 de 6 suspensiones revocadas<\/strong>\u201d, lo cual celebr\u00f3 y calific\u00f3 como una noticia positiva. \u201cEl inter\u00e9s individual no puede prevalecer sobre el inter\u00e9s colectivo\u201d, coment\u00f3 el funcionario al mismo tiempo que asegur\u00f3 que la obra siempre ha sido legal.<img decoding=\"async\" alt=\"AMLO espera que al menos tres millones de viajeros utilicen el Tren Maya (Foto: Twitter\/@lopezobrador_)\" height=\"1586\" width=\"2880\" class=\"\" src=\"https:\/\/cloudfront-us-east-1.images.arcpublishing.com\/infobae\/V7UWED6NHBDVZLEZMPJYFDJQFU.png\" srcset=\"https:\/\/www.infobae.com\/new-resizer\/VUZnKLAJnjLJE1aPDY6h2QP-O_M=\/420x236\/filters:format(webp):quality(85)\/cloudfront-us-east-1.images.arcpublishing.com\/infobae\/V7UWED6NHBDVZLEZMPJYFDJQFU.png 420w,https:\/\/www.infobae.com\/new-resizer\/Reav_bxxp9kBmSDult3p1UX1erQ=\/768x432\/filters:format(webp):quality(85)\/cloudfront-us-east-1.images.arcpublishing.com\/infobae\/V7UWED6NHBDVZLEZMPJYFDJQFU.png 768w,https:\/\/www.infobae.com\/new-resizer\/JJuuAsHjzgcntxxAtz-oUPByw18=\/992x558\/filters:format(webp):quality(85)\/cloudfront-us-east-1.images.arcpublishing.com\/infobae\/V7UWED6NHBDVZLEZMPJYFDJQFU.png 992w,https:\/\/www.infobae.com\/new-resizer\/fTWVr3tYufVVQDLw__srgDhStU0=\/1200x675\/filters:format(webp):quality(85)\/cloudfront-us-east-1.images.arcpublishing.com\/infobae\/V7UWED6NHBDVZLEZMPJYFDJQFU.png 1200w,https:\/\/www.infobae.com\/new-resizer\/YSUFONEyuI56SKS1Whl4iNn21JA=\/1440x810\/filters:format(webp):quality(85)\/cloudfront-us-east-1.images.arcpublishing.com\/infobae\/V7UWED6NHBDVZLEZMPJYFDJQFU.png 1440w\">AMLO espera que al menos tres millones de viajeros utilicen el Tren Maya (Foto: Twitter\/@lopezobrador_)<\/p>\n\n\n\n<h2 class=\"wp-block-heading\">Utilidades del Tren Maya<\/h2>\n\n\n\n<p>En su tradicional conferencia de prensa matutina, el presidente Andr\u00e9s Manuel L\u00f3pez Obrador dio a conocer que las&nbsp;<strong>utilidades<\/strong>&nbsp;del megaproyecto ser\u00e1n destinadas para&nbsp;<strong>pensiones y jubilaciones<\/strong>, tanto del Instituto de Seguridad y Servicios Sociales de los Trabajadores del Estado (Issste) como de las Fuerzas Armadas. \u201cNo es una empresa la que va a obtener las utilidades\u201d, asegur\u00f3 el tabasque\u00f1o el pasado 18 de enero.<\/p>\n\n\n\n<p>Asimismo, el mandatario federal se\u00f1al\u00f3 que en el aeropuerto de Canc\u00fan se lleg\u00f3 a una cifra r\u00e9cord de 30 millones de viajeros. Seg\u00fan L\u00f3pez Obrador, lo que se busca que es que al menos&nbsp;<strong>tres millones&nbsp;<\/strong>de ellos usen los&nbsp;<strong>servicios que ofrece el Tren Maya.<\/strong><\/p>\n\n\n\n<p>\u201cLo que estamos buscando es que cuando menos el 10 por ciento utilicen el tren (de los 30 millones de pasajeros), porque no queremos que el crecimiento quede nada m\u00e1s en Canc\u00fan\u201d, indic\u00f3.<\/p>\n\n\n\n<p>Fuente: <a href=\"https:\/\/www.infobae.com\/mexico\/2023\/01\/19\/otorgaron-nueva-suspension-provisional-para-el-tramo-5-del-tren-maya\/\">https:\/\/www.infobae.com\/mexico\/2023\/01\/19\/otorgaron-nueva-suspension-provisional-para-el-tramo-5-del-tren-maya\/<\/a><\/p>\n","protected":false},"excerpt":{"rendered":"<p>El movimiento \u2018S\u00e9lvame del Tren\u2019 dio a conocer que con esta medida se deben paralizar o suspender las obras de [&hellip;]<\/p>\n","protected":false},"author":1,"featured_media":45174,"comment_status":"open","ping_status":"open","sticky":false,"template":"","format":"standard","meta":{"site-sidebar-layout":"default","site-content-layout":"","ast-site-content-layout":"default","site-content-style":"default","site-sidebar-style":"default","ast-global-header-display":"","ast-banner-title-visibility":"","ast-main-header-display":"","ast-hfb-above-header-display":"","ast-hfb-below-header-display":"","ast-hfb-mobile-header-display":"","site-post-title":"","ast-breadcrumbs-content":"","ast-featured-img":"","footer-sml-layout":"","theme-transparent-header-meta":"","adv-header-id-meta":"","stick-header-meta":"","header-above-stick-meta":"","header-main-stick-meta":"","header-below-stick-meta":"","astra-migrate-meta-layouts":"default","ast-page-background-enabled":"default","ast-page-background-meta":{"desktop":{"background-color":"var(--ast-global-color-4)","background-image":"","background-repeat":"repeat","background-position":"center center","background-size":"auto","background-attachment":"scroll","background-type":"","background-media":"","overlay-type":"","overlay-color":"","overlay-opacity":"","overlay-gradient":""},"tablet":{"background-color":"","background-image":"","background-repeat":"repeat","background-position":"center center","background-size":"auto","background-attachment":"scroll","background-type":"","background-media":"","overlay-type":"","overlay-color":"","overlay-opacity":"","overlay-gradient":""},"mobile":{"background-color":"","background-image":"","background-repeat":"repeat","background-position":"center center","background-size":"auto","background-attachment":"scroll","background-type":"","background-media":"","overlay-type":"","overlay-color":"","overlay-opacity":"","overlay-gradient":""}},"ast-content-background-meta":{"desktop":{"background-color":"var(--ast-global-color-5)","background-image":"","background-repeat":"repeat","background-position":"center center","background-size":"auto","background-attachment":"scroll","background-type":"","background-media":"","overlay-type":"","overlay-color":"","overlay-opacity":"","overlay-gradient":""},"tablet":{"background-color":"var(--ast-global-color-5)","background-image":"","background-repeat":"repeat","background-position":"center center","background-size":"auto","background-attachment":"scroll","background-type":"","background-media":"","overlay-type":"","overlay-color":"","overlay-opacity":"","overlay-gradient":""},"mobile":{"background-color":"var(--ast-global-color-5)","background-image":"","background-repeat":"repeat","background-position":"center center","background-size":"auto","background-attachment":"scroll","background-type":"","background-media":"","overlay-type":"","overlay-color":"","overlay-opacity":"","overlay-gradient":""}},"footnotes":""},"categories":[8],"tags":[14782,10336,1325],"class_list":["post-45173","post","type-post","status-publish","format-standard","has-post-thumbnail","hentry","category-noticias","tag-amparo","tag-selvame-del-tren","tag-tren-maya"],"_links":{"self":[{"href":"https:\/\/losperiodistas.com.mx\/portal\/wp-json\/wp\/v2\/posts\/45173","targetHints":{"allow":["GET"]}}],"collection":[{"href":"https:\/\/losperiodistas.com.mx\/portal\/wp-json\/wp\/v2\/posts"}],"about":[{"href":"https:\/\/losperiodistas.com.mx\/portal\/wp-json\/wp\/v2\/types\/post"}],"author":[{"embeddable":true,"href":"https:\/\/losperiodistas.com.mx\/portal\/wp-json\/wp\/v2\/users\/1"}],"replies":[{"embeddable":true,"href":"https:\/\/losperiodistas.com.mx\/portal\/wp-json\/wp\/v2\/comments?post=45173"}],"version-history":[{"count":1,"href":"https:\/\/losperiodistas.com.mx\/portal\/wp-json\/wp\/v2\/posts\/45173\/revisions"}],"predecessor-version":[{"id":45175,"href":"https:\/\/losperiodistas.com.mx\/portal\/wp-json\/wp\/v2\/posts\/45173\/revisions\/45175"}],"wp:featuredmedia":[{"embeddable":true,"href":"https:\/\/losperiodistas.com.mx\/portal\/wp-json\/wp\/v2\/media\/45174"}],"wp:attachment":[{"href":"https:\/\/losperiodistas.com.mx\/portal\/wp-json\/wp\/v2\/media?parent=45173"}],"wp:term":[{"taxonomy":"category","embeddable":true,"href":"https:\/\/losperiodistas.com.mx\/portal\/wp-json\/wp\/v2\/categories?post=45173"},{"taxonomy":"post_tag","embeddable":true,"href":"https:\/\/losperiodistas.com.mx\/portal\/wp-json\/wp\/v2\/tags?post=45173"}],"curies":[{"name":"wp","href":"https:\/\/api.w.org\/{rel}","templated":true}]}}