{"id":45162,"date":"2023-01-20T06:04:46","date_gmt":"2023-01-20T12:04:46","guid":{"rendered":"http:\/\/losperiodistas.com.mx\/portal\/?p=45162"},"modified":"2023-01-20T06:04:49","modified_gmt":"2023-01-20T12:04:49","slug":"promueve-german-martinez-juicio-politico-contra-yasmin-esquivel-en-la-camara-de-diputados-el-independiente","status":"publish","type":"post","link":"https:\/\/losperiodistas.com.mx\/portal\/promueve-german-martinez-juicio-politico-contra-yasmin-esquivel-en-la-camara-de-diputados-el-independiente\/","title":{"rendered":"Promueve Germ\u00e1n Mart\u00ednez juicio pol\u00edtico contra Yasmin Esquivel en la C\u00e1mara de Diputados | El Independiente"},"content":{"rendered":"\n<h2 class=\"has-luminous-vivid-amber-background-color has-background has-medium-font-size wp-block-heading\">Hay elementos de prueba y contundencia para que la ex alumna de la UNAM sea separada de la Corte, enjuiciada y que se le retire su c\u00e9dula de profesiones.<\/h2>\n\n\n\n<figure class=\"wp-block-image size-full is-style-default\"><img fetchpriority=\"high\" decoding=\"async\" width=\"860\" height=\"550\" src=\"https:\/\/losperiodistas.com.mx\/portal\/wp-content\/uploads\/2023\/01\/Nota-Yasmin-3.jpg\" alt=\"\" class=\"wp-image-45163\" srcset=\"https:\/\/losperiodistas.com.mx\/portal\/wp-content\/uploads\/2023\/01\/Nota-Yasmin-3.jpg 860w, https:\/\/losperiodistas.com.mx\/portal\/wp-content\/uploads\/2023\/01\/Nota-Yasmin-3-300x192.jpg 300w, https:\/\/losperiodistas.com.mx\/portal\/wp-content\/uploads\/2023\/01\/Nota-Yasmin-3-768x491.jpg 768w\" sizes=\"(max-width: 860px) 100vw, 860px\" \/><figcaption>Ante los se\u00f1alamientos en su contra y la postura de la UNAM es muy probable que ella renuncie a su cargo en la Corte.<\/figcaption><\/figure>\n\n\n\n<p><\/p>\n\n\n\n<p class=\"has-vivid-red-color has-text-color has-medium-font-size\"><strong>LUIS CARLOS SILVA \/ EL INDEPENDIENTE<\/strong><\/p>\n\n\n\n<p>La pol\u00e9mica en la que est\u00e1 envuelta la \u201cabogada\u201d, Yasmin Esquivel Mossa por el plagio de su tesis de licenciatura, escal\u00f3 ayer a la C\u00e1mara de Diputados, donde el&nbsp;&nbsp;senador&nbsp;<strong>Germ\u00e1n Mart\u00ednez<\/strong>, del Grupo Plural, acudi\u00f3 a la Secretar\u00eda General, a presentar una solicitud de juicio pol\u00edtico en&nbsp;&nbsp;su contra.<\/p>\n\n\n\n<p>Hay muchas probabilidades de que la ex alumna de la Facultad de Estudios Superiores (FES Arag\u00f3n) de la UNAM como la llam\u00f3 esa instituci\u00f3n, presente su renuncia al cargo de Ministra, para dar pie a las investigaciones correspondientes.<\/p>\n\n\n\n<p>Abogados y juristas consultados por El Independiente coinciden en que hay elementos de prueba y contundencia para que la ex alumna de la UNAM sea separada de la Corte, enjuiciada y que se le retire su c\u00e9dula de profesiones.<\/p>\n\n\n\n<p>&nbsp;\u201cSi se act\u00faa conforme a lo que se\u00f1al\u00f3 el Consejo Universitario de la M\u00e1xima Casa de Estudios en un periodo no mayor a 72 horas, ella deber\u00eda estar fuera de la Suprema Corte de Justicia de la Naci\u00f3n (SCJN) esperando ser llamada ante un tribunal\u201d, se\u00f1al\u00f3 el abogado Antonio Ortega.<\/p>\n\n\n\n<p>En tanto, ayer la Facultad de Estudios Superiores Arag\u00f3n (FES Arag\u00f3n) notific\u00f3 a la profesora Martha Rodr\u00edguez Ortiz, asesora de la ministra en cuesti\u00f3n, la resoluci\u00f3n por la que decidi\u00f3 rescindir su contrato laboral.<\/p>\n\n\n\n<p>Incurri\u00f3 en actos contrarios a la moral y el respeto que entre s\u00ed se deben los miembros de la comunidad universitaria, al abstenerse de ejecutar su trabajo como acad\u00e9mica con rectitud y el debido cuidado.<\/p>\n\n\n\n<p>Sobre la solicitud de Juicio Pol\u00edtico, primera vez promovido contra un Ministro en M\u00e9xico, se trata de un documento de 57 p\u00e1ginas, m\u00e1s dos de ratificaci\u00f3n, el cual fue turnado a la Secci\u00f3n Instructora; y en caso de proceder, si es declarada culpable del plagio, se turnar\u00eda al&nbsp;Senado de laRep\u00fablica<strong>&nbsp;<\/strong>para que el Jurado de Sentencia la condene.<\/p>\n\n\n\n<p>Cabe destacar que la Secci\u00f3n instructora de la C\u00e1mara de Diputados es la encargada de sustanciar el procedimiento relativo al juicio pol\u00edtico, y tiene cuatro integrantes: dos de Morena, uno del PAN, y uno del PRI.<\/p>\n\n\n\n<p>Ayer, el senador Mart\u00ednez afirm\u00f3: \u201cestoy seguro que hay reservas morales en esta&nbsp;<a href=\"https:\/\/www.eluniversal.com.mx\/tag\/camara-de-diputados\">C\u00e1mara de Diputados<\/a><strong>&nbsp;<\/strong>para sacar adelante esta acusaci\u00f3n, para que la revisen. Hay gente buena y honrada en todos los partidos. Vamos a triunfar quienes usamos el Estado de Derecho y la decencia\u201d, refiri\u00f3.<\/p>\n\n\n\n<p><strong>Da patadas de ahogada<\/strong><\/p>\n\n\n\n<p>Yasmin Esquivel Mossa graduada en 1987 de \u201clicenciada en Derecho\u201d por la UNAM \u2013FES Arag\u00f3n viol\u00f3 tres reglas universitarias b\u00e1sicas para obtener el t\u00edtulo acad\u00e9mico de abogado por la M\u00e1xima Casa de Estudios del pa\u00eds.<\/p>\n\n\n\n<p>Uno plagi\u00f3 una tesis para cubrir el requisito de estar elegible para ser abogada. Dos, present\u00f3 un examen profesional sin tener el aval del jurado de la UNAM que valid\u00f3 un tr\u00e1mite ap\u00f3crifo y viciado de origen y tres, minti\u00f3 al Jurar estar dentro de la legalidad, para desempe\u00f1arse como abogada litigante, se\u00f1alan&nbsp;&nbsp;juristas y catedr\u00e1ticos de la esa Universidad.<\/p>\n\n\n\n<p>\u201cCon su actuar cometi\u00f3 conductas contrarias a los prop\u00f3sitos y fines que persigue esta Universidad que trasgreden la imagen y el liderazgo que la misma representa en la vida nacional\u201d, se\u00f1al\u00f3 la UNAM.<\/p>\n\n\n\n<p>Consideran que ella tiene \u201cterminada y en franco declive\u201d su carrera en la Suprema Corte de Justicia de la Naci\u00f3n (SCJN) donde varias voces exigen su salida e inhabilitaci\u00f3n por mentir, falsificar una tesis y plagiarse las ideas para poder recibir su t\u00edtulo de abogada.<\/p>\n\n\n\n<p>Fuente: <a href=\"https:\/\/elindependiente.mx\/nacional\/2023\/01\/20\/promueve-german-martinez-juicio-politico-contra-yasmin-esquivel-en-la-camara-de-diputados\/\">https:\/\/elindependiente.mx\/nacional\/2023\/01\/20\/promueve-german-martinez-juicio-politico-contra-yasmin-esquivel-en-la-camara-de-diputados\/<\/a><\/p>\n","protected":false},"excerpt":{"rendered":"<p>Hay elementos de prueba y contundencia para que la ex alumna de la UNAM sea separada de la Corte, enjuiciada [&hellip;]<\/p>\n","protected":false},"author":1,"featured_media":45163,"comment_status":"open","ping_status":"open","sticky":false,"template":"","format":"standard","meta":{"site-sidebar-layout":"default","site-content-layout":"","ast-site-content-layout":"default","site-content-style":"default","site-sidebar-style":"default","ast-global-header-display":"","ast-banner-title-visibility":"","ast-main-header-display":"","ast-hfb-above-header-display":"","ast-hfb-below-header-display":"","ast-hfb-mobile-header-display":"","site-post-title":"","ast-breadcrumbs-content":"","ast-featured-img":"","footer-sml-layout":"","theme-transparent-header-meta":"","adv-header-id-meta":"","stick-header-meta":"","header-above-stick-meta":"","header-main-stick-meta":"","header-below-stick-meta":"","astra-migrate-meta-layouts":"default","ast-page-background-enabled":"default","ast-page-background-meta":{"desktop":{"background-color":"var(--ast-global-color-4)","background-image":"","background-repeat":"repeat","background-position":"center center","background-size":"auto","background-attachment":"scroll","background-type":"","background-media":"","overlay-type":"","overlay-color":"","overlay-opacity":"","overlay-gradient":""},"tablet":{"background-color":"","background-image":"","background-repeat":"repeat","background-position":"center center","background-size":"auto","background-attachment":"scroll","background-type":"","background-media":"","overlay-type":"","overlay-color":"","overlay-opacity":"","overlay-gradient":""},"mobile":{"background-color":"","background-image":"","background-repeat":"repeat","background-position":"center center","background-size":"auto","background-attachment":"scroll","background-type":"","background-media":"","overlay-type":"","overlay-color":"","overlay-opacity":"","overlay-gradient":""}},"ast-content-background-meta":{"desktop":{"background-color":"var(--ast-global-color-5)","background-image":"","background-repeat":"repeat","background-position":"center center","background-size":"auto","background-attachment":"scroll","background-type":"","background-media":"","overlay-type":"","overlay-color":"","overlay-opacity":"","overlay-gradient":""},"tablet":{"background-color":"var(--ast-global-color-5)","background-image":"","background-repeat":"repeat","background-position":"center center","background-size":"auto","background-attachment":"scroll","background-type":"","background-media":"","overlay-type":"","overlay-color":"","overlay-opacity":"","overlay-gradient":""},"mobile":{"background-color":"var(--ast-global-color-5)","background-image":"","background-repeat":"repeat","background-position":"center center","background-size":"auto","background-attachment":"scroll","background-type":"","background-media":"","overlay-type":"","overlay-color":"","overlay-opacity":"","overlay-gradient":""}},"footnotes":""},"categories":[8],"tags":[4297,14776],"class_list":["post-45162","post","type-post","status-publish","format-standard","has-post-thumbnail","hentry","category-noticias","tag-german-martinez","tag-juicio-politico-yasmin-esquivel"],"_links":{"self":[{"href":"https:\/\/losperiodistas.com.mx\/portal\/wp-json\/wp\/v2\/posts\/45162","targetHints":{"allow":["GET"]}}],"collection":[{"href":"https:\/\/losperiodistas.com.mx\/portal\/wp-json\/wp\/v2\/posts"}],"about":[{"href":"https:\/\/losperiodistas.com.mx\/portal\/wp-json\/wp\/v2\/types\/post"}],"author":[{"embeddable":true,"href":"https:\/\/losperiodistas.com.mx\/portal\/wp-json\/wp\/v2\/users\/1"}],"replies":[{"embeddable":true,"href":"https:\/\/losperiodistas.com.mx\/portal\/wp-json\/wp\/v2\/comments?post=45162"}],"version-history":[{"count":1,"href":"https:\/\/losperiodistas.com.mx\/portal\/wp-json\/wp\/v2\/posts\/45162\/revisions"}],"predecessor-version":[{"id":45164,"href":"https:\/\/losperiodistas.com.mx\/portal\/wp-json\/wp\/v2\/posts\/45162\/revisions\/45164"}],"wp:featuredmedia":[{"embeddable":true,"href":"https:\/\/losperiodistas.com.mx\/portal\/wp-json\/wp\/v2\/media\/45163"}],"wp:attachment":[{"href":"https:\/\/losperiodistas.com.mx\/portal\/wp-json\/wp\/v2\/media?parent=45162"}],"wp:term":[{"taxonomy":"category","embeddable":true,"href":"https:\/\/losperiodistas.com.mx\/portal\/wp-json\/wp\/v2\/categories?post=45162"},{"taxonomy":"post_tag","embeddable":true,"href":"https:\/\/losperiodistas.com.mx\/portal\/wp-json\/wp\/v2\/tags?post=45162"}],"curies":[{"name":"wp","href":"https:\/\/api.w.org\/{rel}","templated":true}]}}