{"id":45159,"date":"2023-01-20T05:38:54","date_gmt":"2023-01-20T11:38:54","guid":{"rendered":"http:\/\/losperiodistas.com.mx\/portal\/?p=45159"},"modified":"2023-01-20T05:38:55","modified_gmt":"2023-01-20T11:38:55","slug":"muere-el-musico-david-crosby-leyenda-del-folk-rock-y-fundador-de-the-byrds-publico","status":"publish","type":"post","link":"https:\/\/losperiodistas.com.mx\/portal\/muere-el-musico-david-crosby-leyenda-del-folk-rock-y-fundador-de-the-byrds-publico\/","title":{"rendered":"Muere el m\u00fasico David Crosby, leyenda\u00a0del folk-rock y fundador de &#8216;The Byrds&#8217; | P\u00fablico"},"content":{"rendered":"\n<h2 class=\"has-luminous-vivid-amber-background-color has-background has-medium-font-size wp-block-heading\" id=\"m69-68-70\">El guitarrista fallece a los 81 a\u00f1os en Los Angeles. Adem\u00e1s de The Byrds form\u00f3 parte de otra m\u00edtica banda de los 60 y 70,&nbsp;Crosby, Stills &amp; Nash.&nbsp;<\/h2>\n\n\n\n<div class=\"wp-block-image is-style-default\"><figure class=\"aligncenter size-full is-resized\"><img fetchpriority=\"high\" decoding=\"async\" src=\"https:\/\/losperiodistas.com.mx\/portal\/wp-content\/uploads\/2023\/01\/63ca5845975ef.jpg\" alt=\"\" class=\"wp-image-45160\" width=\"840\" height=\"560\" srcset=\"https:\/\/losperiodistas.com.mx\/portal\/wp-content\/uploads\/2023\/01\/63ca5845975ef.jpg 990w, https:\/\/losperiodistas.com.mx\/portal\/wp-content\/uploads\/2023\/01\/63ca5845975ef-300x200.jpg 300w, https:\/\/losperiodistas.com.mx\/portal\/wp-content\/uploads\/2023\/01\/63ca5845975ef-768x512.jpg 768w\" sizes=\"(max-width: 840px) 100vw, 840px\" \/><figcaption>En primer plano, David Crosby durante una actuaci\u00f3n en 2011. Al fondo su compa\u00f1ero Graham Nash.\u00a0<em>\u2014<\/em>\u00a0<em>Gary Williams<\/em>\u00a0<em>\/<\/em>\u00a0<em>EFE\/EPA<\/em><\/figcaption><\/figure><\/div>\n\n\n\n<p class=\"has-vivid-red-color has-text-color has-medium-font-size\"><strong>P\u00daBLICO<\/strong><\/p>\n\n\n\n<p id=\"m6-5-7\"><strong>David Crosby<\/strong>, fundador de bandas m\u00edticas de los a\u00f1os sesenta como\u00a0<strong>The Byrds<\/strong>\u00a0y\u00a0<strong>Crosby, Stills &amp; Nash<\/strong>,\u00a0<strong>falleci\u00f3<\/strong>\u00a0este jueves a los 81 a\u00f1os, seg\u00fan su mujer en un comunicado:\u00a0\u00abCon gran tristeza, tras una larga enfermedad, ha fallecido nuestro querido David (Croz) Crosby. Estaba rodeado de amor por su esposa y alma gemela, Jan, y su hijo Django\u00bb.<\/p>\n\n\n\n<p id=\"m94-1-95\">Nacido en Los Angeles en 1941, Crosby&nbsp;comenz\u00f3 su carrera musical en la infancia junto a su hermano, para m\u00e1s tarde desarrollar su trayectoria profesional junto al cantante&nbsp;<strong>Roger McGuinn<\/strong>&nbsp;en la m\u00edtica banda The Byrds, que en los a\u00f1os 6o del pasado siglo cosech\u00f3 un gran \u00e9xito. De hecho, en la nota,&nbsp;la familia subray\u00f3 que el legado musical de Crosby \u00abseguir\u00e1 vivo a trav\u00e9s de su legendaria m\u00fasica\u00bb.<\/p>\n\n\n\n<p id=\"m101-2-102\">The Byrds fue fundada en 1964 por\u00a0 Crosby y McGuinn y obtuvo un gran reconocimiento un a\u00f1o m\u00e1s tarde cuando presentaron su versi\u00f3n del cl\u00e1sico de Bob Dylan\u00a0<em><strong>Mr. Tambourine Man<\/strong><\/em>, que dio nombre a su disco debut y que inclu\u00eda uno de sus grandes himnos, la canci\u00f3n\u00a0<em><strong>Turn Turn Turn<\/strong><\/em>.<\/p>\n\n\n\n<p id=\"m108-3-109\">Sin embargo,&nbsp;<strong>la aventura de Crosby con The Byrds culmin\u00f3 con su expulsi\u00f3n del grupo en 1967<\/strong>. M\u00e1s tarde, Crosby fund\u00f3 junto a Stills y Graham Nash la banda de folk-rock&nbsp;<strong>Crosby, Stills &amp; Nash<\/strong>, a la que m\u00e1s adelante se sum\u00f3 el cantante canadiense&nbsp;<strong>Neil Young<\/strong>, otro grande.<\/p>\n\n\n\n<p id=\"m117-4-118\">Crosby estuvo involucrado sentimentalmente con la cantante de folk canadiense&nbsp;<strong>Joni Mitchell<\/strong>, quien le puso en contacto con Neil Young y Stephen Stills para formar la banda.&nbsp;El grupo dio su primer concierto como tr\u00edo en el hist\u00f3rico festival de Woodstock en 1969.<\/p>\n\n\n\n<p id=\"m123-5-124\">Aunque la adhesi\u00f3n de Young supuso el \u00e9xito comercial de la banda, con \u00e1lbumes como\u00a0<em>Deja Vu<\/em>\u00a0con grandes hits como\u00a0<em>Woodstock<\/em>\u00a0y\u00a0<em>Teach Your Children<\/em>, el grupo se disolvi\u00f3 por diferencias de egos.<\/p>\n\n\n\n<p id=\"m129-6-130\">Tanto The Byrds como Crosby, Stills &amp; Nash&nbsp;fueron una pieza clave del desarrollo del&nbsp;<strong>folk-rock y el country-rock<\/strong>&nbsp;que se gest\u00f3 en California y se populariz\u00f3 en la d\u00e9cada de 1970.&nbsp;<\/p>\n\n\n\n<p id=\"m154-7-155\">Desde finales de los 70,&nbsp;Crosby continu\u00f3 su carrera en solitario compaginando con su trabajo con la banda. Present\u00f3 su \u00faltimo disco en 2021 bajo el t\u00edtulo de&nbsp;<em>For Free<\/em>.<\/p>\n\n\n\n<p id=\"m142-8-143\">En el terreno personal,\u00a0<strong>el m\u00fasico tuvo problemas de adicci\u00f3n con el alcohol y las drogas durante a\u00f1os<\/strong>. De hecho, en 1982 fue arrestado en Dallas (Texas) por posesi\u00f3n de drogas y armas, algo por lo que recibi\u00f3 una sentencia de cinco a\u00f1os de c\u00e1rcel, aunque solo cumpli\u00f3 cinco meses entre rejas.\u00a0<\/p>\n\n\n\n<p id=\"m148-9-149\">En 1994 tuvo un trasplante de h\u00edgado que fue pagado por el m\u00fasico Phil Collins, tras ser diagnosticado con hepatitis C.<\/p>\n\n\n\n<p>Fuente: <a href=\"https:\/\/www.publico.es\/culturas\/muere-musico-david-crosby-leyenda-del-folk-rock-y-fundador-the-byrds.html#analytics-seccion:listado\">https:\/\/www.publico.es\/culturas\/muere-musico-david-crosby-leyenda-del-folk-rock-y-fundador-the-byrds.html#analytics-seccion:listado<\/a><\/p>\n","protected":false},"excerpt":{"rendered":"<p>El guitarrista fallece a los 81 a\u00f1os en Los Angeles. Adem\u00e1s de The Byrds form\u00f3 parte de otra m\u00edtica banda [&hellip;]<\/p>\n","protected":false},"author":1,"featured_media":45160,"comment_status":"open","ping_status":"open","sticky":false,"template":"","format":"standard","meta":{"site-sidebar-layout":"default","site-content-layout":"","ast-site-content-layout":"default","site-content-style":"default","site-sidebar-style":"default","ast-global-header-display":"","ast-banner-title-visibility":"","ast-main-header-display":"","ast-hfb-above-header-display":"","ast-hfb-below-header-display":"","ast-hfb-mobile-header-display":"","site-post-title":"","ast-breadcrumbs-content":"","ast-featured-img":"","footer-sml-layout":"","theme-transparent-header-meta":"","adv-header-id-meta":"","stick-header-meta":"","header-above-stick-meta":"","header-main-stick-meta":"","header-below-stick-meta":"","astra-migrate-meta-layouts":"default","ast-page-background-enabled":"default","ast-page-background-meta":{"desktop":{"background-color":"var(--ast-global-color-4)","background-image":"","background-repeat":"repeat","background-position":"center center","background-size":"auto","background-attachment":"scroll","background-type":"","background-media":"","overlay-type":"","overlay-color":"","overlay-opacity":"","overlay-gradient":""},"tablet":{"background-color":"","background-image":"","background-repeat":"repeat","background-position":"center center","background-size":"auto","background-attachment":"scroll","background-type":"","background-media":"","overlay-type":"","overlay-color":"","overlay-opacity":"","overlay-gradient":""},"mobile":{"background-color":"","background-image":"","background-repeat":"repeat","background-position":"center center","background-size":"auto","background-attachment":"scroll","background-type":"","background-media":"","overlay-type":"","overlay-color":"","overlay-opacity":"","overlay-gradient":""}},"ast-content-background-meta":{"desktop":{"background-color":"var(--ast-global-color-5)","background-image":"","background-repeat":"repeat","background-position":"center center","background-size":"auto","background-attachment":"scroll","background-type":"","background-media":"","overlay-type":"","overlay-color":"","overlay-opacity":"","overlay-gradient":""},"tablet":{"background-color":"var(--ast-global-color-5)","background-image":"","background-repeat":"repeat","background-position":"center center","background-size":"auto","background-attachment":"scroll","background-type":"","background-media":"","overlay-type":"","overlay-color":"","overlay-opacity":"","overlay-gradient":""},"mobile":{"background-color":"var(--ast-global-color-5)","background-image":"","background-repeat":"repeat","background-position":"center center","background-size":"auto","background-attachment":"scroll","background-type":"","background-media":"","overlay-type":"","overlay-color":"","overlay-opacity":"","overlay-gradient":""}},"footnotes":""},"categories":[8],"tags":[14774,14775],"class_list":["post-45159","post","type-post","status-publish","format-standard","has-post-thumbnail","hentry","category-noticias","tag-david-crosby","tag-folk-rock"],"_links":{"self":[{"href":"https:\/\/losperiodistas.com.mx\/portal\/wp-json\/wp\/v2\/posts\/45159","targetHints":{"allow":["GET"]}}],"collection":[{"href":"https:\/\/losperiodistas.com.mx\/portal\/wp-json\/wp\/v2\/posts"}],"about":[{"href":"https:\/\/losperiodistas.com.mx\/portal\/wp-json\/wp\/v2\/types\/post"}],"author":[{"embeddable":true,"href":"https:\/\/losperiodistas.com.mx\/portal\/wp-json\/wp\/v2\/users\/1"}],"replies":[{"embeddable":true,"href":"https:\/\/losperiodistas.com.mx\/portal\/wp-json\/wp\/v2\/comments?post=45159"}],"version-history":[{"count":1,"href":"https:\/\/losperiodistas.com.mx\/portal\/wp-json\/wp\/v2\/posts\/45159\/revisions"}],"predecessor-version":[{"id":45161,"href":"https:\/\/losperiodistas.com.mx\/portal\/wp-json\/wp\/v2\/posts\/45159\/revisions\/45161"}],"wp:featuredmedia":[{"embeddable":true,"href":"https:\/\/losperiodistas.com.mx\/portal\/wp-json\/wp\/v2\/media\/45160"}],"wp:attachment":[{"href":"https:\/\/losperiodistas.com.mx\/portal\/wp-json\/wp\/v2\/media?parent=45159"}],"wp:term":[{"taxonomy":"category","embeddable":true,"href":"https:\/\/losperiodistas.com.mx\/portal\/wp-json\/wp\/v2\/categories?post=45159"},{"taxonomy":"post_tag","embeddable":true,"href":"https:\/\/losperiodistas.com.mx\/portal\/wp-json\/wp\/v2\/tags?post=45159"}],"curies":[{"name":"wp","href":"https:\/\/api.w.org\/{rel}","templated":true}]}}