{"id":45156,"date":"2023-01-20T05:26:17","date_gmt":"2023-01-20T11:26:17","guid":{"rendered":"http:\/\/losperiodistas.com.mx\/portal\/?p=45156"},"modified":"2023-01-20T05:26:19","modified_gmt":"2023-01-20T11:26:19","slug":"juez-abre-una-puerta-a-xochitl-galvez-para-ir-a-la-mananera-con-amlo-el-financiero","status":"publish","type":"post","link":"https:\/\/losperiodistas.com.mx\/portal\/juez-abre-una-puerta-a-xochitl-galvez-para-ir-a-la-mananera-con-amlo-el-financiero\/","title":{"rendered":"Juez abre una puerta a X\u00f3chitl G\u00e1lvez para ir a la ma\u00f1anera con AMLO | El Financiero"},"content":{"rendered":"\n<h2 class=\"has-pale-cyan-blue-background-color has-background wp-block-heading\">\u2018No le saque, Presidente\u2019, se\u00f1ala la panista tras informar del amparo.<\/h2>\n\n\n\n<div class=\"wp-block-image is-style-default\"><figure class=\"aligncenter size-large\"><img fetchpriority=\"high\" decoding=\"async\" width=\"1024\" height=\"682\" src=\"https:\/\/losperiodistas.com.mx\/portal\/wp-content\/uploads\/2023\/01\/Captura-de-Pantalla-2023-01-20-a-las-5.19.26-1024x682.jpg\" alt=\"\" class=\"wp-image-45157\" srcset=\"https:\/\/losperiodistas.com.mx\/portal\/wp-content\/uploads\/2023\/01\/Captura-de-Pantalla-2023-01-20-a-las-5.19.26-1024x682.jpg 1024w, https:\/\/losperiodistas.com.mx\/portal\/wp-content\/uploads\/2023\/01\/Captura-de-Pantalla-2023-01-20-a-las-5.19.26-300x200.jpg 300w, https:\/\/losperiodistas.com.mx\/portal\/wp-content\/uploads\/2023\/01\/Captura-de-Pantalla-2023-01-20-a-las-5.19.26-768x512.jpg 768w, https:\/\/losperiodistas.com.mx\/portal\/wp-content\/uploads\/2023\/01\/Captura-de-Pantalla-2023-01-20-a-las-5.19.26-1536x1023.jpg 1536w, https:\/\/losperiodistas.com.mx\/portal\/wp-content\/uploads\/2023\/01\/Captura-de-Pantalla-2023-01-20-a-las-5.19.26.jpg 1834w\" sizes=\"(max-width: 1024px) 100vw, 1024px\" \/><figcaption><strong>X\u00f3chitl G\u00e1lvez\u00a0<\/strong>X\u00f3chitl G\u00e1lvez, senadora del PAN\u00a0(Cuartoscuro)<\/figcaption><\/figure><\/div>\n\n\n\n<p class=\"has-vivid-red-color has-text-color has-medium-font-size\"><strong>PEDRO HIRIART \/ EL FINANCIERO<\/strong><\/p>\n\n\n\n<p>La senadora del PAN, X\u00f3chitl G\u00e1lvez, inform\u00f3 que un juez federal admiti\u00f3 a tr\u00e1mite su amparo para asistir a la conferencia ma\u00f1anera del presidente Andr\u00e9s Manuel L\u00f3pez Obrador.<\/p>\n\n\n\n<p>De acuerdo con la legisladora, se estar\u00eda \u201cabriendo una puerta para garantizar el derecho de r\u00e9plica\u201d.<\/p>\n\n\n\n<p>A trav\u00e9s de Twitter, la panista celebr\u00f3 este paso y sostuvo que es momento de hacerle frente al poder.<\/p>\n\n\n\n<p>\u201cUn juez federal admiti\u00f3 mi amparo para que el Presidente haga valer mi derecho en su ma\u00f1anera. Sigamos trabajando para que se escuchen todas las voces. Es tiempo de ser valientes. No le saque, Presidente\u201d, concluy\u00f3.<\/p>\n\n\n\n<p>Hasta el momento, los archivos del Consejo de la Judicatura Federal (CJF) a\u00fan no han revelado que se haya iniciado el tr\u00e1mite de este amparo.<\/p>\n\n\n\n<p>Al haberlo admitido a tr\u00e1mite, el juzgador estableci\u00f3 que analizar\u00e1 el caso y, de considerarlo, podr\u00eda otorgar m\u00e1s adelante la protecci\u00f3n para exigir que la legisladora asista a la rueda de prensa del mandatario.<\/p>\n\n\n\n<p>La senadora panista le hab\u00eda pedido al presidente L\u00f3pez Obrador ir a la conferencia ma\u00f1anera a defenderse, despu\u00e9s de que \u00e9l afirmara que ella hab\u00eda peleado por eliminar los programas sociales que ha promovido su gobierno.<\/p>\n\n\n\n<p>El 5 de diciembre, el Ejecutivo declar\u00f3: \u201cAcaba de decir la se\u00f1ora X\u00f3chitl G\u00e1lvez que ella va a quitar los programas de apoyo a adultos mayores\u201d.<\/p>\n\n\n\n<p>A esto, la senadora respondi\u00f3 que los dichos eran falsos, y record\u00f3 que ella lo que hab\u00eda expuesto fue que era necesario seguir dando esos apoyos, insistiendo en que son necesarios para la poblaci\u00f3n.PUBLICIDAD<\/p>\n\n\n\n<p>Sin embargo, una vez que la panista reclam\u00f3, el mandatario le neg\u00f3 la invitaci\u00f3n, sosteniendo que la legisladora podr\u00eda haber acudido a otros peri\u00f3dicos o programas de radio para defenderse: \u201cElla tiene todos los foros. Que vaya a&nbsp;<em>Reforma<\/em>&nbsp;o con (Joaqu\u00edn) L\u00f3pez-D\u00f3riga, con Ciro (G\u00f3mez Leyva), con (Carlos) Alazraki o en el Senado. Yo sostengo que ellos no le tienen amor al pueblo y que, si fuese por ellos, no existir\u00edan los programas de Bienestar\u201d.<\/p>\n\n\n\n<p>Al respecto, G\u00e1lvez respondi\u00f3 que se defender\u00eda ante las instancias judiciales, ya que el mandatario se hab\u00eda negado a recibirla.<\/p>\n\n\n\n<p>La panista record\u00f3 que el Presidente sostuvo que, si una autoridad competente le exig\u00eda recibirla, entonces s\u00ed abrir\u00eda la puerta a G\u00e1lvez.<\/p>\n\n\n\n<p>Fuente: <a href=\"https:\/\/www.elfinanciero.com.mx\/nacional\/2023\/01\/20\/juez-abre-una-puerta-a-xochitl-galvez-para-ir-a-la-mananera-con-amlo\/\">https:\/\/www.elfinanciero.com.mx\/nacional\/2023\/01\/20\/juez-abre-una-puerta-a-xochitl-galvez-para-ir-a-la-mananera-con-amlo\/<\/a><\/p>\n","protected":false},"excerpt":{"rendered":"<p>\u2018No le saque, Presidente\u2019, se\u00f1ala la panista tras informar del amparo. PEDRO HIRIART \/ EL FINANCIERO La senadora del PAN, [&hellip;]<\/p>\n","protected":false},"author":1,"featured_media":45157,"comment_status":"open","ping_status":"open","sticky":false,"template":"","format":"standard","meta":{"site-sidebar-layout":"default","site-content-layout":"","ast-site-content-layout":"default","site-content-style":"default","site-sidebar-style":"default","ast-global-header-display":"","ast-banner-title-visibility":"","ast-main-header-display":"","ast-hfb-above-header-display":"","ast-hfb-below-header-display":"","ast-hfb-mobile-header-display":"","site-post-title":"","ast-breadcrumbs-content":"","ast-featured-img":"","footer-sml-layout":"","theme-transparent-header-meta":"","adv-header-id-meta":"","stick-header-meta":"","header-above-stick-meta":"","header-main-stick-meta":"","header-below-stick-meta":"","astra-migrate-meta-layouts":"default","ast-page-background-enabled":"default","ast-page-background-meta":{"desktop":{"background-color":"var(--ast-global-color-4)","background-image":"","background-repeat":"repeat","background-position":"center center","background-size":"auto","background-attachment":"scroll","background-type":"","background-media":"","overlay-type":"","overlay-color":"","overlay-opacity":"","overlay-gradient":""},"tablet":{"background-color":"","background-image":"","background-repeat":"repeat","background-position":"center center","background-size":"auto","background-attachment":"scroll","background-type":"","background-media":"","overlay-type":"","overlay-color":"","overlay-opacity":"","overlay-gradient":""},"mobile":{"background-color":"","background-image":"","background-repeat":"repeat","background-position":"center center","background-size":"auto","background-attachment":"scroll","background-type":"","background-media":"","overlay-type":"","overlay-color":"","overlay-opacity":"","overlay-gradient":""}},"ast-content-background-meta":{"desktop":{"background-color":"var(--ast-global-color-5)","background-image":"","background-repeat":"repeat","background-position":"center center","background-size":"auto","background-attachment":"scroll","background-type":"","background-media":"","overlay-type":"","overlay-color":"","overlay-opacity":"","overlay-gradient":""},"tablet":{"background-color":"var(--ast-global-color-5)","background-image":"","background-repeat":"repeat","background-position":"center center","background-size":"auto","background-attachment":"scroll","background-type":"","background-media":"","overlay-type":"","overlay-color":"","overlay-opacity":"","overlay-gradient":""},"mobile":{"background-color":"var(--ast-global-color-5)","background-image":"","background-repeat":"repeat","background-position":"center center","background-size":"auto","background-attachment":"scroll","background-type":"","background-media":"","overlay-type":"","overlay-color":"","overlay-opacity":"","overlay-gradient":""}},"footnotes":""},"categories":[8],"tags":[14773,2472,14772],"class_list":["post-45156","post","type-post","status-publish","format-standard","has-post-thumbnail","hentry","category-noticias","tag-derecho-de-replica","tag-las-mananeras","tag-xochitl-galvez"],"_links":{"self":[{"href":"https:\/\/losperiodistas.com.mx\/portal\/wp-json\/wp\/v2\/posts\/45156","targetHints":{"allow":["GET"]}}],"collection":[{"href":"https:\/\/losperiodistas.com.mx\/portal\/wp-json\/wp\/v2\/posts"}],"about":[{"href":"https:\/\/losperiodistas.com.mx\/portal\/wp-json\/wp\/v2\/types\/post"}],"author":[{"embeddable":true,"href":"https:\/\/losperiodistas.com.mx\/portal\/wp-json\/wp\/v2\/users\/1"}],"replies":[{"embeddable":true,"href":"https:\/\/losperiodistas.com.mx\/portal\/wp-json\/wp\/v2\/comments?post=45156"}],"version-history":[{"count":1,"href":"https:\/\/losperiodistas.com.mx\/portal\/wp-json\/wp\/v2\/posts\/45156\/revisions"}],"predecessor-version":[{"id":45158,"href":"https:\/\/losperiodistas.com.mx\/portal\/wp-json\/wp\/v2\/posts\/45156\/revisions\/45158"}],"wp:featuredmedia":[{"embeddable":true,"href":"https:\/\/losperiodistas.com.mx\/portal\/wp-json\/wp\/v2\/media\/45157"}],"wp:attachment":[{"href":"https:\/\/losperiodistas.com.mx\/portal\/wp-json\/wp\/v2\/media?parent=45156"}],"wp:term":[{"taxonomy":"category","embeddable":true,"href":"https:\/\/losperiodistas.com.mx\/portal\/wp-json\/wp\/v2\/categories?post=45156"},{"taxonomy":"post_tag","embeddable":true,"href":"https:\/\/losperiodistas.com.mx\/portal\/wp-json\/wp\/v2\/tags?post=45156"}],"curies":[{"name":"wp","href":"https:\/\/api.w.org\/{rel}","templated":true}]}}