{"id":45140,"date":"2023-01-20T05:16:54","date_gmt":"2023-01-20T11:16:54","guid":{"rendered":"http:\/\/losperiodistas.com.mx\/portal\/?p=45140"},"modified":"2023-01-20T05:16:56","modified_gmt":"2023-01-20T11:16:56","slug":"el-destino-de-genaro-garcia-luna-en-manos-de-siete-mujeres-y-cinco-hombres-el-pais","status":"publish","type":"post","link":"https:\/\/losperiodistas.com.mx\/portal\/el-destino-de-genaro-garcia-luna-en-manos-de-siete-mujeres-y-cinco-hombres-el-pais\/","title":{"rendered":"El destino de Genaro Garc\u00eda Luna, en manos de siete mujeres y cinco hombres | El Pa\u00eds"},"content":{"rendered":"\n<h2 class=\"has-pale-cyan-blue-background-color has-background has-medium-font-size wp-block-heading\">La selecci\u00f3n del jurado para el juicio contra el exsecretario de Seguridad de M\u00e9xico concluye despu\u00e9s de tres d\u00edas en la corte de Brooklyn<\/h2>\n\n\n\n<div class=\"wp-block-image is-style-default\"><figure class=\"aligncenter size-large\"><img fetchpriority=\"high\" decoding=\"async\" width=\"1024\" height=\"768\" src=\"https:\/\/losperiodistas.com.mx\/portal\/wp-content\/uploads\/2023\/01\/Captura-de-Pantalla-2023-01-20-a-las-5.12.08-1024x768.jpg\" alt=\"\" class=\"wp-image-45154\" srcset=\"https:\/\/losperiodistas.com.mx\/portal\/wp-content\/uploads\/2023\/01\/Captura-de-Pantalla-2023-01-20-a-las-5.12.08-1024x768.jpg 1024w, https:\/\/losperiodistas.com.mx\/portal\/wp-content\/uploads\/2023\/01\/Captura-de-Pantalla-2023-01-20-a-las-5.12.08-300x225.jpg 300w, https:\/\/losperiodistas.com.mx\/portal\/wp-content\/uploads\/2023\/01\/Captura-de-Pantalla-2023-01-20-a-las-5.12.08-768x576.jpg 768w, https:\/\/losperiodistas.com.mx\/portal\/wp-content\/uploads\/2023\/01\/Captura-de-Pantalla-2023-01-20-a-las-5.12.08-1536x1152.jpg 1536w, https:\/\/losperiodistas.com.mx\/portal\/wp-content\/uploads\/2023\/01\/Captura-de-Pantalla-2023-01-20-a-las-5.12.08-2048x1536.jpg 2048w\" sizes=\"(max-width: 1024px) 100vw, 1024px\" \/><figcaption>Genaro Garc\u00eda Luna, ex secretario de Seguridad de M\u00e9xico, en una audiencia judicial en Nueva York, el 17 de enero. JANE ROSENBERG (REUTERS)<\/figcaption><\/figure><\/div>\n\n\n\n<p class=\"has-vivid-red-color has-text-color has-medium-font-size\"><strong>EL\u00cdAS CAMHAJI \/ Nueva York \/ EL PA\u00cdS<\/strong><\/p>\n\n\n\n<p>Siete mujeres y cinco hombres juzgar\u00e1n a&nbsp;<a href=\"https:\/\/elpais.com\/mexico\/2023-01-17\/el-juicio-en-estados-unidos-contra-el-zar-antidroga-garcia-luna-amenaza-al-entorno-de-felipe-calderon.html\">Genaro Garc\u00eda Luna<\/a>. La&nbsp;<a href=\"https:\/\/elpais.com\/mexico\/2023-01-09\/la-seleccion-del-jurado-para-el-juicio-contra-garcia-luna-arranca-con-400-candidatos.html\">selecci\u00f3n del jurado<\/a>&nbsp;para el&nbsp;<a href=\"https:\/\/elpais.com\/mexico\/2023-01-16\/el-caso-garcia-luna-otro-trofeo-para-ee-uu.html\">juicio<\/a>&nbsp;contra el secretario de Seguridad del Gobierno de&nbsp;<a href=\"https:\/\/elpais.com\/mexico\/2022-10-26\/lopez-obrador-se-suma-a-la-acusacion-contra-felipe-calderon-por-supuesto-trafico-de-armas.html\" target=\"_blank\" rel=\"noreferrer noopener\">Felipe Calder\u00f3n<\/a>&nbsp;concluy\u00f3 este jueves, despu\u00e9s de tres d\u00edas consecutivos de entrevistas a m\u00e1s de un centenar de candidatos. Los 12 elegidos decidir\u00e1n, a final de cuentas, si el exfuncionario mexicano es culpable o inocente de los cinco cargos que se le imputan en Estados Unidos: tres por&nbsp;<a href=\"https:\/\/elpais.com\/mexico\/2022-11-04\/los-carteles-mexicanos-se-disputan-el-control-del-narcotrafico-en-ecuador.html\">narcotr\u00e1fico<\/a>, uno por delincuencia organizada y otro por falsedad de declaraciones.<\/p>\n\n\n\n<p>\u201cFelicidades y gracias por su voluntad de servicio\u201d, dijo Peggy Kuo, la magistrada que condujo el proceso de selecci\u00f3n, a los integrantes. Las identidades de los jurados no se van a dar a conocer, aunque ciertos detalles s\u00ed se hicieron p\u00fablicos durante las entrevistas en la Corte del Distrito Este de Nueva York. Se trata de un panel diverso en cuanto a las edades, el origen \u00e9tnico y los perfiles socioecon\u00f3micos. Hay, por ejemplo, varias personas con familiares en los cuerpos de seguridad y otras con parientes que purgan una condena y est\u00e1n encarcelados. Unos son asertivos, otros son m\u00e1s bien t\u00edmidos o dubitativos. Tambi\u00e9n difieren sus opiniones y experiencias en cuanto a los temas que atraviesan a la sociedad estadounidense y, en particular, a la neoyorquina, como la crisis de la vivienda, la legalizaci\u00f3n de las drogas o la confianza en las instituciones de justicia.<\/p>\n\n\n\n<p>La defensa insisti\u00f3 mucho esta semana en saber qu\u00e9 opinaban los candidatos de los polic\u00edas y otros agentes de los cuerpos de seguridad, as\u00ed como que fueran acusados de delitos por corrupci\u00f3n o narcotr\u00e1fico. Su cliente fue el jefe de la Polic\u00eda Federal. Los fiscales hicieron m\u00e1s \u00e9nfasis en descubrir c\u00f3mo se posicionaban los potenciales jurados frente al hecho de que fueran llamados al estrado varios testigos colaboradores, criminales que est\u00e1n dispuestos a dar testimonio a cambio de acceder a penas reducidas. La lista de testigos de la Fiscal\u00eda tiene m\u00e1s de 70 nombres y se perfila que muchos de ellos sean antiguos capos de la droga, detenidos durante el Gobierno de Calder\u00f3n y encarcelados en Estados Unidos.<\/p>\n\n\n\n<p>Tras una marat\u00f3n de m\u00e1s de 20 horas de entrevistas presenciales, en el proceso se eligi\u00f3 tambi\u00e9n a seis suplentes: tres hombres y tres mujeres. La selecci\u00f3n del jurado se trasform\u00f3 en una partida de ajedrez entre la fiscal\u00eda y la defensa. Ambas partes buscaban que se integraran la mayor cantidad de perfiles que pudieran ser m\u00e1s receptivos a sus argumentos, entre los 40 candidatos que pasaron a la \u00faltima etapa, y cada lado pod\u00eda vetar a tres personas que les parec\u00edan demasiado sesgadas o parciales.<\/p>\n\n\n\n<p>La selecci\u00f3n fue un procedimiento tedioso para todos: los ciudadanos que participaron, los protagonistas que lo condujeron y los reporteros que se presentaron en el tribunal. Pero tambi\u00e9n es una fase determinante que puede convertirse en el fiel de la balanza y que en la recta final no estuvo exenta de una dosis de dramatismo. La paradoja es que los abogados del acusado y los fiscales tienen que ponerse de acuerdo para llegar a una lista final. Durante alrededor de una hora, las partes discutieron sus opciones por separado, se juntaron en un extremo de la sala y negociaron en voz baja ante la mirada de los candidatos, que esperaban en silencio. La sala de prensa, en cambio, rug\u00eda a solo un pasillo de distancia.<\/p>\n\n\n\n<p>Garc\u00eda Luna se ve\u00eda meditabundo y parec\u00eda algo preocupado. Permaneci\u00f3 sentado frente a una mesa del tribunal y gir\u00f3 su silla para no darle la espalda a las personas elegidas para decidir su destino, pero tambi\u00e9n evit\u00f3 verlas a los ojos. Se llev\u00f3 un bol\u00edgrafo a la boca, recarg\u00f3 la cabeza en una de sus manos y clav\u00f3 la mirada en el vac\u00edo. Los abogados iban y ven\u00edan, pero \u00e9l solo esperaba y respiraba hondo. No es que no entendiera el proceso. Uno de sus representantes legales cont\u00f3 en una charla informal que durante las sesiones se comunicaba con su cliente en ingl\u00e9s. Intercambi\u00f3 algunas palabras con ellos antes de que se integrara el jurado. Estaba, sobre todo, abstra\u00eddo.<\/p>\n\n\n\n<p>El pr\u00f3ximo lunes comienzan los alegatos iniciales frente al juez Brian Cogan, el mismo que conden\u00f3 a&nbsp;<a href=\"https:\/\/elpais.com\/mexico\/2023-01-17\/el-chapo-pide-a-lopez-obrador-que-interceda-por-el-no-he-visto-la-luz-del-sol.html\">Joaqu\u00edn&nbsp;<em>El Chapo<\/em>&nbsp;Guzm\u00e1n<\/a>&nbsp;en julio de 2019. Es una etapa en la que los abogados m\u00e1s elocuentes de la Fiscal\u00eda y la defensa expondr\u00e1n sus argumentos por primera vez ante el jurado. Buscar\u00e1n conmoverlos, empatizar con ellos y, si tienen \u00e9xito, empezar a convencerlos. El calendario del juicio establece que las audiencias se llevar\u00e1n a cabo de lunes a jueves y que no habr\u00e1 sesiones los viernes y los fines de semana.<\/p>\n\n\n\n<p><a href=\"https:\/\/plus.elpais.com\/newsletters\/lnp\/1\/348\"><strong>Suscr\u00edbase aqu\u00ed<\/strong><\/a>a la\u00a0<em>newsletter<\/em>\u00a0de EL PA\u00cdS M\u00e9xico y reciba todas las claves informativas de la actualidad de este pa\u00eds<\/p>\n\n\n\n<p>Fuente: <a href=\"https:\/\/elpais.com\/mexico\/2023-01-19\/el-destino-de-genaro-garcia-luna-en-manos-de-siete-mujeres-y-cinco-hombres.html\">https:\/\/elpais.com\/mexico\/2023-01-19\/el-destino-de-genaro-garcia-luna-en-manos-de-siete-mujeres-y-cinco-hombres.html<\/a><\/p>\n","protected":false},"excerpt":{"rendered":"<p>La selecci\u00f3n del jurado para el juicio contra el exsecretario de Seguridad de M\u00e9xico concluye despu\u00e9s de tres d\u00edas en [&hellip;]<\/p>\n","protected":false},"author":1,"featured_media":45154,"comment_status":"open","ping_status":"open","sticky":false,"template":"","format":"standard","meta":{"site-sidebar-layout":"default","site-content-layout":"","ast-site-content-layout":"default","site-content-style":"default","site-sidebar-style":"default","ast-global-header-display":"","ast-banner-title-visibility":"","ast-main-header-display":"","ast-hfb-above-header-display":"","ast-hfb-below-header-display":"","ast-hfb-mobile-header-display":"","site-post-title":"","ast-breadcrumbs-content":"","ast-featured-img":"","footer-sml-layout":"","theme-transparent-header-meta":"","adv-header-id-meta":"","stick-header-meta":"","header-above-stick-meta":"","header-main-stick-meta":"","header-below-stick-meta":"","astra-migrate-meta-layouts":"default","ast-page-background-enabled":"default","ast-page-background-meta":{"desktop":{"background-color":"var(--ast-global-color-4)","background-image":"","background-repeat":"repeat","background-position":"center center","background-size":"auto","background-attachment":"scroll","background-type":"","background-media":"","overlay-type":"","overlay-color":"","overlay-opacity":"","overlay-gradient":""},"tablet":{"background-color":"","background-image":"","background-repeat":"repeat","background-position":"center center","background-size":"auto","background-attachment":"scroll","background-type":"","background-media":"","overlay-type":"","overlay-color":"","overlay-opacity":"","overlay-gradient":""},"mobile":{"background-color":"","background-image":"","background-repeat":"repeat","background-position":"center center","background-size":"auto","background-attachment":"scroll","background-type":"","background-media":"","overlay-type":"","overlay-color":"","overlay-opacity":"","overlay-gradient":""}},"ast-content-background-meta":{"desktop":{"background-color":"var(--ast-global-color-5)","background-image":"","background-repeat":"repeat","background-position":"center center","background-size":"auto","background-attachment":"scroll","background-type":"","background-media":"","overlay-type":"","overlay-color":"","overlay-opacity":"","overlay-gradient":""},"tablet":{"background-color":"var(--ast-global-color-5)","background-image":"","background-repeat":"repeat","background-position":"center center","background-size":"auto","background-attachment":"scroll","background-type":"","background-media":"","overlay-type":"","overlay-color":"","overlay-opacity":"","overlay-gradient":""},"mobile":{"background-color":"var(--ast-global-color-5)","background-image":"","background-repeat":"repeat","background-position":"center center","background-size":"auto","background-attachment":"scroll","background-type":"","background-media":"","overlay-type":"","overlay-color":"","overlay-opacity":"","overlay-gradient":""}},"footnotes":""},"categories":[8],"tags":[14771,107],"class_list":["post-45140","post","type-post","status-publish","format-standard","has-post-thumbnail","hentry","category-noticias","tag-corrupcion-policial-mexico","tag-genaro-garcia-luna"],"_links":{"self":[{"href":"https:\/\/losperiodistas.com.mx\/portal\/wp-json\/wp\/v2\/posts\/45140","targetHints":{"allow":["GET"]}}],"collection":[{"href":"https:\/\/losperiodistas.com.mx\/portal\/wp-json\/wp\/v2\/posts"}],"about":[{"href":"https:\/\/losperiodistas.com.mx\/portal\/wp-json\/wp\/v2\/types\/post"}],"author":[{"embeddable":true,"href":"https:\/\/losperiodistas.com.mx\/portal\/wp-json\/wp\/v2\/users\/1"}],"replies":[{"embeddable":true,"href":"https:\/\/losperiodistas.com.mx\/portal\/wp-json\/wp\/v2\/comments?post=45140"}],"version-history":[{"count":1,"href":"https:\/\/losperiodistas.com.mx\/portal\/wp-json\/wp\/v2\/posts\/45140\/revisions"}],"predecessor-version":[{"id":45155,"href":"https:\/\/losperiodistas.com.mx\/portal\/wp-json\/wp\/v2\/posts\/45140\/revisions\/45155"}],"wp:featuredmedia":[{"embeddable":true,"href":"https:\/\/losperiodistas.com.mx\/portal\/wp-json\/wp\/v2\/media\/45154"}],"wp:attachment":[{"href":"https:\/\/losperiodistas.com.mx\/portal\/wp-json\/wp\/v2\/media?parent=45140"}],"wp:term":[{"taxonomy":"category","embeddable":true,"href":"https:\/\/losperiodistas.com.mx\/portal\/wp-json\/wp\/v2\/categories?post=45140"},{"taxonomy":"post_tag","embeddable":true,"href":"https:\/\/losperiodistas.com.mx\/portal\/wp-json\/wp\/v2\/tags?post=45140"}],"curies":[{"name":"wp","href":"https:\/\/api.w.org\/{rel}","templated":true}]}}