{"id":45113,"date":"2023-01-19T08:56:01","date_gmt":"2023-01-19T14:56:01","guid":{"rendered":"http:\/\/losperiodistas.com.mx\/portal\/?p=45113"},"modified":"2023-01-19T08:56:04","modified_gmt":"2023-01-19T14:56:04","slug":"monologos-de-menade-al-pueblo-me-debo-y-al-pueblo-me-entrego","status":"publish","type":"post","link":"https:\/\/losperiodistas.com.mx\/portal\/monologos-de-menade-al-pueblo-me-debo-y-al-pueblo-me-entrego\/","title":{"rendered":"Mon\u00f3logos de M\u00e9nade | \u00a1Al pueblo me debo y al pueblo me entrego!"},"content":{"rendered":"\n<figure class=\"wp-block-image size-large is-style-default\"><img fetchpriority=\"high\" decoding=\"async\" width=\"1024\" height=\"576\" src=\"https:\/\/losperiodistas.com.mx\/portal\/wp-content\/uploads\/2023\/01\/Copia-de-Diseno-sin-titulo-28-1024x576.jpeg\" alt=\"\" class=\"wp-image-45116\" srcset=\"https:\/\/losperiodistas.com.mx\/portal\/wp-content\/uploads\/2023\/01\/Copia-de-Diseno-sin-titulo-28-1024x576.jpeg 1024w, https:\/\/losperiodistas.com.mx\/portal\/wp-content\/uploads\/2023\/01\/Copia-de-Diseno-sin-titulo-28-300x169.jpeg 300w, https:\/\/losperiodistas.com.mx\/portal\/wp-content\/uploads\/2023\/01\/Copia-de-Diseno-sin-titulo-28-768x432.jpeg 768w, https:\/\/losperiodistas.com.mx\/portal\/wp-content\/uploads\/2023\/01\/Copia-de-Diseno-sin-titulo-28.jpeg 1200w\" sizes=\"(max-width: 1024px) 100vw, 1024px\" \/><\/figure>\n\n\n\n<p><\/p>\n\n\n\n<p class=\"has-vivid-red-color has-text-color\"><strong><em>Por Itandehui Rodr\u00edguez<\/em><\/strong><\/p>\n\n\n\n<p>@ItandehuiRo_Ma<\/p>\n\n\n\n<p>Si hoy levantaran una encuesta, sin duda el candidato de morena a la gubernatura ser\u00eda el presidente del Senado, no tenemos que buscarle tres pies al gato, pero tengo algunas dudas \u00bfahora ser\u00e1 \u00e9l qui\u00e9n decida qui\u00e9n y cu\u00e1ndo levanta la mano? \u00bfPor qu\u00e9 tomarse esas licencias?<\/p>\n\n\n\n<p>Se vio como L\u00f3pez Obrador se\u00f1alando a los posibles aspirantes de la oposici\u00f3n y, s\u00ed L\u00f3pez destap\u00f3 a Loret y a Chumel, \u00bfArmenta va a destapar a Fernando Canales? \u00bfA H\u00e9ctor Rodrigo Ort\u00edz? \u00bfLe va a levantar la mano a Juan Carlos Valerio?<\/p>\n\n\n\n<p>\u00bfSe va a encargar tambi\u00e9n de los de oposici\u00f3n? \u00bfVa a destapar a Eduardo Rivera? \u00a1Ah, no, esperen, eso tambi\u00e9n ya lo hizo!<\/p>\n\n\n\n<p>\u00bfPor qu\u00e9 detenerse a subir a la agenda a otros actores y dedicarles tiempo en ruedas de prensa que \u00e9l paga? \u00bfNo es como si yo le dijera a mi novio que hay otras mujeres que deber\u00edan gustarle m\u00e1s que yo?<\/p>\n\n\n\n<p>\u00bfO ser\u00e1 que le preocup\u00f3 ver la convocatoria a la fiesta de cumplea\u00f1os de Julio Huerta, secretario de Gobernaci\u00f3n? Porque no solo hab\u00eda alcaldes y diputados, sino tambi\u00e9n una buena cantidad de miembros del consejo pol\u00edtico de su partido\u2026 D\u00edganme malpensada, pero puede ser que vaya por ah\u00ed el asunto.<\/p>\n\n\n\n<p>La frase que utilizo para titular esta columna es un fragmento de la que cre\u00f3 Jorge Lozano, experto en relaciones humanas y reza: \u201cmientras no tenga anillo en el dedo, al pueblo me debo y al pueblo me entrego\u201d, la verdad es que era mi frase hasta que me enamor\u00e9 perdidamente del hombre m\u00e1s guapo, inteligente y valiente del universo y, anillo no tengo\u2026 todav\u00eda, pero me autogobern\u00e9 y ya no me debo al pueblo.<\/p>\n\n\n\n<figure class=\"wp-block-embed is-type-video is-provider-tiktok wp-block-embed-tiktok\"><div class=\"wp-block-embed__wrapper\">\n<blockquote class=\"tiktok-embed\" cite=\"https:\/\/www.tiktok.com\/@tickyty\/video\/7106161180221230341\" data-video-id=\"7106161180221230341\" data-embed-from=\"oembed\" style=\"max-width:605px; min-width:325px;\"> <section> <a target=\"_blank\" title=\"@tickyty\" href=\"https:\/\/www.tiktok.com\/@tickyty?refer=embed\">@tickyty<\/a> <p><a title=\"parati\" target=\"_blank\" href=\"https:\/\/www.tiktok.com\/tag\/parati?refer=embed\">#parati<\/a> <a title=\"foryou\" target=\"_blank\" href=\"https:\/\/www.tiktok.com\/tag\/foryou?refer=embed\">#foryou<\/a> <a title=\"\ud83d\udc8d\" target=\"_blank\" href=\"https:\/\/www.tiktok.com\/tag\/%F0%9F%92%8D?refer=embed\">#\ud83d\udc8d<\/a><\/p> <a target=\"_blank\" title=\"\u266c sonido original - \ud83c\udf38\ud83d\udc98\ud83e\udeb3\ud83d\udc8e\ud83c\udf37Tickyty\ud83c\udf37\ud83e\udeb3\ud83d\udc51\ud83d\udc98\ud83c\udf38\" href=\"https:\/\/www.tiktok.com\/music\/sonido-original-7106161178870582022?refer=embed\">\u266c sonido original &#8211; \ud83c\udf38\ud83d\udc98\ud83e\udeb3\ud83d\udc8e\ud83c\udf37Tickyty\ud83c\udf37\ud83e\udeb3\ud83d\udc51\ud83d\udc98\ud83c\udf38<\/a> <\/section> <\/blockquote> <script async src=\"https:\/\/www.tiktok.com\/embed.js\"><\/script>\n<\/div><\/figure>\n\n\n\n<p><\/p>\n\n\n\n<p>Volvamos al punto, adaptemos la frase de Lozano a la pol\u00edtica, porque adem\u00e1s le queda a cualquiera que quiera contender por un cargo de elecci\u00f3n popular.<\/p>\n\n\n\n<p>Eso de \u201cel pueblo me lo pide\u201d es muy del siglo pasado, muy del PRI de los setentas.<\/p>\n\n\n\n<p>\u00a1Renu\u00e9vense o mueran, demonios! Hay que montarse en las tendencias, adoptar el \u2018argot\u2019 de los influencers, pasar por m\u00e1s modernos\u2026 o por lo menos intentarlo.<\/p>\n\n\n\n<p>Y que si H\u00e9ctor Rodrigo quiere, pues que declare: \u00a1AL PUEBLO ME DEBO Y AL PUEBLO ME ENTREGO!<\/p>\n\n\n\n<p>Y que si Canales quiere, pues que diga: \u00a1AL PUEBLO ME DEBO Y AL PUEBLO ME ENTREGO!<\/p>\n\n\n\n<p>Y que si Valerio quiere, pues que grite: \u00a1AL PUEBLO ME DEBO Y AL PUEBLO ME ENTREGO!<\/p>\n\n\n\n<p>Y que si Julio Huerta quiere, pues que anuncie: \u00a1AL PUEBLO ME DEBO Y AL PUEBLO ME ENTREGO!<\/p>\n\n\n\n<p>Y que si Eduardo Rivera quiere, pues que exclame: \u00a1AL PUEBLO ME DEBO Y AL PUEBLO ME ENTREGO!<\/p>\n\n\n\n<p>Ojal\u00e1 y un d\u00eda de estos mencione a Olivia Salom\u00f3n, porque ya se quedaron sin aspirantes mujeres en morena y, as\u00ed, la secretaria de Econom\u00eda podr\u00e1 decretar: \u00a1AL PUEBLO ME DEBO Y AL PUEBLO ME ENTREGO!<\/p>\n\n\n\n<p>Pero el externar una aspiraci\u00f3n es una decisi\u00f3n personal\u2026 PER-SO-NAL y cada qui\u00e9n debe poder decir cu\u00e1ndo y d\u00f3nde lo anuncia, no le corresponde a un competidor, \u00a1por favor!<\/p>\n\n\n\n<p>Es m\u00e1s, ah\u00ed voy yo tambi\u00e9n, porque qui\u00e9n suspira, aspira\u2026 \u00a1AL PUEBLO ME DEBO Y AL PUEBLO ME ENTREGO! \u00a1Dest\u00e1pame, senador, anda, yo tambi\u00e9n quiero!<\/p>\n","protected":false},"excerpt":{"rendered":"<p>Por Itandehui Rodr\u00edguez @ItandehuiRo_Ma Si hoy levantaran una encuesta, sin duda el candidato de morena a la gubernatura ser\u00eda el [&hellip;]<\/p>\n","protected":false},"author":1,"featured_media":45116,"comment_status":"open","ping_status":"open","sticky":false,"template":"","format":"standard","meta":{"site-sidebar-layout":"default","site-content-layout":"","ast-site-content-layout":"default","site-content-style":"default","site-sidebar-style":"default","ast-global-header-display":"","ast-banner-title-visibility":"","ast-main-header-display":"","ast-hfb-above-header-display":"","ast-hfb-below-header-display":"","ast-hfb-mobile-header-display":"","site-post-title":"","ast-breadcrumbs-content":"","ast-featured-img":"","footer-sml-layout":"","theme-transparent-header-meta":"","adv-header-id-meta":"","stick-header-meta":"","header-above-stick-meta":"","header-main-stick-meta":"","header-below-stick-meta":"","astra-migrate-meta-layouts":"default","ast-page-background-enabled":"default","ast-page-background-meta":{"desktop":{"background-color":"var(--ast-global-color-4)","background-image":"","background-repeat":"repeat","background-position":"center center","background-size":"auto","background-attachment":"scroll","background-type":"","background-media":"","overlay-type":"","overlay-color":"","overlay-opacity":"","overlay-gradient":""},"tablet":{"background-color":"","background-image":"","background-repeat":"repeat","background-position":"center center","background-size":"auto","background-attachment":"scroll","background-type":"","background-media":"","overlay-type":"","overlay-color":"","overlay-opacity":"","overlay-gradient":""},"mobile":{"background-color":"","background-image":"","background-repeat":"repeat","background-position":"center center","background-size":"auto","background-attachment":"scroll","background-type":"","background-media":"","overlay-type":"","overlay-color":"","overlay-opacity":"","overlay-gradient":""}},"ast-content-background-meta":{"desktop":{"background-color":"var(--ast-global-color-5)","background-image":"","background-repeat":"repeat","background-position":"center center","background-size":"auto","background-attachment":"scroll","background-type":"","background-media":"","overlay-type":"","overlay-color":"","overlay-opacity":"","overlay-gradient":""},"tablet":{"background-color":"var(--ast-global-color-5)","background-image":"","background-repeat":"repeat","background-position":"center center","background-size":"auto","background-attachment":"scroll","background-type":"","background-media":"","overlay-type":"","overlay-color":"","overlay-opacity":"","overlay-gradient":""},"mobile":{"background-color":"var(--ast-global-color-5)","background-image":"","background-repeat":"repeat","background-position":"center center","background-size":"auto","background-attachment":"scroll","background-type":"","background-media":"","overlay-type":"","overlay-color":"","overlay-opacity":"","overlay-gradient":""}},"footnotes":""},"categories":[8,22],"tags":[2147,14761],"class_list":["post-45113","post","type-post","status-publish","format-standard","has-post-thumbnail","hentry","category-noticias","category-opinion-invitada","tag-alejandro-armenta-mier","tag-eduardo-rivera-perez-pan"],"_links":{"self":[{"href":"https:\/\/losperiodistas.com.mx\/portal\/wp-json\/wp\/v2\/posts\/45113","targetHints":{"allow":["GET"]}}],"collection":[{"href":"https:\/\/losperiodistas.com.mx\/portal\/wp-json\/wp\/v2\/posts"}],"about":[{"href":"https:\/\/losperiodistas.com.mx\/portal\/wp-json\/wp\/v2\/types\/post"}],"author":[{"embeddable":true,"href":"https:\/\/losperiodistas.com.mx\/portal\/wp-json\/wp\/v2\/users\/1"}],"replies":[{"embeddable":true,"href":"https:\/\/losperiodistas.com.mx\/portal\/wp-json\/wp\/v2\/comments?post=45113"}],"version-history":[{"count":1,"href":"https:\/\/losperiodistas.com.mx\/portal\/wp-json\/wp\/v2\/posts\/45113\/revisions"}],"predecessor-version":[{"id":45117,"href":"https:\/\/losperiodistas.com.mx\/portal\/wp-json\/wp\/v2\/posts\/45113\/revisions\/45117"}],"wp:featuredmedia":[{"embeddable":true,"href":"https:\/\/losperiodistas.com.mx\/portal\/wp-json\/wp\/v2\/media\/45116"}],"wp:attachment":[{"href":"https:\/\/losperiodistas.com.mx\/portal\/wp-json\/wp\/v2\/media?parent=45113"}],"wp:term":[{"taxonomy":"category","embeddable":true,"href":"https:\/\/losperiodistas.com.mx\/portal\/wp-json\/wp\/v2\/categories?post=45113"},{"taxonomy":"post_tag","embeddable":true,"href":"https:\/\/losperiodistas.com.mx\/portal\/wp-json\/wp\/v2\/tags?post=45113"}],"curies":[{"name":"wp","href":"https:\/\/api.w.org\/{rel}","templated":true}]}}