{"id":45105,"date":"2023-01-19T09:06:04","date_gmt":"2023-01-19T15:06:04","guid":{"rendered":"http:\/\/losperiodistas.com.mx\/portal\/?p=45105"},"modified":"2023-01-19T09:17:07","modified_gmt":"2023-01-19T15:17:07","slug":"la-novelista-mexicana-brenda-navarro-gana-dos-premios-en-espana-la-lista","status":"publish","type":"post","link":"https:\/\/losperiodistas.com.mx\/portal\/la-novelista-mexicana-brenda-navarro-gana-dos-premios-en-espana-la-lista\/","title":{"rendered":"La novelista mexicana Brenda Navarro gana dos premios en Espa\u00f1a | La-Lista"},"content":{"rendered":"\n<p class=\"has-luminous-vivid-amber-background-color has-background has-medium-font-size\">La autora se hizo merecedora de los reconocimientos por su libro &#8216;Ceniza en la boca&#8217;.<\/p>\n\n\n\n<p><\/p>\n\n\n\n<div class=\"wp-block-image is-style-default\"><figure class=\"aligncenter size-large\"><img fetchpriority=\"high\" decoding=\"async\" width=\"1024\" height=\"631\" src=\"https:\/\/losperiodistas.com.mx\/portal\/wp-content\/uploads\/2023\/01\/novelista_mexicana_brenda_navarro_gana_dos_premios_espana-1-1024x631.jpg\" alt=\"\" class=\"wp-image-45107\" srcset=\"https:\/\/losperiodistas.com.mx\/portal\/wp-content\/uploads\/2023\/01\/novelista_mexicana_brenda_navarro_gana_dos_premios_espana-1-1024x631.jpg 1024w, https:\/\/losperiodistas.com.mx\/portal\/wp-content\/uploads\/2023\/01\/novelista_mexicana_brenda_navarro_gana_dos_premios_espana-1-300x185.jpg 300w, https:\/\/losperiodistas.com.mx\/portal\/wp-content\/uploads\/2023\/01\/novelista_mexicana_brenda_navarro_gana_dos_premios_espana-1-768x473.jpg 768w, https:\/\/losperiodistas.com.mx\/portal\/wp-content\/uploads\/2023\/01\/novelista_mexicana_brenda_navarro_gana_dos_premios_espana-1.jpg 1201w\" sizes=\"(max-width: 1024px) 100vw, 1024px\" \/><figcaption>La novelista mexicana Brenda Navarro gana dos premios en Espa\u00f1a. Foto: Twitter<\/figcaption><\/figure><\/div>\n\n\n\n<p class=\"has-vivid-red-color has-text-color has-medium-font-size\"><strong>REDACCI\u00d3N LA-LISTA<\/strong><\/p>\n\n\n\n<p><em>Ceniza en la boca<\/em>, de la novelista mexicana&nbsp;<strong>Brenda Navarro<\/strong>, fue reconocido en Espa\u00f1a como el libro del a\u00f1o por las&nbsp;<strong>Librer\u00edas de Madrid&nbsp;<\/strong>y la edici\u00f3n XXII de los&nbsp;<strong>Premios C\u00e1lamo<\/strong>.<\/p>\n\n\n\n<p>La autora comparti\u00f3 la noticia a trav\u00e9s de redes sociales. Reconoci\u00f3 que no esperaba las llamadas de los organizadores, hasta que la editorial\u00a0<strong>Sexto Piso\u00a0<\/strong>le dio la noticia.<\/p>\n\n\n\n<p class=\"has-cyan-bluish-gray-background-color has-background\">No te pierdas:<a href=\"https:\/\/la-lista.com\/cultura\/2023\/01\/17\/exposicion-de-gabriel-orozco-entre-las-mejores-de-2022-the-new-yorker\">Exposici\u00f3n de Gabriel Orozco, entre las mejores de 2022: The New Yorker<\/a><\/p>\n\n\n\n<p>\u201cDos premios en cinco minutos, ustedes me quieren dar un infarto\u201d, escribi\u00f3 la escritora en su cuenta de Twitter cuando le avisaron de los galardones.<\/p>\n\n\n\n<figure class=\"wp-block-embed is-type-rich is-provider-twitter wp-block-embed-twitter\"><div class=\"wp-block-embed__wrapper\">\n<blockquote class=\"twitter-tweet\" data-width=\"500\" data-dnt=\"true\"><p lang=\"es\" dir=\"ltr\">Y m\u00e1s que sorprendida y contenta de este segundo <a href=\"https:\/\/twitter.com\/hashtag\/PremioLibroDelA%C3%B1o2022?src=hash&amp;ref_src=twsrc%5Etfw\">#PremioLibroDelA\u00f1o2022<\/a> en categor\u00eda ficci\u00f3n a <a href=\"https:\/\/twitter.com\/hashtag\/Cenizaenlaboca?src=hash&amp;ref_src=twsrc%5Etfw\">#Cenizaenlaboca<\/a> otorgado por las librer\u00edas de Madrid. <br>\u00a1Qu\u00e9 d\u00eda! <a href=\"https:\/\/t.co\/vrooUNFF25\">https:\/\/t.co\/vrooUNFF25<\/a><\/p>&mdash; Brenda Navarro (@despixeleada) <a href=\"https:\/\/twitter.com\/despixeleada\/status\/1615674480768032770?ref_src=twsrc%5Etfw\">January 18, 2023<\/a><\/blockquote><script async src=\"https:\/\/platform.twitter.com\/widgets.js\" charset=\"utf-8\"><\/script>\n<\/div><\/figure>\n\n\n\n<p>El&nbsp;<strong>Instituto Cultural de M\u00e9xico en Espa\u00f1a&nbsp;<\/strong>fue uno de los organismos que felicit\u00f3 a la novelista Brenda Navarro por el \u00e9xito que tuvo en esta jornada con el \u00e9xito de&nbsp;<em>Ceniza en la boca<\/em>.<\/p>\n\n\n\n<p>La tambi\u00e9n autora de\u00a0<em>Casas vac\u00edas<\/em>, libro que tambi\u00e9n est\u00e1 disponible en\u00a0<a href=\"https:\/\/sextopiso.mx\/esp\/autor\/354\/brenda-navarro\" target=\"_blank\" rel=\"noreferrer noopener\">Sexto Piso<\/a>, es una de las autoras mexicanas m\u00e1s importantes del momento. Una de sus pr\u00f3ximas participaciones ser\u00e1 en el\u00a0<strong>Hay Festival Cartagena de Indias<\/strong>.<\/p>\n\n\n\n<p class=\"has-cyan-bluish-gray-background-color has-background\">No te pierdas:<a href=\"https:\/\/la-lista.com\/entretenimiento\/2023\/01\/02\/juan-gabriel-esta-entre-los-mejores-cantante-de-la-historia-segun-rolling-stone\">Juan Gabriel est\u00e1 entre los mejores cantantes de la historia, seg\u00fan Rolling Stone<\/a><\/p>\n\n\n\n<p>Su libro anterior,&nbsp;<em><a href=\"https:\/\/la-lista.com\/entrevista\/2021\/01\/24\/no-hablo-de-mexico-sino-del-dolor-que-es-universal-brenda-navarro\" target=\"_blank\" rel=\"noreferrer noopener\">Casas vac\u00edas<\/a><\/em>, obtuvo el Premio \u201cTigre Juan\u201d de novela, dotado por 10 mil euros. Adem\u00e1s fue el t\u00edtulo con el que&nbsp;<a href=\"https:\/\/kajanegra.com\/casasvacias\/\" target=\"_blank\" rel=\"noreferrer noopener\">Kaja Negra<\/a>&nbsp;inici\u00f3 sus actividades editoriales y fue traducido a siete idiomas.<\/p>\n\n\n\n<figure class=\"wp-block-image is-style-default\"><img decoding=\"async\" src=\"https:\/\/i0.wp.com\/la-lista.com\/wp-content\/uploads\/2023\/01\/novelista_mexicana_brenda_navarro_gana_dos_premios_espana_1.jpg?resize=800%2C530&amp;ssl=1\" alt=\"La novelista mexicana Brenda Navarro gana dos premios en Espa\u00f1a - novelista_mexicana_brenda_navarro_gana_dos_premios_espana_1\" class=\"wp-image-326354\"\/><figcaption>Brenda Navarro suma m\u00e1s \u00e9xitos en su carrera tras la publicaci\u00f3n de \u201cCasas vac\u00edas\u201d. Foto: ferialibrosevilla.com<\/figcaption><\/figure>\n\n\n\n<p>La escritora naci\u00f3 el 26 de febrero de 1982 en la Ciudad de M\u00e9xico. Estudi\u00f3 sociolog\u00eda y econom\u00eda feminista en la UNAM y curs\u00f3 un m\u00e1ster en Estudios de G\u00e9nero, Mujeres y Ciudadan\u00eda en la Universidad de Barcelona.<\/p>\n\n\n\n<p>Brenda Navarro, quien tambi\u00e9n fue editora y reportera, fue una de las fundadoras de Enjambre Literario, proyecto enfocado en publicar obras escritas por mujeres.<\/p>\n\n\n\n<p>Fuente: <a href=\"https:\/\/la-lista.com\/cultura\/2023\/01\/18\/novelista-mexicana-brenda-navarro-gana-dos-premios-en-espana\">https:\/\/la-lista.com\/cultura\/2023\/01\/18\/novelista-mexicana-brenda-navarro-gana-dos-premios-en-espana<\/a><\/p>\n","protected":false},"excerpt":{"rendered":"<p>La autora se hizo merecedora de los reconocimientos por su libro &#8216;Ceniza en la boca&#8217;. REDACCI\u00d3N LA-LISTA Ceniza en la [&hellip;]<\/p>\n","protected":false},"author":1,"featured_media":45107,"comment_status":"open","ping_status":"open","sticky":false,"template":"","format":"standard","meta":{"site-sidebar-layout":"default","site-content-layout":"","ast-site-content-layout":"default","site-content-style":"default","site-sidebar-style":"default","ast-global-header-display":"","ast-banner-title-visibility":"","ast-main-header-display":"","ast-hfb-above-header-display":"","ast-hfb-below-header-display":"","ast-hfb-mobile-header-display":"","site-post-title":"","ast-breadcrumbs-content":"","ast-featured-img":"","footer-sml-layout":"","theme-transparent-header-meta":"","adv-header-id-meta":"","stick-header-meta":"","header-above-stick-meta":"","header-main-stick-meta":"","header-below-stick-meta":"","astra-migrate-meta-layouts":"default","ast-page-background-enabled":"default","ast-page-background-meta":{"desktop":{"background-color":"var(--ast-global-color-4)","background-image":"","background-repeat":"repeat","background-position":"center center","background-size":"auto","background-attachment":"scroll","background-type":"","background-media":"","overlay-type":"","overlay-color":"","overlay-opacity":"","overlay-gradient":""},"tablet":{"background-color":"","background-image":"","background-repeat":"repeat","background-position":"center center","background-size":"auto","background-attachment":"scroll","background-type":"","background-media":"","overlay-type":"","overlay-color":"","overlay-opacity":"","overlay-gradient":""},"mobile":{"background-color":"","background-image":"","background-repeat":"repeat","background-position":"center center","background-size":"auto","background-attachment":"scroll","background-type":"","background-media":"","overlay-type":"","overlay-color":"","overlay-opacity":"","overlay-gradient":""}},"ast-content-background-meta":{"desktop":{"background-color":"var(--ast-global-color-5)","background-image":"","background-repeat":"repeat","background-position":"center center","background-size":"auto","background-attachment":"scroll","background-type":"","background-media":"","overlay-type":"","overlay-color":"","overlay-opacity":"","overlay-gradient":""},"tablet":{"background-color":"var(--ast-global-color-5)","background-image":"","background-repeat":"repeat","background-position":"center center","background-size":"auto","background-attachment":"scroll","background-type":"","background-media":"","overlay-type":"","overlay-color":"","overlay-opacity":"","overlay-gradient":""},"mobile":{"background-color":"var(--ast-global-color-5)","background-image":"","background-repeat":"repeat","background-position":"center center","background-size":"auto","background-attachment":"scroll","background-type":"","background-media":"","overlay-type":"","overlay-color":"","overlay-opacity":"","overlay-gradient":""}},"footnotes":""},"categories":[8],"tags":[14758,9849,14757],"class_list":["post-45105","post","type-post","status-publish","format-standard","has-post-thumbnail","hentry","category-noticias","tag-premiolibrodelano2022","tag-brenda-navarro","tag-cenizas-en-la-boca"],"_links":{"self":[{"href":"https:\/\/losperiodistas.com.mx\/portal\/wp-json\/wp\/v2\/posts\/45105","targetHints":{"allow":["GET"]}}],"collection":[{"href":"https:\/\/losperiodistas.com.mx\/portal\/wp-json\/wp\/v2\/posts"}],"about":[{"href":"https:\/\/losperiodistas.com.mx\/portal\/wp-json\/wp\/v2\/types\/post"}],"author":[{"embeddable":true,"href":"https:\/\/losperiodistas.com.mx\/portal\/wp-json\/wp\/v2\/users\/1"}],"replies":[{"embeddable":true,"href":"https:\/\/losperiodistas.com.mx\/portal\/wp-json\/wp\/v2\/comments?post=45105"}],"version-history":[{"count":1,"href":"https:\/\/losperiodistas.com.mx\/portal\/wp-json\/wp\/v2\/posts\/45105\/revisions"}],"predecessor-version":[{"id":45108,"href":"https:\/\/losperiodistas.com.mx\/portal\/wp-json\/wp\/v2\/posts\/45105\/revisions\/45108"}],"wp:featuredmedia":[{"embeddable":true,"href":"https:\/\/losperiodistas.com.mx\/portal\/wp-json\/wp\/v2\/media\/45107"}],"wp:attachment":[{"href":"https:\/\/losperiodistas.com.mx\/portal\/wp-json\/wp\/v2\/media?parent=45105"}],"wp:term":[{"taxonomy":"category","embeddable":true,"href":"https:\/\/losperiodistas.com.mx\/portal\/wp-json\/wp\/v2\/categories?post=45105"},{"taxonomy":"post_tag","embeddable":true,"href":"https:\/\/losperiodistas.com.mx\/portal\/wp-json\/wp\/v2\/tags?post=45105"}],"curies":[{"name":"wp","href":"https:\/\/api.w.org\/{rel}","templated":true}]}}