{"id":45102,"date":"2023-01-19T08:19:01","date_gmt":"2023-01-19T14:19:01","guid":{"rendered":"http:\/\/losperiodistas.com.mx\/portal\/?p=45102"},"modified":"2023-01-19T08:19:03","modified_gmt":"2023-01-19T14:19:03","slug":"liberen-al-pezon-piden-a-facebook-e-instagram-que-revisen-su-prohibicion-de-mostrar-pechos-desnudos-the-guardian","status":"publish","type":"post","link":"https:\/\/losperiodistas.com.mx\/portal\/liberen-al-pezon-piden-a-facebook-e-instagram-que-revisen-su-prohibicion-de-mostrar-pechos-desnudos-the-guardian\/","title":{"rendered":"Liberen al pez\u00f3n: piden a Facebook e Instagram que revisen su prohibici\u00f3n de mostrar pechos desnudos | The Guardian"},"content":{"rendered":"\n<p class=\"has-pale-cyan-blue-background-color has-background has-medium-font-size\">El consejo asesor de Meta se\u00f1ala que esta pol\u00edtica impide el derecho de expresi\u00f3n de las mujeres y las personas trans y no binarias.<\/p>\n\n\n\n<p><\/p>\n\n\n\n<div class=\"wp-block-image is-style-default\"><figure class=\"aligncenter size-large\"><img fetchpriority=\"high\" decoding=\"async\" width=\"1024\" height=\"614\" src=\"https:\/\/losperiodistas.com.mx\/portal\/wp-content\/uploads\/2023\/01\/piden_a_facebook_e_instagram_que_revisen_su_prohibicion_de_mostrar_pechos_desnudos-1024x614.jpg\" alt=\"\" class=\"wp-image-45103\" srcset=\"https:\/\/losperiodistas.com.mx\/portal\/wp-content\/uploads\/2023\/01\/piden_a_facebook_e_instagram_que_revisen_su_prohibicion_de_mostrar_pechos_desnudos-1024x614.jpg 1024w, https:\/\/losperiodistas.com.mx\/portal\/wp-content\/uploads\/2023\/01\/piden_a_facebook_e_instagram_que_revisen_su_prohibicion_de_mostrar_pechos_desnudos-300x180.jpg 300w, https:\/\/losperiodistas.com.mx\/portal\/wp-content\/uploads\/2023\/01\/piden_a_facebook_e_instagram_que_revisen_su_prohibicion_de_mostrar_pechos_desnudos-768x461.jpg 768w, https:\/\/losperiodistas.com.mx\/portal\/wp-content\/uploads\/2023\/01\/piden_a_facebook_e_instagram_que_revisen_su_prohibicion_de_mostrar_pechos_desnudos.jpg 1240w\" sizes=\"(max-width: 1024px) 100vw, 1024px\" \/><figcaption>La decisi\u00f3n se produce despu\u00e9s de que Facebook censurara dos publicaciones de una cuenta gestionada por una pareja trans y no binaria. Foto compuesta: The Guardian\/Wikimedia Commons<\/figcaption><\/figure><\/div>\n\n\n\n<p class=\"has-vivid-red-color has-text-color has-medium-font-size\"><strong>ALAINA DEMOPOULOS \/ THE GUARDIAN<\/strong><\/p>\n\n\n\n<p>La empresa matriz de Facebook e Instagram pronto podr\u00eda liberar al pez\u00f3n. M\u00e1s de una d\u00e9cada despu\u00e9s de que las madres lactantes organizaran por primera vez un \u201cencuentro de lactancia\u201d en la sede de Facebook para protestar contra su prohibici\u00f3n relativa a los pechos, el consejo de supervisi\u00f3n de Meta pidi\u00f3 una revisi\u00f3n de las normas de la empresa que proh\u00edben las im\u00e1genes de mujeres con el torso desnudo, pero no de hombres.<\/p>\n\n\n\n<p>En una decisi\u00f3n con fecha de 17 de enero, la junta de supervisi\u00f3n \u2013un grupo de acad\u00e9micos, pol\u00edticos y periodistas que asesoran a la empresa sobre sus pol\u00edticas de moderaci\u00f3n de contenido\u2013 recomend\u00f3 a Meta que modificara su norma comunitaria sobre desnudos de adultos y actividad sexual \u201cpara que se rija por criterios claros que respeten las normas internacionales de derechos humanos\u201d.<\/p>\n\n\n\n<p>La decisi\u00f3n de la junta de supervisi\u00f3n se produce despu\u00e9s de que Facebook censurara dos publicaciones de una cuenta gestionada por una pareja estadounidense transg\u00e9nero y no binaria. Las publicaciones mostraban a la pareja posando con el torso desnudo, pero con los pezones tapados, con textos que describ\u00edan la atenci\u00f3n m\u00e9dica para personas trans y la recaudaci\u00f3n de fondos para la cirug\u00eda est\u00e9tica.<\/p>\n\n\n\n<p class=\"has-cyan-bluish-gray-background-color has-background\">No te pierdas:<a href=\"https:\/\/la-lista.com\/the-guardian\/2022\/12\/20\/ley-de-servicios-digitales-como-es-la-ambiciosa-apuesta-de-la-ue-para-depurar-las-redes-sociales\">Ley de Servicios Digitales: c\u00f3mo es la ambiciosa apuesta de la UE para depurar las redes sociales<\/a><\/p>\n\n\n\n<p>Los usuarios denunciaron las publicaciones, que fueron revisadas y eliminadas por un sistema de inteligencia artificial. Despu\u00e9s de que la pareja apelara la decisi\u00f3n, Meta restaur\u00f3 finalmente las publicaciones.<\/p>\n\n\n\n<p>La junta determin\u00f3 que \u201cla pol\u00edtica est\u00e1 basada en una perspectiva binaria del g\u00e9nero y en una distinci\u00f3n entre cuerpos masculinos y femeninos\u201d, lo que hace que las normas contra la exhibici\u00f3n de mostrar los pezones sean \u201cpoco claras\u201d cuando se trata de usuarios intersexuales, no binarios y transg\u00e9nero. La junta recomend\u00f3 a Meta que \u201cdefina criterios claros, objetivos y que respeten los derechos\u201d en materia de moderaci\u00f3n de la desnudez, \u201cpara que todas las personas reciban un trato acorde con las normas internacionales de derechos humanos\u201d.<\/p>\n\n\n\n<p>Las \u201cactivistas pro lactancia\u201d dedicaron la d\u00e9cada de 2000 a intentar acabar con la imagen de los pechos como algo intr\u00ednsecamente sexual, y la campa\u00f1a #FreetheNipple (#Liberen al pez\u00f3n) se generaliz\u00f3 en 2013. La frase entr\u00f3 en el lenguaje pop-feminista en 2013 despu\u00e9s de que Facebook retirara fragmentos del documental Free the Nipple, de la actriz y directora Lina Esco.<\/p>\n\n\n\n<p class=\"has-cyan-bluish-gray-background-color has-background\">No te pierdas:<a href=\"https:\/\/la-lista.com\/the-guardian\/2022\/12\/17\/meta-advierte-que-todavia-se-utilizan-programas-espia-para-atacar-a-las-personas-en-las-redes-sociales\">Meta advierte que todav\u00eda se utilizan programas esp\u00eda para atacar a las personas en las redes sociales<\/a><\/p>\n\n\n\n<p>La campa\u00f1a obtuvo un amplio apoyo en los campus universitarios y la defendieron celebridades como Rihanna, Miley Cyrus y Lena Dunham. Recientemente, Florence Pugh habl\u00f3 sobre su vestido rosa transparente de Valentino en la alfombra roja: \u201cClaro, no quiero ofender a la gente, pero creo que lo que quiero decir es: \u00bfc\u00f3mo pueden ofenderles tanto mis pezones?\u201d.<\/p>\n\n\n\n<p>En 2015, la artista Micol Hebron, residente en Los \u00c1ngeles, cre\u00f3 stickers de pezones masculinos \u2013permitidos en Instagram\u2013 para que las usuarias de Instagram pudieran superponerlos sobre los suyos y burlarse de la desigualdad.<\/p>\n\n\n\n<p>Hebron fue invitada a la sede de Instagram en 2019 junto con un grupo de influencers para conversar sobre la pol\u00edtica de la empresa relativa a los pezones. \u201cDurante esa reuni\u00f3n, supimos que no hab\u00eda personas transg\u00e9nero en el equipo de pol\u00edticas de moderaci\u00f3n de contenido, y tambi\u00e9n observ\u00e9 que ah\u00ed no hab\u00eda ba\u00f1os de g\u00e9nero neutro\u201d, coment\u00f3 Hebron. \u201cPara m\u00ed, eso fue todo lo que necesitaba saber para comprender que no se estaba abordando la conversaci\u00f3n sobre g\u00e9nero e inclusividad en Meta\u201d. Un representante de Meta disput\u00f3 la descripci\u00f3n de Hebron del evento, a\u00f1adiendo: \u201cMucho ha cambiado desde 2019\u201d.<\/p>\n\n\n\n<p>No obstante, Hebron coment\u00f3 que estaba \u201centusiasmada\u201d por el hecho de que la junta de supervisi\u00f3n hubiera abordado la cuesti\u00f3n de la discriminaci\u00f3n por raz\u00f3n de sexo y g\u00e9nero. \u201cM\u00e1s all\u00e1 de \u2018dejemos que las mujeres anden con el torso desnudo\u2019, que para nada es mi inter\u00e9s, creo que es realmente importante aferrarse al objetivo de permitir que todos los cuerpos tengan autonom\u00eda\u201d, se\u00f1al\u00f3 Hebron. \u201cA muchas personas les parece una frivolidad hablar de pezones, pero si piensas en las formas en que los gobiernos de todo el mundo intentan controlar y reprimir los cuerpos con identidad femenina, los cuerpos trans o los cuerpos no binarios, no lo es\u201d.<\/p>\n\n\n\n<figure class=\"wp-block-image is-style-default\"><img decoding=\"async\" src=\"https:\/\/i0.wp.com\/la-lista.com\/wp-content\/uploads\/2023\/01\/2857.webp?resize=800%2C730&amp;ssl=1\" alt=\"Liberen al pez\u00f3n: piden a Facebook e Instagram que revisen su prohibici\u00f3n de mostrar pechos desnudos - 2857\" class=\"wp-image-326259\"\/><figcaption>La frase \u2018Free the Nipple\u2019 (Liberen al pez\u00f3n) se generaliz\u00f3 despu\u00e9s de que Facebook eliminara fragmentos de un documental que llevaba el mismo nombre. Foto: Billy Farrell\/BFAnyc.com\/Rex<\/figcaption><\/figure>\n\n\n\n<p>Meta \u201cacepta con satisfacci\u00f3n la decisi\u00f3n de la junta en este caso\u201d, dijo un representante en un comunicado en el que se se\u00f1alaba que se hab\u00edan restablecido las fotos de la pareja \u201cantes de la decisi\u00f3n\u201d.<\/p>\n\n\n\n<p>\u201cEstamos desarrollando constantemente nuestras pol\u00edticas para ayudar a que nuestras plataformas sean m\u00e1s seguras para todos\u201d, a\u00f1adi\u00f3 el vocero. \u201cSabemos que se pueden tomar m\u00e1s medidas para apoyar a la comunidad LGBTQ+, y eso significa trabajar con expertos y organizaciones de defensa de la comunidad LGBTQ+ en una serie de cuestiones y mejoras de productos\u201d.<br>Meta tiene 60 d\u00edas para responder p\u00fablicamente las recomendaciones de la junta.<\/p>\n\n\n\n<p>Aunque los defensores podr\u00edan recibir con agrado la idea de una mayor libertad respecto a los pezones en internet, persisten las dudas sobre c\u00f3mo los sistemas automatizados de moderaci\u00f3n de contenido de Meta ser\u00e1n capaces de hacer cumplir una nueva pol\u00edtica relativa a los pezones. No es lo mismo una pareja que recauda fondos para permitirse una operaci\u00f3n de cirug\u00eda est\u00e9tica que alguien que solicita sexo en internet, pero la inteligencia artificial de la empresa no reconoci\u00f3 la diferencia en la publicaci\u00f3n al principio. Entonces, \u00bfc\u00f3mo podr\u00e1n estos sistemas distinguir entre una publicaci\u00f3n con el torso desnudo y la pornograf\u00eda?<\/p>\n\n\n\n<p class=\"has-cyan-bluish-gray-background-color has-background\">No te pierdas:<a href=\"https:\/\/la-lista.com\/familia\/2022\/10\/31\/cuidado-no-publiques-estas-fotos-de-tus-hijos-en-redes-sociales\">\u00a1Cuidado! No publiques estas fotos de tus hijos en redes sociales<\/a><\/p>\n\n\n\n<p>\u201cEl contexto es todo, y los algoritmos son terribles en cuanto al contexto\u201d, coment\u00f3 Emily Bell, directora del Tow Center for Digital Journalism, a The Guardian. \u201cLa cuesti\u00f3n interesante ser\u00e1 la tensi\u00f3n sobre la forma en que Meta puede crear nuevas normas sin abrir las puertas a la pornograf\u00eda, que es la raz\u00f3n por la que existen esas normas en primer lugar. Eso deber\u00eda ser posible, pero me siento esc\u00e9ptica de que sea as\u00ed si la moderaci\u00f3n de contenido est\u00e1 automatizada\u201d. (Bell ocup\u00f3 anteriormente varios cargos en The Guardian, entre ellos el de directora no ejecutiva del Scott Trust).<\/p>\n\n\n\n<p>Los usuarios de Facebook e Instagram tambi\u00e9n pueden denunciar las publicaciones que consideren que infringen las pol\u00edticas de la empresa, como lo hicieron con la foto que motiv\u00f3 la decisi\u00f3n de la junta. \u201cNo hace falta ser un genio para darse cuenta de que hay ciertas \u00e1reas de la guerra cultural en las que la moderaci\u00f3n de contenido se convierte en un arma\u201d, explic\u00f3 Bell. \u201cUna publicaci\u00f3n sobre cirug\u00eda est\u00e9tica no deber\u00eda haber sido denunciada en primer lugar, pero as\u00ed fue. Esto podr\u00eda haber sido la acci\u00f3n de un mal actor anti-trans\u201d.<\/p>\n\n\n\n<p>Jillian York, activista y directora de libertad de expresi\u00f3n internacional en la fundaci\u00f3n Electronic Frontier Foundation, a\u00f1adi\u00f3 que para las empresas que utilizan la inteligencia artificial era \u201ccomplicado\u201d tomar la decisi\u00f3n correcta en cada caso. \u201cPor ejemplo, no es f\u00e1cil para una tecnolog\u00eda automatizada tomar una decisi\u00f3n sobre qui\u00e9n es un adulto con el torso desnudo, frente a qui\u00e9n es un ni\u00f1o con el torso desnudo\u201d, se\u00f1al\u00f3. \u201cLa inteligencia artificial puede ser capaz de determinar entre un ni\u00f1o de nueve a\u00f1os y uno de 26, pero \u00bfqu\u00e9 pasa cuando se trata de uno de 17 y uno de 18?\u201d.<\/p>\n\n\n\n<p class=\"has-cyan-bluish-gray-background-color has-background\">No te pierdas:<a href=\"https:\/\/la-lista.com\/listas\/2022\/08\/17\/la-lista-de-famosos-que-han-hablado-de-sus-problemas-mentales-en-redes-sociales\">La-Lista de famosos que han hablado de sus problemas mentales en redes sociales<\/a><\/p>\n\n\n\n<p>Sarah Murnen, profesora de psicolog\u00eda Samuel B Cummings II en el Kenyon College, explic\u00f3 que el movimiento \u201cFree the Nipple\u201d anteriormente se centraba en las mujeres blancas cisg\u00e9nero, pero que eso estaba cambiando. \u201cCuando habl\u00e1bamos de esto como una cuesti\u00f3n de mujeres cis, parec\u00eda menos importante, posiblemente, de lo que es ahora con las personas trans que quieren ser abiertas con respecto a sus cuerpos, mientras que el sentimiento anti-trans se encuentra en su punto m\u00e1s alto\u201d, se\u00f1al\u00f3.<\/p>\n\n\n\n<p>Ahora, se ha aconsejado a Meta que flexibilice su forma restrictiva y binaria de controlar los cuerpos en internet. No obstante, muchos no tardan en dudar del potencial de la inteligencia artificial para proteger a todos los usuarios. \u201cEsa es la gran lecci\u00f3n de todo esto: cuando creas sistemas automatizados, tendr\u00e1s consecuencias para las personas que est\u00e1n m\u00e1s marginadas, o la minor\u00eda de la sociedad\u201d, se\u00f1al\u00f3 Bell. \u201cEsas son las personas que resultan penalizadas por la aplicaci\u00f3n de un algoritmo\u201d<a href=\"https:\/\/www.theguardian.com\/technology\/2023\/jan\/17\/free-the-nipple-meta-facebook-instagram\" target=\"_blank\" rel=\"noreferrer noopener\">.<\/a><\/p>\n\n\n\n<p>Fuente: <a href=\"https:\/\/la-lista.com\/the-guardian\/2023\/01\/18\/liberen-al-pezon-piden-a-facebook-e-instagram-que-revisen-su-prohibicion-de-mostrar-pechos-desnudos\">https:\/\/la-lista.com\/the-guardian\/2023\/01\/18\/liberen-al-pezon-piden-a-facebook-e-instagram-que-revisen-su-prohibicion-de-mostrar-pechos-desnudos<\/a><\/p>\n","protected":false},"excerpt":{"rendered":"<p>El consejo asesor de Meta se\u00f1ala que esta pol\u00edtica impide el derecho de expresi\u00f3n de las mujeres y las personas [&hellip;]<\/p>\n","protected":false},"author":1,"featured_media":45103,"comment_status":"open","ping_status":"open","sticky":false,"template":"","format":"standard","meta":{"site-sidebar-layout":"default","site-content-layout":"","ast-site-content-layout":"default","site-content-style":"default","site-sidebar-style":"default","ast-global-header-display":"","ast-banner-title-visibility":"","ast-main-header-display":"","ast-hfb-above-header-display":"","ast-hfb-below-header-display":"","ast-hfb-mobile-header-display":"","site-post-title":"","ast-breadcrumbs-content":"","ast-featured-img":"","footer-sml-layout":"","theme-transparent-header-meta":"","adv-header-id-meta":"","stick-header-meta":"","header-above-stick-meta":"","header-main-stick-meta":"","header-below-stick-meta":"","astra-migrate-meta-layouts":"default","ast-page-background-enabled":"default","ast-page-background-meta":{"desktop":{"background-color":"var(--ast-global-color-4)","background-image":"","background-repeat":"repeat","background-position":"center center","background-size":"auto","background-attachment":"scroll","background-type":"","background-media":"","overlay-type":"","overlay-color":"","overlay-opacity":"","overlay-gradient":""},"tablet":{"background-color":"","background-image":"","background-repeat":"repeat","background-position":"center center","background-size":"auto","background-attachment":"scroll","background-type":"","background-media":"","overlay-type":"","overlay-color":"","overlay-opacity":"","overlay-gradient":""},"mobile":{"background-color":"","background-image":"","background-repeat":"repeat","background-position":"center center","background-size":"auto","background-attachment":"scroll","background-type":"","background-media":"","overlay-type":"","overlay-color":"","overlay-opacity":"","overlay-gradient":""}},"ast-content-background-meta":{"desktop":{"background-color":"var(--ast-global-color-5)","background-image":"","background-repeat":"repeat","background-position":"center center","background-size":"auto","background-attachment":"scroll","background-type":"","background-media":"","overlay-type":"","overlay-color":"","overlay-opacity":"","overlay-gradient":""},"tablet":{"background-color":"var(--ast-global-color-5)","background-image":"","background-repeat":"repeat","background-position":"center center","background-size":"auto","background-attachment":"scroll","background-type":"","background-media":"","overlay-type":"","overlay-color":"","overlay-opacity":"","overlay-gradient":""},"mobile":{"background-color":"var(--ast-global-color-5)","background-image":"","background-repeat":"repeat","background-position":"center center","background-size":"auto","background-attachment":"scroll","background-type":"","background-media":"","overlay-type":"","overlay-color":"","overlay-opacity":"","overlay-gradient":""}},"footnotes":""},"categories":[8],"tags":[14756,14755],"class_list":["post-45102","post","type-post","status-publish","format-standard","has-post-thumbnail","hentry","category-noticias","tag-control-de-imagenes-facebook-e-instagram","tag-regulaciones-en-redes-sociales"],"_links":{"self":[{"href":"https:\/\/losperiodistas.com.mx\/portal\/wp-json\/wp\/v2\/posts\/45102","targetHints":{"allow":["GET"]}}],"collection":[{"href":"https:\/\/losperiodistas.com.mx\/portal\/wp-json\/wp\/v2\/posts"}],"about":[{"href":"https:\/\/losperiodistas.com.mx\/portal\/wp-json\/wp\/v2\/types\/post"}],"author":[{"embeddable":true,"href":"https:\/\/losperiodistas.com.mx\/portal\/wp-json\/wp\/v2\/users\/1"}],"replies":[{"embeddable":true,"href":"https:\/\/losperiodistas.com.mx\/portal\/wp-json\/wp\/v2\/comments?post=45102"}],"version-history":[{"count":1,"href":"https:\/\/losperiodistas.com.mx\/portal\/wp-json\/wp\/v2\/posts\/45102\/revisions"}],"predecessor-version":[{"id":45104,"href":"https:\/\/losperiodistas.com.mx\/portal\/wp-json\/wp\/v2\/posts\/45102\/revisions\/45104"}],"wp:featuredmedia":[{"embeddable":true,"href":"https:\/\/losperiodistas.com.mx\/portal\/wp-json\/wp\/v2\/media\/45103"}],"wp:attachment":[{"href":"https:\/\/losperiodistas.com.mx\/portal\/wp-json\/wp\/v2\/media?parent=45102"}],"wp:term":[{"taxonomy":"category","embeddable":true,"href":"https:\/\/losperiodistas.com.mx\/portal\/wp-json\/wp\/v2\/categories?post=45102"},{"taxonomy":"post_tag","embeddable":true,"href":"https:\/\/losperiodistas.com.mx\/portal\/wp-json\/wp\/v2\/tags?post=45102"}],"curies":[{"name":"wp","href":"https:\/\/api.w.org\/{rel}","templated":true}]}}