{"id":45085,"date":"2023-01-19T07:24:42","date_gmt":"2023-01-19T13:24:42","guid":{"rendered":"http:\/\/losperiodistas.com.mx\/portal\/?p=45085"},"modified":"2023-01-19T07:24:44","modified_gmt":"2023-01-19T13:24:44","slug":"el-papa-a-budistas-no-hay-conversion-ecologica-sin-conversion-del-corazon-vatican-news","status":"publish","type":"post","link":"https:\/\/losperiodistas.com.mx\/portal\/el-papa-a-budistas-no-hay-conversion-ecologica-sin-conversion-del-corazon-vatican-news\/","title":{"rendered":"El Papa a budistas: no hay conversi\u00f3n ecol\u00f3gica sin conversi\u00f3n del coraz\u00f3n | Vatican News"},"content":{"rendered":"\n<p class=\"has-white-color has-text-color has-background has-medium-font-size\" style=\"background-color:#f80101\">El Santo Padre recibe a una Delegaci\u00f3n de monjes budistas de Camboya para dialogar de \u201cconversi\u00f3n ecol\u00f3gica\u201d y de las iniciativas emprendidas gracias al di\u00e1logo budista-cristiano.<\/p>\n\n\n\n<p><\/p>\n\n\n\n<figure class=\"wp-block-image size-large is-style-default\"><img fetchpriority=\"high\" decoding=\"async\" width=\"1024\" height=\"576\" src=\"https:\/\/losperiodistas.com.mx\/portal\/wp-content\/uploads\/2023\/01\/cq5dam.thumbnail.cropped.1500.844-1024x576.jpeg\" alt=\"\" class=\"wp-image-45086\" srcset=\"https:\/\/losperiodistas.com.mx\/portal\/wp-content\/uploads\/2023\/01\/cq5dam.thumbnail.cropped.1500.844-1024x576.jpeg 1024w, https:\/\/losperiodistas.com.mx\/portal\/wp-content\/uploads\/2023\/01\/cq5dam.thumbnail.cropped.1500.844-300x169.jpeg 300w, https:\/\/losperiodistas.com.mx\/portal\/wp-content\/uploads\/2023\/01\/cq5dam.thumbnail.cropped.1500.844-768x432.jpeg 768w, https:\/\/losperiodistas.com.mx\/portal\/wp-content\/uploads\/2023\/01\/cq5dam.thumbnail.cropped.1500.844.jpeg 1500w\" sizes=\"(max-width: 1024px) 100vw, 1024px\" \/><figcaption>El Papa recibe a una delegaci\u00f3n de monjes budistas de Camboya.<\/figcaption><\/figure>\n\n\n\n<p class=\"has-vivid-red-color has-text-color has-medium-font-size\"><strong>MIREIA BONILLA \/ VATICAN NEWS<\/strong><\/p>\n\n\n\n<p>El Papa Francisco recibe a una Delegaci\u00f3n Budista de Camboya, encabezada por el Vicario Apost\u00f3lico de Phnom-Penh, Mons. Olivier Schmitthaeusler, que ha venido hasta Roma estos d\u00edas para reunirse con los responsables del Dicasterio para el Di\u00e1logo Interreligioso bajo el objetivo de explorar nuevas v\u00edas para promover la conversi\u00f3n ecol\u00f3gica a trav\u00e9s de las iniciativas emprendidas por el di\u00e1logo budista-cristiano. \u201cEn un momento en que la familia humana y nuestro planeta se enfrentan a graves amenazas, ustedes han elegido acertadamente \u00abLa reconversi\u00f3n ecol\u00f3gica\u00bb como tema de su reuni\u00f3n. Se trata de un signo positivo de la creciente sensibilidad y preocupaci\u00f3n por el bienestar de la Tierra, nuestro hogar com\u00fan, y por las importantes contribuciones que, inspirados por creencias religiosas y tradiciones espirituales, pod\u00e9is ofrecer a vuestro noble pa\u00eds en su camino de sanaci\u00f3n social y reconstrucci\u00f3n econ\u00f3mica tras las crisis sociopol\u00edticas de las \u00faltimas d\u00e9cadas\u201d ha expresado el Pont\u00edfice.<\/p>\n\n\n\n<h2 class=\"wp-block-heading\">La conversi\u00f3n ecol\u00f3gica necesita conversi\u00f3n de coraz\u00f3n y h\u00e1bitos<\/h2>\n\n\n\n<p>Frente al panorama actual mundial, en el que la pobreza y la falta de respeto por la dignidad de los marginados causan mucho sufrimiento y des\u00e1nimo en nuestros tiempos, Francisco asegura que es \u201curgente\u201d buscar, mediante el di\u00e1logo a todos los niveles, \u201csoluciones integradas basadas en el respeto de la interdependencia fundamental entre la familia humana y la naturaleza\u201d. De hecho, les recuerda que, \u00e9l mismo, siguiendo el camino trazado por sus predecesores, ha continuado instando al cuidado de nuestra casa com\u00fan, \u201cun cuidado que es tambi\u00e9n una vocaci\u00f3n al respeto\u201d se\u00f1ala: \u201crespeto por la creaci\u00f3n, respeto por nuestro pr\u00f3jimo, respeto por nosotros mismos y respeto por el Creador\u00bb. Sin embargo \u2013 a\u00f1ade \u2013 \u201cesto no puede ocurrir sin un cambio de coraz\u00f3n, de visi\u00f3n y de h\u00e1bitos\u201d.<\/p>\n\n\n\n<blockquote class=\"wp-block-quote is-layout-flow wp-block-quote-is-layout-flow\"><p>\u201cLa conversi\u00f3n ecol\u00f3gica se produce cuando la gente reconoce las ra\u00edces humanas de la actual crisis medioambiental\u201d<\/p><\/blockquote>\n\n\n\n<p>El Papa tambi\u00e9n les ha recordado que \u201cla conversi\u00f3n ecol\u00f3gica se produce cuando la gente reconoce las ra\u00edces humanas de la actual crisis medioambiental\u201d, cuando \u201cel verdadero arrepentimiento lleva a frenar o detener tendencias, ideolog\u00edas y pr\u00e1cticas da\u00f1inas e irrespetuosas con la creaci\u00f3n\u201d y cuando \u201cla gente se compromete a promover modelos de desarrollo que curen las heridas infligidas por la codicia, la b\u00fasqueda desmedida de beneficios econ\u00f3micos, la falta de solidaridad con el pr\u00f3jimo y la falta de respeto por el medio ambiente\u201d. De hecho \u2013 dice \u2013 \u201cla conversi\u00f3n ecol\u00f3gica nos llama a cambiar de marcha, a cambiar los malos h\u00e1bitos para so\u00f1ar, crear y actuar juntos en la realizaci\u00f3n de un futuro justo y equitativo\u00bb.<\/p>\n\n\n\n<h2 class=\"wp-block-heading\">La riqueza budista y cristiana es fundamental para cultivar la responsabilidad ecol\u00f3gica<\/h2>\n\n\n\n<p>Por \u00faltimo, Francisco ha querido centrarse en el di\u00e1logo interreligioso, el cual revela \u2013 dice \u2013 \u201cla profunda riqueza que nuestras respectivas tradiciones religiosas ofrecen en apoyo de los esfuerzos por cultivar la responsabilidad ecol\u00f3gica\u201d. Es por ello que, los budistas, siguiendo los principios que Buda leg\u00f3 a sus disc\u00edpulos (Pratimoksa), incluida la pr\u00e1ctica llamada \u00abmetta\u00bb, que consiste en no da\u00f1ar a los seres vivos y llevando un estilo de vida sencillo, \u201cpueden adquirir una actitud compasiva hacia todos los seres, incluida la tierra, su h\u00e1bitat\u201d. Por su parte, los cristianos, \u201ccumplen su responsabilidad ecol\u00f3gica cuando, como custodios dignos de confianza, protegen la creaci\u00f3n, la obra que Dios ha confiado al hombre para que la cultive y la cuide\u201d.<\/p>\n\n\n\n<p>Fuente: <a href=\"https:\/\/www.vaticannews.va\/es\/papa\/news\/2023-01\/papa-budistas-no-hay-conversion-ecologica-sin-conversion-corazon.html\">https:\/\/www.vaticannews.va\/es\/papa\/news\/2023-01\/papa-budistas-no-hay-conversion-ecologica-sin-conversion-corazon.html<\/a><\/p>\n","protected":false},"excerpt":{"rendered":"<p>El Santo Padre recibe a una Delegaci\u00f3n de monjes budistas de Camboya para dialogar de \u201cconversi\u00f3n ecol\u00f3gica\u201d y de las [&hellip;]<\/p>\n","protected":false},"author":1,"featured_media":45086,"comment_status":"open","ping_status":"open","sticky":false,"template":"","format":"standard","meta":{"site-sidebar-layout":"default","site-content-layout":"","ast-site-content-layout":"default","site-content-style":"default","site-sidebar-style":"default","ast-global-header-display":"","ast-banner-title-visibility":"","ast-main-header-display":"","ast-hfb-above-header-display":"","ast-hfb-below-header-display":"","ast-hfb-mobile-header-display":"","site-post-title":"","ast-breadcrumbs-content":"","ast-featured-img":"","footer-sml-layout":"","theme-transparent-header-meta":"","adv-header-id-meta":"","stick-header-meta":"","header-above-stick-meta":"","header-main-stick-meta":"","header-below-stick-meta":"","astra-migrate-meta-layouts":"default","ast-page-background-enabled":"default","ast-page-background-meta":{"desktop":{"background-color":"var(--ast-global-color-4)","background-image":"","background-repeat":"repeat","background-position":"center center","background-size":"auto","background-attachment":"scroll","background-type":"","background-media":"","overlay-type":"","overlay-color":"","overlay-opacity":"","overlay-gradient":""},"tablet":{"background-color":"","background-image":"","background-repeat":"repeat","background-position":"center center","background-size":"auto","background-attachment":"scroll","background-type":"","background-media":"","overlay-type":"","overlay-color":"","overlay-opacity":"","overlay-gradient":""},"mobile":{"background-color":"","background-image":"","background-repeat":"repeat","background-position":"center center","background-size":"auto","background-attachment":"scroll","background-type":"","background-media":"","overlay-type":"","overlay-color":"","overlay-opacity":"","overlay-gradient":""}},"ast-content-background-meta":{"desktop":{"background-color":"var(--ast-global-color-5)","background-image":"","background-repeat":"repeat","background-position":"center center","background-size":"auto","background-attachment":"scroll","background-type":"","background-media":"","overlay-type":"","overlay-color":"","overlay-opacity":"","overlay-gradient":""},"tablet":{"background-color":"var(--ast-global-color-5)","background-image":"","background-repeat":"repeat","background-position":"center center","background-size":"auto","background-attachment":"scroll","background-type":"","background-media":"","overlay-type":"","overlay-color":"","overlay-opacity":"","overlay-gradient":""},"mobile":{"background-color":"var(--ast-global-color-5)","background-image":"","background-repeat":"repeat","background-position":"center center","background-size":"auto","background-attachment":"scroll","background-type":"","background-media":"","overlay-type":"","overlay-color":"","overlay-opacity":"","overlay-gradient":""}},"footnotes":""},"categories":[8],"tags":[5380,7841,14747],"class_list":["post-45085","post","type-post","status-publish","format-standard","has-post-thumbnail","hentry","category-noticias","tag-budismo","tag-cristianismo","tag-dialogo-interreligioso"],"_links":{"self":[{"href":"https:\/\/losperiodistas.com.mx\/portal\/wp-json\/wp\/v2\/posts\/45085","targetHints":{"allow":["GET"]}}],"collection":[{"href":"https:\/\/losperiodistas.com.mx\/portal\/wp-json\/wp\/v2\/posts"}],"about":[{"href":"https:\/\/losperiodistas.com.mx\/portal\/wp-json\/wp\/v2\/types\/post"}],"author":[{"embeddable":true,"href":"https:\/\/losperiodistas.com.mx\/portal\/wp-json\/wp\/v2\/users\/1"}],"replies":[{"embeddable":true,"href":"https:\/\/losperiodistas.com.mx\/portal\/wp-json\/wp\/v2\/comments?post=45085"}],"version-history":[{"count":1,"href":"https:\/\/losperiodistas.com.mx\/portal\/wp-json\/wp\/v2\/posts\/45085\/revisions"}],"predecessor-version":[{"id":45087,"href":"https:\/\/losperiodistas.com.mx\/portal\/wp-json\/wp\/v2\/posts\/45085\/revisions\/45087"}],"wp:featuredmedia":[{"embeddable":true,"href":"https:\/\/losperiodistas.com.mx\/portal\/wp-json\/wp\/v2\/media\/45086"}],"wp:attachment":[{"href":"https:\/\/losperiodistas.com.mx\/portal\/wp-json\/wp\/v2\/media?parent=45085"}],"wp:term":[{"taxonomy":"category","embeddable":true,"href":"https:\/\/losperiodistas.com.mx\/portal\/wp-json\/wp\/v2\/categories?post=45085"},{"taxonomy":"post_tag","embeddable":true,"href":"https:\/\/losperiodistas.com.mx\/portal\/wp-json\/wp\/v2\/tags?post=45085"}],"curies":[{"name":"wp","href":"https:\/\/api.w.org\/{rel}","templated":true}]}}