{"id":45082,"date":"2023-01-19T06:29:20","date_gmt":"2023-01-19T12:29:20","guid":{"rendered":"http:\/\/losperiodistas.com.mx\/portal\/?p=45082"},"modified":"2023-01-19T06:29:22","modified_gmt":"2023-01-19T12:29:22","slug":"walmart-interpone-amparo-contra-prohibicion-de-exhibir-cigarros-forbes","status":"publish","type":"post","link":"https:\/\/losperiodistas.com.mx\/portal\/walmart-interpone-amparo-contra-prohibicion-de-exhibir-cigarros-forbes\/","title":{"rendered":"Walmart interpone amparo contra prohibici\u00f3n de exhibir cigarros | Forbes"},"content":{"rendered":"\n<p class=\"has-light-green-cyan-background-color has-background has-medium-font-size\"><em>Walmart es la primer empresa en interponer un amparo contra los cambios al reglamento de la ley antitabaco.<\/em><\/p>\n\n\n\n<p><\/p>\n\n\n\n<div class=\"wp-block-image is-style-default\"><figure class=\"aligncenter size-large\"><img fetchpriority=\"high\" decoding=\"async\" width=\"1024\" height=\"576\" src=\"https:\/\/losperiodistas.com.mx\/portal\/wp-content\/uploads\/2023\/01\/Walmart-1024x576.jpeg\" alt=\"\" class=\"wp-image-45083\" srcset=\"https:\/\/losperiodistas.com.mx\/portal\/wp-content\/uploads\/2023\/01\/Walmart-1024x576.jpeg 1024w, https:\/\/losperiodistas.com.mx\/portal\/wp-content\/uploads\/2023\/01\/Walmart-300x169.jpeg 300w, https:\/\/losperiodistas.com.mx\/portal\/wp-content\/uploads\/2023\/01\/Walmart-768x432.jpeg 768w, https:\/\/losperiodistas.com.mx\/portal\/wp-content\/uploads\/2023\/01\/Walmart.jpeg 1280w\" sizes=\"(max-width: 1024px) 100vw, 1024px\" \/><figcaption><em>Foto: Archivo.<\/em><\/figcaption><\/figure><\/div>\n\n\n\n<p class=\"has-vivid-red-color has-text-color\"><strong>ROBERTO NOGUEZ \/ FORBES<\/strong><\/p>\n\n\n\n<p>La cadena de tiendas de autoservicios Walmart interpuso un amparo contra la prohibici\u00f3n de exhibir cigarros en tiendas, consecuencia de la reforma al Reglamento de la Ley General para el Control del Tabaco, publicada el 16 de diciembre pasado.<\/p>\n\n\n\n<p>De acuerdo con la sentencia del recurso interpuesto por la apoderada legal de la compa\u00f1\u00eda, Ilian Graciela Mungu\u00eda Garc\u00eda, Walmart tiene un plazo de 5 d\u00edas para subsanar inconsistencias, ya que de no cumplir con lo solicitado le tendr\u00e1 por no presentada la demanda.<\/p>\n\n\n\n<p>Con esto, Walmart es la primer empresa en interponer un amparo contra los cambios al Reglamento de la Ley General para el Control del Tabaco que entraron en vigor el 15 de enero, los cuales, entre otros puntos, proh\u00edben la exhibici\u00f3n de cigarros en tiendas.<\/p>\n\n\n\n<p class=\"has-cyan-bluish-gray-background-color has-background\"><em><strong>Lee:&nbsp;<a href=\"https:\/\/www.forbes.com.mx\/restringen-espacios-al-cigarro-los-sacan-de-mostradores-y-de-espacios-publicos\/\">Restringen espacios al cigarro: los sacan de mostradores y de espacios p\u00fablicos<\/a><\/strong><\/em><\/p>\n\n\n\n<p>La compa\u00f1\u00eda se mantiene desde hace a\u00f1os como la cadena de supermercados m\u00e1s grande de M\u00e9xico, con 2,804 tiendas hasta septiembre pasado; en los primeros 9 meses de 2022 sum\u00f3 ventas por 576,788 millones de pesos.<\/p>\n\n\n\n<p>Hace dos d\u00edas, H\u00e9ctor Tejada Shaar, presidente de la Confederaci\u00f3n de C\u00e1maras Nacionales de Comercio, Servicios y Turismo (Concanaco Servytur), asegur\u00f3 que las nuevas reglas contra el cigarro impactar\u00e1n las ventas de un mill\u00f3n 500 mil comercios y adelant\u00f3 que se presentar\u00e1n amparos contra las medidas.<\/p>\n\n\n\n<p>\u201cS\u00ed vemos una afectaci\u00f3n econ\u00f3mica en 1.5 millones de unidades econ\u00f3micas, entre tiendas, restaurantes, hoteles (por la prohibici\u00f3n de las zonas de fumadores y la exhibici\u00f3n de tabaco en los anaqueles)\u201d, declar\u00f3 el l\u00edder empresarial.<\/p>\n\n\n\n<p>\u201cAbogamos siempre por la legalidad y el Estado de derecho, si alg\u00fan establecimiento no est\u00e1 de acuerdo o tiene una afectaci\u00f3n econ\u00f3mica por la ley excesiva, nosotros en la Concanaco Servytur tenemos y estamos preparados con un grupo de despachos que nos pueden ayudar para proceder al amparo\u201d, expres\u00f3 Tejada Shaar.<\/p>\n\n\n\n<p>Fuente: <a href=\"https:\/\/www.forbes.com.mx\/walmart-interpone-amparo-contra-prohibicion-de-exhibir-cigarros\/\">https:\/\/www.forbes.com.mx\/walmart-interpone-amparo-contra-prohibicion-de-exhibir-cigarros\/<\/a><\/p>\n","protected":false},"excerpt":{"rendered":"<p>Walmart es la primer empresa en interponer un amparo contra los cambios al reglamento de la ley antitabaco. ROBERTO NOGUEZ [&hellip;]<\/p>\n","protected":false},"author":1,"featured_media":45083,"comment_status":"open","ping_status":"open","sticky":false,"template":"","format":"standard","meta":{"site-sidebar-layout":"default","site-content-layout":"","ast-site-content-layout":"default","site-content-style":"default","site-sidebar-style":"default","ast-global-header-display":"","ast-banner-title-visibility":"","ast-main-header-display":"","ast-hfb-above-header-display":"","ast-hfb-below-header-display":"","ast-hfb-mobile-header-display":"","site-post-title":"","ast-breadcrumbs-content":"","ast-featured-img":"","footer-sml-layout":"","theme-transparent-header-meta":"","adv-header-id-meta":"","stick-header-meta":"","header-above-stick-meta":"","header-main-stick-meta":"","header-below-stick-meta":"","astra-migrate-meta-layouts":"default","ast-page-background-enabled":"default","ast-page-background-meta":{"desktop":{"background-color":"var(--ast-global-color-4)","background-image":"","background-repeat":"repeat","background-position":"center center","background-size":"auto","background-attachment":"scroll","background-type":"","background-media":"","overlay-type":"","overlay-color":"","overlay-opacity":"","overlay-gradient":""},"tablet":{"background-color":"","background-image":"","background-repeat":"repeat","background-position":"center center","background-size":"auto","background-attachment":"scroll","background-type":"","background-media":"","overlay-type":"","overlay-color":"","overlay-opacity":"","overlay-gradient":""},"mobile":{"background-color":"","background-image":"","background-repeat":"repeat","background-position":"center center","background-size":"auto","background-attachment":"scroll","background-type":"","background-media":"","overlay-type":"","overlay-color":"","overlay-opacity":"","overlay-gradient":""}},"ast-content-background-meta":{"desktop":{"background-color":"var(--ast-global-color-5)","background-image":"","background-repeat":"repeat","background-position":"center center","background-size":"auto","background-attachment":"scroll","background-type":"","background-media":"","overlay-type":"","overlay-color":"","overlay-opacity":"","overlay-gradient":""},"tablet":{"background-color":"var(--ast-global-color-5)","background-image":"","background-repeat":"repeat","background-position":"center center","background-size":"auto","background-attachment":"scroll","background-type":"","background-media":"","overlay-type":"","overlay-color":"","overlay-opacity":"","overlay-gradient":""},"mobile":{"background-color":"var(--ast-global-color-5)","background-image":"","background-repeat":"repeat","background-position":"center center","background-size":"auto","background-attachment":"scroll","background-type":"","background-media":"","overlay-type":"","overlay-color":"","overlay-opacity":"","overlay-gradient":""}},"footnotes":""},"categories":[8],"tags":[14746,14745,2371],"class_list":["post-45082","post","type-post","status-publish","format-standard","has-post-thumbnail","hentry","category-noticias","tag-amparo-contra-exhibicion-de-cigarrillos","tag-ley-antitabaco-mexico","tag-walmart"],"_links":{"self":[{"href":"https:\/\/losperiodistas.com.mx\/portal\/wp-json\/wp\/v2\/posts\/45082","targetHints":{"allow":["GET"]}}],"collection":[{"href":"https:\/\/losperiodistas.com.mx\/portal\/wp-json\/wp\/v2\/posts"}],"about":[{"href":"https:\/\/losperiodistas.com.mx\/portal\/wp-json\/wp\/v2\/types\/post"}],"author":[{"embeddable":true,"href":"https:\/\/losperiodistas.com.mx\/portal\/wp-json\/wp\/v2\/users\/1"}],"replies":[{"embeddable":true,"href":"https:\/\/losperiodistas.com.mx\/portal\/wp-json\/wp\/v2\/comments?post=45082"}],"version-history":[{"count":1,"href":"https:\/\/losperiodistas.com.mx\/portal\/wp-json\/wp\/v2\/posts\/45082\/revisions"}],"predecessor-version":[{"id":45084,"href":"https:\/\/losperiodistas.com.mx\/portal\/wp-json\/wp\/v2\/posts\/45082\/revisions\/45084"}],"wp:featuredmedia":[{"embeddable":true,"href":"https:\/\/losperiodistas.com.mx\/portal\/wp-json\/wp\/v2\/media\/45083"}],"wp:attachment":[{"href":"https:\/\/losperiodistas.com.mx\/portal\/wp-json\/wp\/v2\/media?parent=45082"}],"wp:term":[{"taxonomy":"category","embeddable":true,"href":"https:\/\/losperiodistas.com.mx\/portal\/wp-json\/wp\/v2\/categories?post=45082"},{"taxonomy":"post_tag","embeddable":true,"href":"https:\/\/losperiodistas.com.mx\/portal\/wp-json\/wp\/v2\/tags?post=45082"}],"curies":[{"name":"wp","href":"https:\/\/api.w.org\/{rel}","templated":true}]}}