{"id":44810,"date":"2023-01-15T07:57:55","date_gmt":"2023-01-15T13:57:55","guid":{"rendered":"http:\/\/losperiodistas.com.mx\/portal\/?p=44810"},"modified":"2023-01-15T07:57:57","modified_gmt":"2023-01-15T13:57:57","slug":"adan-augusto-se-reune-con-gobernadores-para-definir-nombres-rumbo-a-2024-es-aviso-de-amlo-el-financiero","status":"publish","type":"post","link":"https:\/\/losperiodistas.com.mx\/portal\/adan-augusto-se-reune-con-gobernadores-para-definir-nombres-rumbo-a-2024-es-aviso-de-amlo-el-financiero\/","title":{"rendered":"Ad\u00e1n Augusto se re\u00fane con gobernadores para definir nombres rumbo a 2024: \u2018es aviso de AMLO\u2019 | El Financiero"},"content":{"rendered":"\n<h2 class=\"has-light-green-cyan-background-color has-background wp-block-heading\">Ad\u00e1n Augusto L\u00f3pez, secretario de Gobernaci\u00f3n, se reuni\u00f3 con 16 gobernadores y Mario Delgado, l\u00edder nacional del partido, para definir la agenda pol\u00edtica de 2023-2024.<\/h2>\n\n\n\n<figure class=\"wp-block-image size-full is-style-default\"><img fetchpriority=\"high\" decoding=\"async\" width=\"800\" height=\"534\" src=\"https:\/\/losperiodistas.com.mx\/portal\/wp-content\/uploads\/2023\/01\/J2IJRPS6H5CH7OAL6FHLHIGU3I.jpeg\" alt=\"\" class=\"wp-image-44811\" srcset=\"https:\/\/losperiodistas.com.mx\/portal\/wp-content\/uploads\/2023\/01\/J2IJRPS6H5CH7OAL6FHLHIGU3I.jpeg 800w, https:\/\/losperiodistas.com.mx\/portal\/wp-content\/uploads\/2023\/01\/J2IJRPS6H5CH7OAL6FHLHIGU3I-300x200.jpeg 300w, https:\/\/losperiodistas.com.mx\/portal\/wp-content\/uploads\/2023\/01\/J2IJRPS6H5CH7OAL6FHLHIGU3I-768x513.jpeg 768w\" sizes=\"(max-width: 800px) 100vw, 800px\" \/><figcaption>Ad\u00e1n Augusto explic\u00f3 que su objetivo con los gobernadores es &#8216;pasar&#8217; las instrucciones de AMLO.\u00a0(Mario Jasso)<\/figcaption><\/figure>\n\n\n\n<p class=\"has-vivid-red-color has-text-color has-medium-font-size\"><strong>EL FINANCIERO<\/strong><\/p>\n\n\n\n<p>Morena comenz\u00f3 a definir las reglas para las<a href=\"https:\/\/www.elfinanciero.com.mx\/edomex\/2023\/01\/14\/nueva-alianza-traiciona-a-morena-va-en-coalicion-con-el-pri-pan-y-prd-para-edomex\/\" target=\"_blank\" rel=\"noreferrer noopener\">&nbsp;elecciones 2023-2024<\/a>, en las que se renovar\u00e1n las gubernaturas de Coahuila y el Estado de M\u00e9xico, as\u00ed como la sucesi\u00f3n del Ejecutivo, a trav\u00e9s de&nbsp;<strong>las instrucciones del presidente Andr\u00e9s Manuel L\u00f3pez Obrador.<\/strong><\/p>\n\n\n\n<p>Durante este s\u00e1bado 14 de enero,<a href=\"https:\/\/www.elfinanciero.com.mx\/estados\/2023\/01\/14\/tesis-de-yasmin-esquivel-sep-ya-esta-analizando-el-plagio-de-la-ministra-anticipa-adan-augusto\/\" target=\"_blank\" rel=\"noreferrer noopener\">Ad\u00e1n Augusto L\u00f3pez,<\/a>\u00a0secretario de Gobernaci\u00f3n, se reuni\u00f3 con 16 gobernadores y Mario Delgado, l\u00edder nacional del partido.<\/p>\n\n\n\n<p>De acuerdo con fuentes cercanas a la<strong>&nbsp;Secretar\u00eda de Gobernaci\u00f3n,&nbsp;<\/strong>el objetivo del encuentro fue \u201cdefinir la agenda pol\u00edtica del 2023\u2033, rumbo a las elecciones para las gubernaturas de Coahuila y el Estado de M\u00e9xico.<\/p>\n\n\n\n<p>Adem\u00e1s de \u201cdefinir los perfiles y nombres de los precandidatos a la Presidencia de la Rep\u00fablica y hacer llegar las indicaciones del presidente de la Rep\u00fablica, lic.\u00a0<strong>Andr\u00e9s Manuel L\u00f3pez Obrador\u201d.<\/strong><\/p>\n\n\n\n<p class=\"has-cyan-bluish-gray-background-color has-background\"><a href=\"https:\/\/www.elfinanciero.com.mx\/nacional\/2023\/01\/12\/elecciones-2024-pan-llevara-proceso-para-definir-candidato-presidencial-de-va-por-mexico\/\"><\/a><a href=\"https:\/\/www.elfinanciero.com.mx\/nacional\/2023\/01\/12\/elecciones-2024-pan-llevara-proceso-para-definir-candidato-presidencial-de-va-por-mexico\/\">Elecciones 2024: PAN definir\u00e1 candidato presidencial y de la CDMX de Va por M\u00e9xico<\/a><\/p>\n\n\n\n<hr class=\"wp-block-separator\"\/>\n\n\n\n<p>Los morenistas saben que \u201ccomienza el a\u00f1o pol\u00edtico m\u00e1s intenso\u201d, pues ser\u00e1 el m\u00e1s definitorio rumbo a la elecci\u00f3n presidencial de 2024.<\/p>\n\n\n\n<p>Los participantes afirmaron que la reuni\u00f3n fue \u201ctrascendente\u201d.<\/p>\n\n\n\n<p>El encuentro se da en el marco de la renuncia de<strong>&nbsp;Ricardo Mej\u00eda Berdeja,&nbsp;<\/strong>como subsecretario de Seguridad, para ir como candidato del PT, para la gubernatura de Coahuila, y hacer competencia a Armando Guadiana, quien gan\u00f3 la encuesta de Morena para la gubernatura en la que \u00e9l tambi\u00e9n particip\u00f3.<\/p>\n\n\n\n<h2 class=\"wp-block-heading\">SEP ya analiza el plagio de la ministra, anticipa Ad\u00e1n Augusto<\/h2>\n\n\n\n<p>El secretario de Gobernaci\u00f3n, Ad\u00e1n Augusto L\u00f3pez, anunci\u00f3 este s\u00e1bado 14 de enero que<strong>&nbsp;la SEP ya recibi\u00f3 el expediente de la UNAM&nbsp;<\/strong>sobre el plagio de tesis de&nbsp;<a href=\"https:\/\/www.elfinanciero.com.mx\/nacional\/2023\/01\/12\/yasmin-esquivel-hace-mutis-en-la-suprema-corte-tras-fallo-de-fes-aragon-sobre-plagio-de-tesis\/\">la ministra Yasm\u00edn Esquivel.<\/a><a href=\"https:\/\/www.elfinanciero.com.mx\/nacional\/2023\/01\/05\/amlo-autoriza-decir-mentiras-piadosas-a-compradores-de-votos-en-elecciones-de-edomex-y-coahuila\/\"><\/a><a href=\"https:\/\/www.elfinanciero.com.mx\/nacional\/2023\/01\/05\/amlo-autoriza-decir-mentiras-piadosas-a-compradores-de-votos-en-elecciones-de-edomex-y-coahuila\/\">AMLO autoriza decir \u2018mentiras piadosas\u2019 a compradores de votos en elecciones de Edomex y Coahuila<\/a><\/p>\n\n\n\n<hr class=\"wp-block-separator\"\/>\n\n\n\n<p>Ad\u00e1n Augusto se\u00f1al\u00f3 que el caso de Esquivel, ahora en manos de la SEP, es para que se resuelva la validez de su t\u00edtulo de licenciatura; sin embargo, no quiso dar m\u00e1s detalles.<\/p>\n\n\n\n<p>\u201cEn estos momentos no podr\u00eda hablar sobre esta situaci\u00f3n, ya que es un asunto del poder judicial. Me van a se\u00f1alar de no respetar la autonom\u00eda de los poderes, por ello,&nbsp;<strong>no podr\u00eda opinar sobre el tema<\/strong>\u201d, expuso.<\/p>\n\n\n\n<p>El secretario de Gobernaci\u00f3n s\u00f3lo agreg\u00f3 que\u00a0<a href=\"https:\/\/www.elfinanciero.com.mx\/nacional\/2023\/01\/12\/tesis-de-yasmin-esquivel-sep-puede-quitar-una-cedula-profesional-esto-explica-un-experto\/\">\u201cla SEP ya est\u00e1 haciendo un an\u00e1lisis\u00a0<\/a>del caso y hay que esperar la decisi\u00f3n\u201d.<\/p>\n\n\n\n<p>Fuente: <a href=\"https:\/\/www.elfinanciero.com.mx\/nacional\/2023\/01\/14\/adan-augusto-se-reune-con-gobernadores-para-definir-nombres-rumbo-a-2024-es-un-aviso-de-amlo\/\">https:\/\/www.elfinanciero.com.mx\/nacional\/2023\/01\/14\/adan-augusto-se-reune-con-gobernadores-para-definir-nombres-rumbo-a-2024-es-un-aviso-de-amlo\/<\/a><\/p>\n","protected":false},"excerpt":{"rendered":"<p>Ad\u00e1n Augusto L\u00f3pez, secretario de Gobernaci\u00f3n, se reuni\u00f3 con 16 gobernadores y Mario Delgado, l\u00edder nacional del partido, para definir [&hellip;]<\/p>\n","protected":false},"author":1,"featured_media":44811,"comment_status":"open","ping_status":"open","sticky":false,"template":"","format":"standard","meta":{"site-sidebar-layout":"default","site-content-layout":"","ast-site-content-layout":"default","site-content-style":"default","site-sidebar-style":"default","ast-global-header-display":"","ast-banner-title-visibility":"","ast-main-header-display":"","ast-hfb-above-header-display":"","ast-hfb-below-header-display":"","ast-hfb-mobile-header-display":"","site-post-title":"","ast-breadcrumbs-content":"","ast-featured-img":"","footer-sml-layout":"","theme-transparent-header-meta":"","adv-header-id-meta":"","stick-header-meta":"","header-above-stick-meta":"","header-main-stick-meta":"","header-below-stick-meta":"","astra-migrate-meta-layouts":"default","ast-page-background-enabled":"default","ast-page-background-meta":{"desktop":{"background-color":"var(--ast-global-color-4)","background-image":"","background-repeat":"repeat","background-position":"center center","background-size":"auto","background-attachment":"scroll","background-type":"","background-media":"","overlay-type":"","overlay-color":"","overlay-opacity":"","overlay-gradient":""},"tablet":{"background-color":"","background-image":"","background-repeat":"repeat","background-position":"center center","background-size":"auto","background-attachment":"scroll","background-type":"","background-media":"","overlay-type":"","overlay-color":"","overlay-opacity":"","overlay-gradient":""},"mobile":{"background-color":"","background-image":"","background-repeat":"repeat","background-position":"center center","background-size":"auto","background-attachment":"scroll","background-type":"","background-media":"","overlay-type":"","overlay-color":"","overlay-opacity":"","overlay-gradient":""}},"ast-content-background-meta":{"desktop":{"background-color":"var(--ast-global-color-5)","background-image":"","background-repeat":"repeat","background-position":"center center","background-size":"auto","background-attachment":"scroll","background-type":"","background-media":"","overlay-type":"","overlay-color":"","overlay-opacity":"","overlay-gradient":""},"tablet":{"background-color":"var(--ast-global-color-5)","background-image":"","background-repeat":"repeat","background-position":"center center","background-size":"auto","background-attachment":"scroll","background-type":"","background-media":"","overlay-type":"","overlay-color":"","overlay-opacity":"","overlay-gradient":""},"mobile":{"background-color":"var(--ast-global-color-5)","background-image":"","background-repeat":"repeat","background-position":"center center","background-size":"auto","background-attachment":"scroll","background-type":"","background-media":"","overlay-type":"","overlay-color":"","overlay-opacity":"","overlay-gradient":""}},"footnotes":""},"categories":[8],"tags":[3590,14691,5486,2324,247],"class_list":["post-44810","post","type-post","status-publish","format-standard","has-post-thumbnail","hentry","category-noticias","tag-adan-augusto-lopez-hernandez","tag-elecciones-2023-2","tag-elecciones-2024","tag-mario-delgado","tag-morena"],"_links":{"self":[{"href":"https:\/\/losperiodistas.com.mx\/portal\/wp-json\/wp\/v2\/posts\/44810","targetHints":{"allow":["GET"]}}],"collection":[{"href":"https:\/\/losperiodistas.com.mx\/portal\/wp-json\/wp\/v2\/posts"}],"about":[{"href":"https:\/\/losperiodistas.com.mx\/portal\/wp-json\/wp\/v2\/types\/post"}],"author":[{"embeddable":true,"href":"https:\/\/losperiodistas.com.mx\/portal\/wp-json\/wp\/v2\/users\/1"}],"replies":[{"embeddable":true,"href":"https:\/\/losperiodistas.com.mx\/portal\/wp-json\/wp\/v2\/comments?post=44810"}],"version-history":[{"count":1,"href":"https:\/\/losperiodistas.com.mx\/portal\/wp-json\/wp\/v2\/posts\/44810\/revisions"}],"predecessor-version":[{"id":44812,"href":"https:\/\/losperiodistas.com.mx\/portal\/wp-json\/wp\/v2\/posts\/44810\/revisions\/44812"}],"wp:featuredmedia":[{"embeddable":true,"href":"https:\/\/losperiodistas.com.mx\/portal\/wp-json\/wp\/v2\/media\/44811"}],"wp:attachment":[{"href":"https:\/\/losperiodistas.com.mx\/portal\/wp-json\/wp\/v2\/media?parent=44810"}],"wp:term":[{"taxonomy":"category","embeddable":true,"href":"https:\/\/losperiodistas.com.mx\/portal\/wp-json\/wp\/v2\/categories?post=44810"},{"taxonomy":"post_tag","embeddable":true,"href":"https:\/\/losperiodistas.com.mx\/portal\/wp-json\/wp\/v2\/tags?post=44810"}],"curies":[{"name":"wp","href":"https:\/\/api.w.org\/{rel}","templated":true}]}}