{"id":44805,"date":"2023-01-15T07:48:29","date_gmt":"2023-01-15T13:48:29","guid":{"rendered":"http:\/\/losperiodistas.com.mx\/portal\/?p=44805"},"modified":"2023-01-15T07:48:31","modified_gmt":"2023-01-15T13:48:31","slug":"libertad-de-los-apegos-cultivar-la-virtud-de-hacernos-a-un-lado-vatican-news","status":"publish","type":"post","link":"https:\/\/losperiodistas.com.mx\/portal\/libertad-de-los-apegos-cultivar-la-virtud-de-hacernos-a-un-lado-vatican-news\/","title":{"rendered":"Libertad de los apegos, cultivar la virtud de hacernos a un lado | Vatican News"},"content":{"rendered":"\n<p class=\"has-white-color has-text-color has-background has-medium-font-size\" style=\"background-color:#f90202\">En su alocuci\u00f3n previa al rezo mariano, Francisco explica la importancia de dejar de lado los apegos, cultivar la virtud del hacernos a un lado en el momento oportuno, testimoniando que el punto de referencia de la vida es Jes\u00fas.<\/p>\n\n\n\n<p><\/p>\n\n\n\n<figure class=\"wp-block-embed is-type-video is-provider-youtube wp-block-embed-youtube wp-embed-aspect-16-9 wp-has-aspect-ratio\"><div class=\"wp-block-embed__wrapper\">\n<iframe title=\"\u00c1ngelus 15 de enero de 2023 Papa Francisco\" width=\"500\" height=\"281\" src=\"https:\/\/www.youtube.com\/embed\/w4VCqLSPOoE?feature=oembed\" frameborder=\"0\" allow=\"accelerometer; autoplay; clipboard-write; encrypted-media; gyroscope; picture-in-picture; web-share\" referrerpolicy=\"strict-origin-when-cross-origin\" allowfullscreen><\/iframe>\n<\/div><\/figure>\n\n\n\n<p><\/p>\n\n\n\n<p class=\"has-vivid-red-color has-text-color has-medium-font-size\"><strong>PATRICIA YNESTROZA \/ VATICAN NEWS<\/strong><\/p>\n\n\n\n<p>El Papa Francisco, en su alocuci\u00f3n de hoy previa al rezo mariano del \u00c1ngelus, ha reflexionado sobre el Evangelio de hoy que recoge el testimonio de Juan el Bautista sobre Jes\u00fas despu\u00e9s de haberlo bautizado en el r\u00edo Jord\u00e1n. Al respecto reflexion\u00f3 sobre la importancia de ser libres de los apegos, de cultivar la virtud de hacerse a un lado.<\/p>\n\n\n\n<p>Nos cuestion\u00f3 si somos capaces de hacer sitio a los dem\u00e1s, de &nbsp;escucharlos, de dejarlos libres, de no atarlos a nosotros pretendiendo gratitud. Francisco nos pregunt\u00f3 si somos capaces de atraer a los dem\u00e1s hacia Jes\u00fas o hacia nosotros mismos. Y siguiendo &nbsp;el ejemplo de Juan, nos pregunt\u00f3 si sabemos &nbsp;alegrarnos de que las personas emprendan su propio camino y sigan su llamada, incluso si eso implica un poco de desapego respecto a nosotros, si nos alegramos de sus logros, \u00bfcon sinceridad y sin envidia?<\/p>\n\n\n\n<h2 class=\"wp-block-heading\"><strong>Juan el Bautista<\/strong><\/h2>\n\n\n\n<p>Juan el Bautista hablando de Jes\u00fas dice: \u00abA \u00c9l me refer\u00eda, cuando dije: Despu\u00e9s de m\u00ed viene un hombre que me precede, porque exist\u00eda antes que yo\u00bb (vv.29-30). Al respecto, Francisco, hablando de Juan el Bautista, explic\u00f3 que esta declaraci\u00f3n revela el esp\u00edritu de servicio de Juan. \u00c9l fue enviado a preparar el camino al Mes\u00edas, y lo hizo sin ahorrar esfuerzos, dijo el Papa.<\/p>\n\n\n\n<p>\u201cHumanamente, se podr\u00eda pensar que le ser\u00e1 entregado un \u201cpremio\u201d, un puesto relevante en la vida p\u00fablica de Jes\u00fas. En cambio, no. Una vez cumplida su misi\u00f3n, Juan sabe hacerse a un lado, se retira de la escena para dejar el sitio a Jes\u00fas. Ha visto al Esp\u00edritu descender sobre \u00c9l (cfr. vv.33-34), lo ha se\u00f1alado como el Cordero de Dios que quita el pecado del mundo y ahora se dispone a escucharlo humildemente\u201d.<\/p>\n\n\n\n<h2 class=\"wp-block-heading\"><strong>El signo del verdadero educador<\/strong><\/h2>\n\n\n\n<p>Juan el Bautista, afirm\u00f3 el Papa, predic\u00f3 y reuni\u00f3 disc\u00edpulos, los form\u00f3, y, sin embargo, se\u00f1al\u00f3 Francisco, no ata a nadie a s\u00ed. Este es el signo del verdadero educador remarc\u00f3, no atar a las personas a uno mismo.<\/p>\n\n\n\n<p>\u201cJuan pone a sus disc\u00edpulos sobre las huellas de Jes\u00fas. No est\u00e1 interesado a tener seguidores, a obtener prestigio y \u00e9xito, sino que presenta su testimonio y luego da un paso atr\u00e1s para que muchos tengan la alegr\u00eda de encontrar a Jes\u00fas\u201d.<\/p>\n\n\n\n<h2 class=\"wp-block-heading\"><strong>La libertad respecto a los apegos<\/strong><\/h2>\n\n\n\n<p class=\"has-cyan-bluish-gray-background-color has-background\">LEA TAMBI\u00c9N<a href=\"https:\/\/www.vaticannews.va\/es\/papa\/news\/2023-01\/papa-francisco-angelus-vigilia-ecumenica-30-septiembre-sinodo.html\"><\/a>15\/01\/2023<\/p>\n\n\n\n<h2 class=\"has-cyan-bluish-gray-background-color has-background wp-block-heading\"><a href=\"https:\/\/www.vaticannews.va\/es\/papa\/news\/2023-01\/papa-francisco-angelus-vigilia-ecumenica-30-septiembre-sinodo.html\">El 30 de septiembre Vigilia ecum\u00e9nica \u00abpara confiar a Dios los trabajos del S\u00ednodo\u00bb<\/a><\/h2>\n\n\n\n<p>Con este esp\u00edritu de servicio, con su capacidad de dejar sitio, Juan el Bautista nos ense\u00f1a una cosa importante, enfatiz\u00f3 Francisco:&nbsp;<em>la libertad respecto a los apegos<\/em>. S\u00ed, porque es f\u00e1cil apegarse a roles y posiciones, a la necesidad de ser estimados, reconocidos y premiados.<\/p>\n\n\n\n<p>Sin embargo, para el Santo Padre, este apego, aunque si es natural, no es bueno, porque como dijo el Papa, el servicio implica la gratuidad, el cuidar de los dem\u00e1s sin ventajas para uno mismo, sin segundos fines.<\/p>\n\n\n\n<p>\u201cNos har\u00e1 bien cultivar, como Juan, la virtud del hacernos a un lado en el momento oportuno, testimoniando que el punto de referencia de la vida es Jes\u00fas\u201d.<\/p>\n\n\n\n<h2 class=\"wp-block-heading\"><strong>Crecer en esp\u00edritu de servicio&nbsp;<\/strong><\/h2>\n\n\n\n<p>Libertad de los apegos, esto dijo el Papa es importante, para un sacerdote \u201cque est\u00e1 llamado a predicar y celebrar no por af\u00e1n de protagonismo o por inter\u00e9s, sino para acompa\u00f1ar a los dem\u00e1s hacia Jes\u00fas\u201d. O en los padres de familia, que educan a sus hijos con sacrificios y luego los dejan libres para que sigan su propio camino en la vida. Al respecto, el Pont\u00edfice dijo que es justo que \u201clos padres sigan asegurando su presencia diciendo a los hijos: \u00abno los dejamos solos\u00bb; pero con discreci\u00f3n, sin intromisi\u00f3n\u201d.<\/p>\n\n\n\n<p>Liberarse de los apegos y hacerse a un lado cuesta record\u00f3 Francisco, pero es importante hacerlo siempre, en todo momento, en la amistad, en la vida de pareja, en la vida comunitaria: es el paso decisivo para crecer en el esp\u00edritu de servicio.<\/p>\n\n\n\n<p>Fuente: <a href=\"https:\/\/www.vaticannews.va\/es\/papa\/news\/2023-01\/papa-francisco-angelus-domingo-15-enero-2023-libertad-de-apegos.html\">https:\/\/www.vaticannews.va\/es\/papa\/news\/2023-01\/papa-francisco-angelus-domingo-15-enero-2023-libertad-de-apegos.html<\/a><\/p>\n","protected":false},"excerpt":{"rendered":"<p>En su alocuci\u00f3n previa al rezo mariano, Francisco explica la importancia de dejar de lado los apegos, cultivar la virtud [&hellip;]<\/p>\n","protected":false},"author":1,"featured_media":44808,"comment_status":"open","ping_status":"open","sticky":false,"template":"","format":"standard","meta":{"site-sidebar-layout":"default","site-content-layout":"","ast-site-content-layout":"default","site-content-style":"default","site-sidebar-style":"default","ast-global-header-display":"","ast-banner-title-visibility":"","ast-main-header-display":"","ast-hfb-above-header-display":"","ast-hfb-below-header-display":"","ast-hfb-mobile-header-display":"","site-post-title":"","ast-breadcrumbs-content":"","ast-featured-img":"","footer-sml-layout":"","theme-transparent-header-meta":"","adv-header-id-meta":"","stick-header-meta":"","header-above-stick-meta":"","header-main-stick-meta":"","header-below-stick-meta":"","astra-migrate-meta-layouts":"default","ast-page-background-enabled":"default","ast-page-background-meta":{"desktop":{"background-color":"var(--ast-global-color-4)","background-image":"","background-repeat":"repeat","background-position":"center center","background-size":"auto","background-attachment":"scroll","background-type":"","background-media":"","overlay-type":"","overlay-color":"","overlay-opacity":"","overlay-gradient":""},"tablet":{"background-color":"","background-image":"","background-repeat":"repeat","background-position":"center center","background-size":"auto","background-attachment":"scroll","background-type":"","background-media":"","overlay-type":"","overlay-color":"","overlay-opacity":"","overlay-gradient":""},"mobile":{"background-color":"","background-image":"","background-repeat":"repeat","background-position":"center center","background-size":"auto","background-attachment":"scroll","background-type":"","background-media":"","overlay-type":"","overlay-color":"","overlay-opacity":"","overlay-gradient":""}},"ast-content-background-meta":{"desktop":{"background-color":"var(--ast-global-color-5)","background-image":"","background-repeat":"repeat","background-position":"center center","background-size":"auto","background-attachment":"scroll","background-type":"","background-media":"","overlay-type":"","overlay-color":"","overlay-opacity":"","overlay-gradient":""},"tablet":{"background-color":"var(--ast-global-color-5)","background-image":"","background-repeat":"repeat","background-position":"center center","background-size":"auto","background-attachment":"scroll","background-type":"","background-media":"","overlay-type":"","overlay-color":"","overlay-opacity":"","overlay-gradient":""},"mobile":{"background-color":"var(--ast-global-color-5)","background-image":"","background-repeat":"repeat","background-position":"center center","background-size":"auto","background-attachment":"scroll","background-type":"","background-media":"","overlay-type":"","overlay-color":"","overlay-opacity":"","overlay-gradient":""}},"footnotes":""},"categories":[8],"tags":[14689,14690,196],"class_list":["post-44805","post","type-post","status-publish","format-standard","has-post-thumbnail","hentry","category-noticias","tag-apegos","tag-desapaegos","tag-papa-francisco"],"_links":{"self":[{"href":"https:\/\/losperiodistas.com.mx\/portal\/wp-json\/wp\/v2\/posts\/44805","targetHints":{"allow":["GET"]}}],"collection":[{"href":"https:\/\/losperiodistas.com.mx\/portal\/wp-json\/wp\/v2\/posts"}],"about":[{"href":"https:\/\/losperiodistas.com.mx\/portal\/wp-json\/wp\/v2\/types\/post"}],"author":[{"embeddable":true,"href":"https:\/\/losperiodistas.com.mx\/portal\/wp-json\/wp\/v2\/users\/1"}],"replies":[{"embeddable":true,"href":"https:\/\/losperiodistas.com.mx\/portal\/wp-json\/wp\/v2\/comments?post=44805"}],"version-history":[{"count":1,"href":"https:\/\/losperiodistas.com.mx\/portal\/wp-json\/wp\/v2\/posts\/44805\/revisions"}],"predecessor-version":[{"id":44809,"href":"https:\/\/losperiodistas.com.mx\/portal\/wp-json\/wp\/v2\/posts\/44805\/revisions\/44809"}],"wp:featuredmedia":[{"embeddable":true,"href":"https:\/\/losperiodistas.com.mx\/portal\/wp-json\/wp\/v2\/media\/44808"}],"wp:attachment":[{"href":"https:\/\/losperiodistas.com.mx\/portal\/wp-json\/wp\/v2\/media?parent=44805"}],"wp:term":[{"taxonomy":"category","embeddable":true,"href":"https:\/\/losperiodistas.com.mx\/portal\/wp-json\/wp\/v2\/categories?post=44805"},{"taxonomy":"post_tag","embeddable":true,"href":"https:\/\/losperiodistas.com.mx\/portal\/wp-json\/wp\/v2\/tags?post=44805"}],"curies":[{"name":"wp","href":"https:\/\/api.w.org\/{rel}","templated":true}]}}