{"id":44741,"date":"2023-01-13T10:10:35","date_gmt":"2023-01-13T16:10:35","guid":{"rendered":"http:\/\/losperiodistas.com.mx\/portal\/?p=44741"},"modified":"2023-01-13T10:12:49","modified_gmt":"2023-01-13T16:12:49","slug":"la-pandemia-del-hambre-iii","status":"publish","type":"post","link":"https:\/\/losperiodistas.com.mx\/portal\/la-pandemia-del-hambre-iii\/","title":{"rendered":"La pandemia del hambre (III)"},"content":{"rendered":"\n<h1 class=\"has-luminous-vivid-amber-background-color has-background wp-block-heading\" id=\"h1_maincontent\"><strong>Mujeres frente al cambio clim\u00e1tico en Somalia: \u00bfc\u00f3mo vencer la sequ\u00eda con un vaso de agua al d\u00eda?<\/strong><\/h1>\n\n\n\n<ul class=\"has-medium-font-size wp-block-list\"><li>Ellas son las que escuchan los est\u00f3magos vac\u00edos de sus hijos e intentan cambiar&nbsp;el sabor del agua hervida<\/li><li>RTVE.es habla con mujeres que intentan vencer a la sequ\u00eda en Somalia<\/li><\/ul>\n\n\n\n<div class=\"wp-block-image is-style-default\"><figure class=\"aligncenter size-large\"><img fetchpriority=\"high\" decoding=\"async\" width=\"1024\" height=\"683\" src=\"https:\/\/losperiodistas.com.mx\/portal\/wp-content\/uploads\/2023\/01\/hambre-3-1024x683.jpeg\" alt=\"\" class=\"wp-image-44742\" srcset=\"https:\/\/losperiodistas.com.mx\/portal\/wp-content\/uploads\/2023\/01\/hambre-3-1024x683.jpeg 1024w, https:\/\/losperiodistas.com.mx\/portal\/wp-content\/uploads\/2023\/01\/hambre-3-300x200.jpeg 300w, https:\/\/losperiodistas.com.mx\/portal\/wp-content\/uploads\/2023\/01\/hambre-3-768x512.jpeg 768w, https:\/\/losperiodistas.com.mx\/portal\/wp-content\/uploads\/2023\/01\/hambre-3-1536x1024.jpeg 1536w, https:\/\/losperiodistas.com.mx\/portal\/wp-content\/uploads\/2023\/01\/hambre-3.jpeg 1600w\" sizes=\"(max-width: 1024px) 100vw, 1024px\" \/><figcaption>Mariam es madre viuda y vive en Sincaro, una aldea peque\u00f1a que alberga a unas 500 personas en el norte de Somalia.\u00a0<em>PABLO TOSCO (OXFAM INTERM\u00d3N)<\/em><\/figcaption><\/figure><\/div>\n\n\n\n<p class=\"has-vivid-red-color has-text-color has-medium-font-size\"><strong><em>EBBABA HAMEIDA (Enviada especial a Somalia) \/ PABLO TOSCO (Fotos)<\/em> \/ RTVE<\/strong><\/p>\n\n\n\n<p><strong>\u201cQuiero contar mi historia\u201d<\/strong>, as\u00ed se presenta<strong>&nbsp;Mariam Hussein<\/strong>, una mujer de 45 a\u00f1os que aparenta m\u00e1s edad de la que realmente tiene, con un caminar pausado, pero decidido y una mirada firme que resulta imposible&nbsp;de penetrar. Es alta, muy alta. Su esbelta silueta se insin\u00faa bajo las dos telas con las que viste, morada la de arriba y en varias tonalidades de amarillo y lila con bordados de flores, la de abajo. Vive en&nbsp;<strong>Sincaro<\/strong>, una aldea peque\u00f1a que&nbsp;<strong>alberga a unas 500 personas en el norte de&nbsp;<a href=\"https:\/\/www.rtve.es\/temas\/somalia\/1273\/\">Somalia<\/a><\/strong>. \u201cLlegu\u00e9 aqu\u00ed hace seis a\u00f1os. Vine sola, con mis siete hijos peque\u00f1os\u201d, comienza su relato.<\/p>\n\n\n\n<p><strong>\u201cNo tengo marido. Muri\u00f3 hace diez a\u00f1os\u201d<\/strong>, intenta explicar&nbsp;lo que la diferencia de las dem\u00e1s mujeres que nos han recibido en una de las localidades m\u00e1s golpeadas por la sequ\u00eda en el norte del pa\u00eds.&nbsp;Como era costumbre, ella se cas\u00f3 a muy temprana edad y tuvo siete hijos. Ten\u00eda medio centenar de camellos que le daban para vivir desahogada, pero al morir su marido se encontr\u00f3 sola al frente de la familia y de todo el ganado.&nbsp;<strong>Ella y otras mujeres&nbsp;necesitan explicar por qu\u00e9&nbsp;<a href=\"https:\/\/www.rtve.es\/play\/audios\/las-mananas-de-rne-con-inigo-alfonso\/somalia-vive-pendiente-del-cielo-esperando-lluvia-mientras-sufre-consecuencias-guerra-ucrania\/6772801\/\">se sienten las primeras v\u00edctimas del cambio clim\u00e1tico<\/a>.<\/strong>&nbsp;<\/p>\n\n\n\n<p>Las mujeres son las que m\u00e1s sufren&nbsp;<a href=\"https:\/\/www.rtve.es\/temas\/sequia\/5850\/\">la sequ\u00eda<\/a>, en todos los aspectos de su vida, especialmente durante la&nbsp;<a href=\"https:\/\/www.rtve.es\/noticias\/20221005\/sequia-pobreza-menstrual-mujeres-africa\/2399410.shtml\">menstruaci\u00f3n<\/a>. En este campo de desplazados internos se puede decir que son ellas las que tienen que responder a las hostilidades de las consecuencias del cambio clim\u00e1tico.&nbsp;<strong>Ellas son las que tienen que escuchar&nbsp;<a href=\"https:\/\/www.rtve.es\/play\/videos\/telediario-1\/miles-de-ninos-podrian-morir-por-las-consecuencias-de-la-sequia-en-el-cuerno-de-africa-y-sahel\/6680122\/\">los est\u00f3magos vac\u00edos de sus hijos<\/a><\/strong>&nbsp;y pensar en soluciones imaginativas, como poner a hervir agua y&nbsp;buscar&nbsp;algo para cambiarle el sabor&nbsp;y que parezca una sopa. Ellas son las que tienen que&nbsp;<strong>renunciar a sus necesidades b\u00e1sicas para que los dem\u00e1s puedan beber<\/strong>, exponi\u00e9ndose a la violencia en los trayectos para buscar esa agua. Ellos emigran, ellas se quedan.<\/p>\n\n\n\n<figure class=\"wp-block-image is-style-default\"><img decoding=\"async\" src=\"https:\/\/img2.rtve.es\/im\/6774241\/?w=900\" alt=\" Un grupo de j\u00f3venes bromean en el patio de una vivienda en Sincaro en el norte de Somalia\"\/><figcaption>Un grupo de j\u00f3venes bromean en el patio de una vivienda en Sincaro en el norte de Somalia&nbsp;<em>PABLO TOSCO (OXFAM INTERM\u00d3N)<\/em><\/figcaption><\/figure>\n\n\n\n<h3 class=\"wp-block-heading\"><strong>Mariam: madre viuda y emprendedora<\/strong><\/h3>\n\n\n\n<p><strong>La vida de Mariam ha sido un aut\u00e9ntico viacrucis<\/strong>, cargado de dificultades e infortunios. La sociedad somal\u00ed es tradicional y le cuesta aceptar que<strong>\u00a0una mujer pueda ser autosuficiente<\/strong>, ello a\u00f1adido a la aridez del territorio que obliga a estar en continuo movimiento en busca de pastos,\u00a0<a href=\"https:\/\/www.rtve.es\/noticias\/20211113\/mujeres-africanas-emprendimiento-derechos-lucha-contra-violencia-genero\/2216640.shtml\">supone una aut\u00e9ntica audacia<\/a>\u00a0en uno de los pa\u00edses m\u00e1s inseguros del mundo.<strong>\u00a0\u201cMis siete hijos eran muy peque\u00f1os, los saqu\u00e9 adelante yo sola\u201d<\/strong>, insiste. En la sequ\u00eda de 2017 estuvo al borde del colapso.\u00a0\u201cTodos los d\u00edas me encontraba con alg\u00fan camello muerto o enfermo\u201d, calcula que en total\u00a0<a href=\"https:\/\/www.rtve.es\/play\/audios\/las-mananas-de-rne-con-inigo-alfonso\/insolidaridad-nubes-acaba-vida-nomada-somalia\/6773693\/%C2%A0\">murieron 48 camellos<\/a>. Le quedaron dos para moverse ella y sus hijos hasta conseguir llegar a un sitio con agua.<\/p>\n\n\n\n<p><a href=\"https:\/\/www.rtve.es\/noticias\/20221005\/sequia-pobreza-menstrual-mujeres-africa\/2399410.shtml\"><strong>La sequ\u00eda agudiza la pobreza menstrual en \u00c1frica: \u00abTodos los meses tengo la regla, pero no siempre tengo agua\u00bb<\/strong><em>EBBABA HAMEIDA<\/em><\/a><\/p>\n\n\n\n<p>\u201cLos camellos son resistentes, pero estas \u00faltimas sequ\u00edas est\u00e1n siendo muy hostiles\u201d, asegura. Mariam se ha convertido en una experta. Sin miedo se ha ido moviendo y<strong>&nbsp;gestionando su peque\u00f1a econom\u00eda familiar<\/strong>. Se siente orgullosa de haber mantenido a dos camellos a lo largo de estos a\u00f1os que se han ido reproduciendo. Hasta hace un a\u00f1o su reba\u00f1o hab\u00eda crecido a seis ejemplares, pero&nbsp;<strong>previendo esta sequ\u00eda se decidi\u00f3 a vender tres<\/strong>&nbsp;para garantizar la supervivencia de la mitad y \u201cas\u00ed tengo algo de dinero ahorrado\u201d, asegura sonriendo.<\/p>\n\n\n\n<p>En Somalia,\u00a0<a href=\"https:\/\/www.youtube.com\/watch?v=hT_hf6WLtYA\">la supervivencia de la mitad de la poblaci\u00f3n se ha convertido en un verdadero reto<\/a>. El pa\u00eds a\u00fan no se ha recuperado de las anteriores hambrunas, las consecuencias de la pandemia de la COVID-19, la sist\u00e9mica inseguridad que hace casi imposible el reparto de la ayuda humanitaria en las zonas rurales, y la desertizaci\u00f3n que se ve acelerada por el cambio clim\u00e1tico.\u00a0<strong>M\u00e1s de 7,1 millones de personas est\u00e1n en riesgo de hambre extrema.<\/strong><\/p>\n\n\n\n<p><a href=\"https:\/\/www.rtve.es\/noticias\/20230110\/somalia-epicentro-del-hambre-sonido-mas-insoportable-llanto-mujer-acaba-perder-hijo\/2414851.shtml\"><strong>Somalia, epicentro del hambre: \u00abEl sonido m\u00e1s insoportable es el llanto de una mujer que acaba de perder a un hijo\u00bb<\/strong><em>EBBABA HAMEIDA (ENVIADA ESPECIAL A MOGADISCIO) \/ PABLO TOSCO (FOTOS)<\/em><\/a><\/p>\n\n\n\n<h3 class=\"wp-block-heading\"><strong>Kaltum: \u201cSolo tenemos un vaso de agua para lavarnos las manos\u201d<\/strong><\/h3>\n\n\n\n<p><strong>\u201cEsta es la peor sequ\u00eda\u201d<\/strong>, dice Kaltum Mohamed, una mujer de 40 a\u00f1os que se dedica a vender t\u00e9.&nbsp;<strong>Ella se refugia en una tela m\u00e1s oscura.&nbsp;<\/strong>Un rosario de cuentas blancas ilumina&nbsp;el hiyab negro que le cubre la cabeza.<strong>&nbsp;Las u\u00f1as te\u00f1idas con restos de henna.&nbsp;<\/strong>De su rostro redondo destacan unos labios oscuros que esconden una sonrisa blanca.&nbsp;<strong>\u201cSolo tenemos un vaso de agua para lavarnos las manos\u201d<\/strong>, dice esta mujer de 40 a\u00f1os, madre de siete hijos.<\/p>\n\n\n\n<figure class=\"wp-block-image is-style-default\"><img decoding=\"async\" src=\"https:\/\/img2.rtve.es\/im\/6774243\/?w=900\" alt=\" Kaltum Mohamed es una mujer de 40 a\u00f1os que se dedica a vender t\u00e9 en Sincaro en el norte de Somalia \"\/><figcaption>Kaltum Mohamed es una mujer de 40 a\u00f1os que se dedica a vender t\u00e9 en Sincaro en el norte de Somalia&nbsp;<em>PABLO TOSCO (OXFAM INTERM\u00d3N)<\/em><\/figcaption><\/figure>\n\n\n\n<p>Nos recibe en su casa, una choza construida con palos y cubierta de telas y mantas de colores. La ha construido ella con sus propias manos, asegura. Del palo central que hace las veces de viga de carga cuelga una improvisada balanza hecha con cadenas de metal de las que penden dos platillos en equilibrio, vac\u00edos. La usa para&nbsp;<strong>pesar el t\u00e9 que vende<\/strong>. Tiempo atr\u00e1s hab\u00eda tenido dos camellos, pero&nbsp;<a href=\"https:\/\/www.rtve.es\/noticias\/20230111\/cambio-climatico-acaba-ganado-vida-nomada-somalia-todo-se-convertido-polvo\/2415069.shtml\"><strong>murieron a causa del clima tan adverso en el que vive<\/strong><\/a>. \u201cEsta sequ\u00eda tuvo un gran impacto en nuestras vidas\u201d, dice tambi\u00e9n con resignaci\u00f3n y cansancio.<\/p>\n\n\n\n<p>Nadie habla de las personas que mueren de hambre por las consecuencias de la sequ\u00eda.<strong>&nbsp;Lo importante es la supervivencia de los que est\u00e1n<\/strong>. Hablan de las enfermedades que provoca el hambre.&nbsp;<strong>El futuro no existe.<\/strong>&nbsp;El entretenimiento con las labores del hogar y el cuidado.&nbsp;<strong>La peque\u00f1a cocina tiene un par de cuencos de acero vac\u00edos<\/strong>, una especie de olla que no contiene nada dentro y vasos boca abajo.<\/p>\n\n\n\n<p class=\"has-text-align-center has-pale-pink-background-color has-background\">\u201cLa peque\u00f1a cocina tiene un par de cuencos de acero vac\u00edos, una especie de olla que no contiene nada dentro y vasos boca abajo.\u201c<\/p>\n\n\n\n<p>La sequ\u00eda afecta de sobremanera a las mujeres<strong>. Con&nbsp;los desplazamientos<\/strong>&nbsp;aumenta la&nbsp;<a href=\"https:\/\/www.rtve.es\/temas\/violencia-de-genero\/1188\/\">violencia de g\u00e9nero<\/a>&nbsp;y las afecciones mentales, son ellas las que soportan la constante demanda de comida de los hijos, y adem\u00e1s, coinciden, no tienen suficiente agua para cubrir sus necesidades b\u00e1sicas.<strong>&nbsp;\u201cSi tenemos la regla usamos telas y luego las tiran, antes por lo menos las pod\u00edan&nbsp;lavar\u201d<\/strong>, asegura Hodan Mohamed, coordinadora del proyecto de agua financiando por&nbsp;<a href=\"https:\/\/www.oxfamintermon.org\/es?tc_alt=79107&amp;utm_term=oxfam%20intermon&amp;utm_campaign=OXFAM_GADS_MARCA_ES&amp;utm_source=adwords&amp;utm_medium=ppc&amp;hsa_acc=1365246972&amp;hsa_cam=1441091422&amp;hsa_grp=56091270877&amp;hsa_ad=550311667919&amp;hsa_src=g&amp;hsa_tgt=kwd-353083436580&amp;hsa_kw=oxfam%20intermon&amp;hsa_mt=e&amp;hsa_net=adwords&amp;hsa_ver=3&amp;gclid=CjwKCAiA2fmdBhBpEiwA4CcHze0bFTSf4Ra6T8rJTp5AilWEpjg2XsyeZRCpBZ-d649fUn19nLDNfhoC-rcQAvD_BwE\">OXFAM Interm\u00f3n<\/a>&nbsp;en Sincaro aunque la comunidad ha querido aportar el 20%.&nbsp;<\/p>\n\n\n\n<h3 class=\"wp-block-heading\"><strong>Sin agua&nbsp;no hay intimidad<\/strong><\/h3>\n\n\n\n<p>Con un metro<strong>, Hodan se\u00f1ala las lindes de la instalaci\u00f3n e indica a los operarios donde deben construir la barrera de seguridad para evitar accidentes<\/strong>. La aldea es importante por estar en equidistancia con tres regiones muy afectadas por la desertizaci\u00f3n. Las 500 familias que la habitan han ido llegando de zonas mucho m\u00e1s afectadas.&nbsp;<strong>\u201cSincaro es un punto de encuentro\u201d<\/strong>, se\u00f1ala. No solo de personas, sino tambi\u00e9n de ganado.<\/p>\n\n\n\n<p>Para Hodan, esta es una construcci\u00f3n&nbsp;dirigida especialmente a las mujeres. Es sobre todo para ellas. \u201cSon las que m\u00e1s se ven afectadas por la sequ\u00eda\u201d, asegura.<strong>&nbsp;Coincide en que siempre se quedan solas.<\/strong>&nbsp;\u201cLos hombres se van en busca de pastos e intentan que sobreviva el ganado\u201d, dice lamentando que se olviden del resto de las cargas familiares.<\/p>\n\n\n\n<figure class=\"wp-block-image is-style-default\"><img decoding=\"async\" src=\"https:\/\/img2.rtve.es\/im\/6774281\/?w=900\" alt=\"Hodan Mohamed, coordinadora del proyecto de agua en Siraco, reunida con un grupo de mujeres \"\/><figcaption>Hodan Mohamed, coordinadora del proyecto de agua en Siraco, reunida con un grupo de mujeres&nbsp;<em>PABLO TOSCO (OXFAM INTERM\u00d3N)<\/em><\/figcaption><\/figure>\n\n\n\n<p><strong>Hodan se\u00f1ala a unas chicas j\u00f3venes que miran de reojo en la reuni\u00f3n.<\/strong>&nbsp;Las ni\u00f1as cuando tienen la menstruaci\u00f3n se recluyen y no salen de casa.<strong>&nbsp;\u201cNo hay agua para lavarse, manchan la ropa y se averg\u00fcenzan de ir a escuela\u201d<\/strong>, explica. Utilizan telas porque no tienen compresas ni tampones. Pero las telas hay que lavarlas, lo que resulta dif\u00edcil por la escasez de agua. Por otro lado, afirma Hodan, se dan m\u00faltiples casos de&nbsp;<strong>abortos espont\u00e1neos para las que tienen que traer agua desde muy lejos<\/strong>. Esto se suma a las infecciones y a las enfermedades que produce emplear agua no potable. \u00ab<strong>\u00bfD\u00f3nde est\u00e1n las medicinas, vendr\u00e1n en camello?\u00bb<\/strong>, dicen ir\u00f3nicamente.<\/p>\n\n\n\n<h3 class=\"wp-block-heading\"><strong>Hodan: el impulso y la respuesta de las j\u00f3venes<\/strong><\/h3>\n\n\n\n<p>Mariam y Kaltum miran a Hodan con admiraci\u00f3n.<strong>&nbsp;Esta joven de 27 a\u00f1os, es la responsable de un proyecto de vital importancia para su comunidad<\/strong>, es capaz de traducir los relatos de las aldeanas, mientras da \u00f3rdenes a los operarios que est\u00e1n construyendo el pozo de agua. Les fascina verla con el chaleco de una organizaci\u00f3n internacional&nbsp;y un mont\u00f3n de papeles en las manos con caracteres ilegibles para la mayor\u00eda. Ella es de las pocas graduadas en ingenier\u00eda civil y actualmente trabaja en proyectos de saneamiento de agua.<\/p>\n\n\n\n<p class=\"has-text-align-center has-pale-pink-background-color has-background\">\u201cElla es de las pocas graduadas en ingenier\u00eda civil y actualmente trabaja en proyectos de saneamiento de agua.\u201c<\/p>\n\n\n\n<p>Naci\u00f3 en Hargeisa, en el norte del pa\u00eds, y se gradu\u00f3 hace un par de a\u00f1os. Recuerda que de los 40 estudiantes de su promoci\u00f3n, solo dos eran mujeres. Sus padres no quer\u00edan que estudiara carrera por ser una formaci\u00f3n&nbsp;muy masculinizada, pero ella no se arrepiente, ahora en tiempos de sequ\u00eda, siente que su trabajo y su formaci\u00f3n sirven para dar respuesta a situaciones tan desesperadas como la de Mariam o Kaltum. Comienza con un lenguaje t\u00e9cnico, pero vuelve a un lenguaje m\u00e1s coloquial para dar las directrices a los operarios que deben perforar los pozos de agua e instalaciones de placas solares para que todo el sistema funcione.&nbsp;<strong>Est\u00e1 en continuo movimiento por la regi\u00f3n norte<\/strong>, donde supervisa los proyectos de instalaciones de agua. Es consciente de que representa a una nueva generaci\u00f3n de mujeres que quieren romper con las tradiciones que las relegan a estar en casa.<\/p>\n\n\n\n<p><strong>\u201cAqu\u00ed se casan muy pronto, pero yo tengo 27 a\u00f1os y a\u00fan no lo he hecho\u201d<\/strong>, afirma, poniendo&nbsp;el ejemplo de c\u00f3mo est\u00e1n cambiando las cosas. Antes de fallecer su padre, hace cuatro a\u00f1os, le dec\u00eda que una mujer no necesita trabajar. Pero finalmente, cuando se gradu\u00f3,&nbsp;<strong>le explic\u00f3 a su madre la importancia de formarse y ser independiente.&nbsp;<\/strong><\/p>\n\n\n\n<p>En esta sociedad existen muchos desaf\u00edos.&nbsp;<strong>No creen en las mujeres, pero a ella s\u00ed le hacen caso.&nbsp;<\/strong>El jefe de la comunidad, los alba\u00f1iles y las dem\u00e1s mujeres. La respetan y acatan todas sus \u00f3rdenes. Ella encontr\u00f3 en la oeneg\u00e9 una oportunidad y un reto para paliar la falta de agua. Cada vez que se instala un pozo en una aldea hace que reviva.&nbsp;<strong>\u201cEn este pueblo implementamos un pozo poco profundo, incluida la construcci\u00f3n del tanque de agua elevado, la energ\u00eda solar de la instalaci\u00f3n de bombeo, as\u00ed como un bebedero para los animales\u201d<\/strong>, explica a la congregaci\u00f3n. Muchas personas han llegado a esta aldea tras conocer la noticia de la construcci\u00f3n del pozo. \u201cHabr\u00e1 bebederos para cabras, ovejas y camellos\u201d, dice orgullosa. La multitud a su alrededor comprende el significado de lo que dice y aplaude&nbsp;con euforia. Un pu\u00f1ado de hombres se dirigen&nbsp;al pozo y canta mientras sacan&nbsp;agua. Para la aldea de Sincaro, la visita de Hodan representa la lluvia que les esquiva desde hace cinco estaciones.<\/p>\n\n\n\n<figure class=\"wp-block-image is-style-default\"><img decoding=\"async\" src=\"https:\/\/img2.rtve.es\/im\/6774242\/?w=900\" alt=\"Hodan Mohamed, coordinadora del proyecto de agua en Siraco, reunida con los alba\u00f1iles que van a terminar de construir un pozo. \"\/><figcaption>Hodan Mohamed, coordinadora del proyecto de agua en Siraco, reunida con los alba\u00f1iles que van a terminar de construir un pozo.&nbsp;<em>PABLO TOSCO (OXFAM INTERM\u00d3N)<\/em><\/figcaption><\/figure>\n\n\n\n<p>Fuente: <a href=\"https:\/\/www.rtve.es\/noticias\/20230112\/mujeres-frente-cambio-climatico-somalia\/2415310.shtml\">https:\/\/www.rtve.es\/noticias\/20230112\/mujeres-frente-cambio-climatico-somalia\/2415310.shtml<\/a><\/p>\n","protected":false},"excerpt":{"rendered":"<p>Mujeres frente al cambio clim\u00e1tico en Somalia: \u00bfc\u00f3mo vencer la sequ\u00eda con un vaso de agua al d\u00eda? Ellas son [&hellip;]<\/p>\n","protected":false},"author":1,"featured_media":44742,"comment_status":"open","ping_status":"open","sticky":false,"template":"","format":"standard","meta":{"site-sidebar-layout":"default","site-content-layout":"","ast-site-content-layout":"default","site-content-style":"default","site-sidebar-style":"default","ast-global-header-display":"","ast-banner-title-visibility":"","ast-main-header-display":"","ast-hfb-above-header-display":"","ast-hfb-below-header-display":"","ast-hfb-mobile-header-display":"","site-post-title":"","ast-breadcrumbs-content":"","ast-featured-img":"","footer-sml-layout":"","theme-transparent-header-meta":"","adv-header-id-meta":"","stick-header-meta":"","header-above-stick-meta":"","header-main-stick-meta":"","header-below-stick-meta":"","astra-migrate-meta-layouts":"default","ast-page-background-enabled":"default","ast-page-background-meta":{"desktop":{"background-color":"var(--ast-global-color-4)","background-image":"","background-repeat":"repeat","background-position":"center center","background-size":"auto","background-attachment":"scroll","background-type":"","background-media":"","overlay-type":"","overlay-color":"","overlay-opacity":"","overlay-gradient":""},"tablet":{"background-color":"","background-image":"","background-repeat":"repeat","background-position":"center center","background-size":"auto","background-attachment":"scroll","background-type":"","background-media":"","overlay-type":"","overlay-color":"","overlay-opacity":"","overlay-gradient":""},"mobile":{"background-color":"","background-image":"","background-repeat":"repeat","background-position":"center center","background-size":"auto","background-attachment":"scroll","background-type":"","background-media":"","overlay-type":"","overlay-color":"","overlay-opacity":"","overlay-gradient":""}},"ast-content-background-meta":{"desktop":{"background-color":"var(--ast-global-color-5)","background-image":"","background-repeat":"repeat","background-position":"center center","background-size":"auto","background-attachment":"scroll","background-type":"","background-media":"","overlay-type":"","overlay-color":"","overlay-opacity":"","overlay-gradient":""},"tablet":{"background-color":"var(--ast-global-color-5)","background-image":"","background-repeat":"repeat","background-position":"center center","background-size":"auto","background-attachment":"scroll","background-type":"","background-media":"","overlay-type":"","overlay-color":"","overlay-opacity":"","overlay-gradient":""},"mobile":{"background-color":"var(--ast-global-color-5)","background-image":"","background-repeat":"repeat","background-position":"center center","background-size":"auto","background-attachment":"scroll","background-type":"","background-media":"","overlay-type":"","overlay-color":"","overlay-opacity":"","overlay-gradient":""}},"footnotes":""},"categories":[8],"tags":[14618,14617],"class_list":["post-44741","post","type-post","status-publish","format-standard","has-post-thumbnail","hentry","category-noticias","tag-pandemia-de-hambre","tag-somalia"],"_links":{"self":[{"href":"https:\/\/losperiodistas.com.mx\/portal\/wp-json\/wp\/v2\/posts\/44741","targetHints":{"allow":["GET"]}}],"collection":[{"href":"https:\/\/losperiodistas.com.mx\/portal\/wp-json\/wp\/v2\/posts"}],"about":[{"href":"https:\/\/losperiodistas.com.mx\/portal\/wp-json\/wp\/v2\/types\/post"}],"author":[{"embeddable":true,"href":"https:\/\/losperiodistas.com.mx\/portal\/wp-json\/wp\/v2\/users\/1"}],"replies":[{"embeddable":true,"href":"https:\/\/losperiodistas.com.mx\/portal\/wp-json\/wp\/v2\/comments?post=44741"}],"version-history":[{"count":2,"href":"https:\/\/losperiodistas.com.mx\/portal\/wp-json\/wp\/v2\/posts\/44741\/revisions"}],"predecessor-version":[{"id":44744,"href":"https:\/\/losperiodistas.com.mx\/portal\/wp-json\/wp\/v2\/posts\/44741\/revisions\/44744"}],"wp:featuredmedia":[{"embeddable":true,"href":"https:\/\/losperiodistas.com.mx\/portal\/wp-json\/wp\/v2\/media\/44742"}],"wp:attachment":[{"href":"https:\/\/losperiodistas.com.mx\/portal\/wp-json\/wp\/v2\/media?parent=44741"}],"wp:term":[{"taxonomy":"category","embeddable":true,"href":"https:\/\/losperiodistas.com.mx\/portal\/wp-json\/wp\/v2\/categories?post=44741"},{"taxonomy":"post_tag","embeddable":true,"href":"https:\/\/losperiodistas.com.mx\/portal\/wp-json\/wp\/v2\/tags?post=44741"}],"curies":[{"name":"wp","href":"https:\/\/api.w.org\/{rel}","templated":true}]}}