{"id":44737,"date":"2023-01-13T09:53:36","date_gmt":"2023-01-13T15:53:36","guid":{"rendered":"http:\/\/losperiodistas.com.mx\/portal\/?p=44737"},"modified":"2023-01-13T09:53:38","modified_gmt":"2023-01-13T15:53:38","slug":"el-misterio-de-las-cajas-negras-por-que-estaban-en-una-camioneta-tras-el-choque-del-metro-radioformula","status":"publish","type":"post","link":"https:\/\/losperiodistas.com.mx\/portal\/el-misterio-de-las-cajas-negras-por-que-estaban-en-una-camioneta-tras-el-choque-del-metro-radioformula\/","title":{"rendered":"El &#8216;misterio&#8217; de las cajas negras: \u00bfPor qu\u00e9 estaban en &#8216;una camioneta&#8217; tras el choque del Metro? | RadioF\u00f3rmula"},"content":{"rendered":"\n<h2 class=\"has-light-green-cyan-background-color has-background has-medium-font-size wp-block-heading\">El jueves, la jefa de Gobierno de la CDMX, Claudia Sheinbaum, acus\u00f3 que las cajas negras de los trenes que chocaron el s\u00e1bado estaban en una camioneta; pero esta es la explicaci\u00f3n.<\/h2>\n\n\n\n<figure class=\"wp-block-image size-full is-style-default\"><img fetchpriority=\"high\" decoding=\"async\" width=\"960\" height=\"540\" src=\"https:\/\/losperiodistas.com.mx\/portal\/wp-content\/uploads\/2023\/01\/f960x540-628827_702902_0.jpg\" alt=\"\" class=\"wp-image-44738\" srcset=\"https:\/\/losperiodistas.com.mx\/portal\/wp-content\/uploads\/2023\/01\/f960x540-628827_702902_0.jpg 960w, https:\/\/losperiodistas.com.mx\/portal\/wp-content\/uploads\/2023\/01\/f960x540-628827_702902_0-300x169.jpg 300w, https:\/\/losperiodistas.com.mx\/portal\/wp-content\/uploads\/2023\/01\/f960x540-628827_702902_0-768x432.jpg 768w\" sizes=\"(max-width: 960px) 100vw, 960px\" \/><figcaption>Las cajas negras del Metro de la CDMX se retiraron de los trenes tras el choque el s\u00e1bado.Cr\u00e9ditos: Telef\u00f3rmula<\/figcaption><\/figure>\n\n\n\n<p class=\"has-vivid-red-color has-text-color has-medium-font-size\"><strong>LUIS FERNANDO LOZANO \/ RADIO FORMULA<\/strong><\/p>\n\n\n\n<p>Las&nbsp;<a href=\"https:\/\/www.radioformula.com.mx\/cdmx\/2023\/1\/12\/choque-en-metro-policia-hallo-caja-negra-de-linea-en-camioneta-senala-sheinbaum-745785.html\">cajas negras de los trenes que chocaron el pasado s\u00e1bado en la L\u00ednea 3 del Metro<\/a>&nbsp;se volvieron objetos de sospechas este jueves luego de que la jefa de Gobierno de la CDMX, Claudia Sheinbaum, reportara que agentes de la Fiscal\u00eda capitalina las encontraron \u00aben una camioneta\u00bb.<\/p>\n\n\n\n<p>\u00abEl d\u00eda del accidente, que me perdone la Fiscal\u00eda, pero la&nbsp;caja negra del metro, una de las cajas negras del metro, la encontr\u00f3 la polic\u00eda de investigaci\u00f3n\u00bb, dijo incluso para disculparse con la fiscal de la CDMX.<\/p>\n\n\n\n<p>Dicha acotaci\u00f3n levant\u00f3 sospechas del motivo por el que estaban en una camioneta de la cual no se dio mayor informaci\u00f3n, lo que podr\u00eda derivar en hip\u00f3tesis como una posible manipulaci\u00f3n.<\/p>\n\n\n\n<p>Pero, \u00bfpor qu\u00e9 estaban las cajas negras en \u00abuna camioneta\u00bb como describi\u00f3 Claudia Sheinbaum?<\/p>\n\n\n\n<h3 class=\"has-cyan-bluish-gray-background-color has-background wp-block-heading\">TE PODR\u00cdA INTERESAR<\/h3>\n\n\n\n<ul class=\"has-cyan-bluish-gray-background-color has-background wp-block-list\"><li><a href=\"https:\/\/www.radioformula.com.mx\/cdmx\/2023\/1\/13\/sabotaje-al-metro-cdmx-quiza-si-sean-actos-provocados-dice-amlo-745900.html\"><em>INSEGURIDAD<\/em>\u00bfSabotaje al Metro CDMX? Quiz\u00e1 s\u00ed sean actos provocados, dice AMLO<\/a><\/li><\/ul>\n\n\n\n<figure class=\"wp-block-embed is-type-video is-provider-youtube wp-block-embed-youtube wp-embed-aspect-16-9 wp-has-aspect-ratio\"><div class=\"wp-block-embed__wrapper\">\n<iframe title=\"No necesitamos m\u00e1s vigilancia, sino presupuesto para mantenimiento: Sindicato del Metro\" width=\"500\" height=\"281\" src=\"https:\/\/www.youtube.com\/embed\/6Pxx4gF2kaE?feature=oembed\" frameborder=\"0\" allow=\"accelerometer; autoplay; clipboard-write; encrypted-media; gyroscope; picture-in-picture; web-share\" referrerpolicy=\"strict-origin-when-cross-origin\" allowfullscreen><\/iframe>\n<\/div><\/figure>\n\n\n\n<h2 class=\"wp-block-heading\">Los protocolos del Metro para manipular las cajas negras<\/h2>\n\n\n\n<p>Al interior del Metro, se establece que por protocolo de seguridad, en cuanto se presenta un incidente como el choque del pasado s\u00e1bado 7 de enero, en que falleci\u00f3 Yaretzi Adriana Hern\u00e1ndez, y un centenar de personas m\u00e1s resultaron heridas, personal del Metro tiene que retirar las cajas negras.<\/p>\n\n\n\n<p class=\"has-white-color has-black-background-color has-text-color has-background\">\u00abLas cajas negras las retiraron por protocolo; nos informan que las tienen que retirar cuando hay lamentablemente un incidente como el que pas\u00f3 el s\u00e1bado y me comentan que ya se lo explicaron a las autoridades\u00bb, expuso Manuel Feregrino citando a Fernando Espino, secretario general del\u00a0Sindicato Nacional de Trabajadores del Sistema de Transporte Colectivo Metro.<\/p>\n\n\n\n<p>Agreg\u00f3 que esta informaci\u00f3n ya era tambi\u00e9n del conocimiento de la Direcci\u00f3n de Material Rodante de la Direcci\u00f3n del Metro. Adem\u00e1s, refiri\u00f3 que la camioneta donde estaban las cajas negras era de esa \u00e1rea del STC Metro.<\/p>\n\n\n\n<p>Ello porque s\u00f3lo los trabajadores del Metro tienen conocimiento de c\u00f3mo retirar las cajas negras; y una vez retiradas, las llevan a un taller donde se realiza la revisi\u00f3n de su contenido.<\/p>\n\n\n\n<p class=\"has-white-color has-black-background-color has-text-color has-background\"><strong>\u00abLas cajas negras, la Fiscal\u00eda las solicit\u00f3 al personal del STC,\u00a0el \u00e1rea de incidentes relevantes, la que toma nota de estas cajas, las cuales se encontraban una en la camioneta de la Direcci\u00f3n de Asuntos Relevantes, y la otra se desmont\u00f3 del tren impactado en la camioneta del sindicato\u00bb, agreg\u00f3 Espino en voz de Manuel Feregrino.\u00a0<\/strong><\/p>\n\n\n\n<p>A diferencia de las cajas negras de los aviones, dichos dispositivos, acot\u00f3 el periodista, s\u00f3lo tienen informaci\u00f3n de posici\u00f3n de conmutadores de cabina que permiten determinar el modo de conducci\u00f3n, velocidad, estado del servicio de puertas, posici\u00f3n del manipulador en modos manuales, man\u00f3metro de tuber\u00eda de equilibrio, pilotaje autom\u00e1tico, despacho bajo orden, cofre de se\u00f1alizaciones, informaci\u00f3n t\u00e9cnica.<\/p>\n\n\n\n<p class=\"has-white-color has-black-background-color has-text-color has-background\"><strong>\u00abEl personal que retir\u00f3 las cajas son de estructura, son personal de confianza\u00bb, remat\u00f3 el l\u00edder sindical de los trabajadores del Metro.<\/strong><\/p>\n\n\n\n<p>Desde el pasado s\u00e1bado, la investigaci\u00f3n de las causas del choque de dos trenes en la L\u00ednea 3 que caus\u00f3 la muerte de la joven Yaretzi Adriana, de 18 a\u00f1os, est\u00e1 en manos de la Fiscal\u00eda General de Justicia de la CDMX. Esa instancia determinar\u00e1 las responsabilidades de por el percance.\u00a0\u00a0<\/p>\n\n\n\n<p>Fuente: <a href=\"https:\/\/www.radioformula.com.mx\/cdmx\/2023\/1\/13\/el-misterio-de-las-cajas-negras-por-que-estaban-en-una-camioneta-tras-el-choque-del-metro-745903.html\">https:\/\/www.radioformula.com.mx\/cdmx\/2023\/1\/13\/el-misterio-de-las-cajas-negras-por-que-estaban-en-una-camioneta-tras-el-choque-del-metro-745903.html<\/a><\/p>\n","protected":false},"excerpt":{"rendered":"<p>El jueves, la jefa de Gobierno de la CDMX, Claudia Sheinbaum, acus\u00f3 que las cajas negras de los trenes que [&hellip;]<\/p>\n","protected":false},"author":1,"featured_media":44738,"comment_status":"open","ping_status":"open","sticky":false,"template":"","format":"standard","meta":{"site-sidebar-layout":"default","site-content-layout":"","ast-site-content-layout":"default","site-content-style":"default","site-sidebar-style":"default","ast-global-header-display":"","ast-banner-title-visibility":"","ast-main-header-display":"","ast-hfb-above-header-display":"","ast-hfb-below-header-display":"","ast-hfb-mobile-header-display":"","site-post-title":"","ast-breadcrumbs-content":"","ast-featured-img":"","footer-sml-layout":"","theme-transparent-header-meta":"","adv-header-id-meta":"","stick-header-meta":"","header-above-stick-meta":"","header-main-stick-meta":"","header-below-stick-meta":"","astra-migrate-meta-layouts":"default","ast-page-background-enabled":"default","ast-page-background-meta":{"desktop":{"background-color":"var(--ast-global-color-4)","background-image":"","background-repeat":"repeat","background-position":"center center","background-size":"auto","background-attachment":"scroll","background-type":"","background-media":"","overlay-type":"","overlay-color":"","overlay-opacity":"","overlay-gradient":""},"tablet":{"background-color":"","background-image":"","background-repeat":"repeat","background-position":"center center","background-size":"auto","background-attachment":"scroll","background-type":"","background-media":"","overlay-type":"","overlay-color":"","overlay-opacity":"","overlay-gradient":""},"mobile":{"background-color":"","background-image":"","background-repeat":"repeat","background-position":"center center","background-size":"auto","background-attachment":"scroll","background-type":"","background-media":"","overlay-type":"","overlay-color":"","overlay-opacity":"","overlay-gradient":""}},"ast-content-background-meta":{"desktop":{"background-color":"var(--ast-global-color-5)","background-image":"","background-repeat":"repeat","background-position":"center center","background-size":"auto","background-attachment":"scroll","background-type":"","background-media":"","overlay-type":"","overlay-color":"","overlay-opacity":"","overlay-gradient":""},"tablet":{"background-color":"var(--ast-global-color-5)","background-image":"","background-repeat":"repeat","background-position":"center center","background-size":"auto","background-attachment":"scroll","background-type":"","background-media":"","overlay-type":"","overlay-color":"","overlay-opacity":"","overlay-gradient":""},"mobile":{"background-color":"var(--ast-global-color-5)","background-image":"","background-repeat":"repeat","background-position":"center center","background-size":"auto","background-attachment":"scroll","background-type":"","background-media":"","overlay-type":"","overlay-color":"","overlay-opacity":"","overlay-gradient":""}},"footnotes":""},"categories":[8],"tags":[14685,14581],"class_list":["post-44737","post","type-post","status-publish","format-standard","has-post-thumbnail","hentry","category-noticias","tag-cajas-negras","tag-metro-linea-3"],"_links":{"self":[{"href":"https:\/\/losperiodistas.com.mx\/portal\/wp-json\/wp\/v2\/posts\/44737","targetHints":{"allow":["GET"]}}],"collection":[{"href":"https:\/\/losperiodistas.com.mx\/portal\/wp-json\/wp\/v2\/posts"}],"about":[{"href":"https:\/\/losperiodistas.com.mx\/portal\/wp-json\/wp\/v2\/types\/post"}],"author":[{"embeddable":true,"href":"https:\/\/losperiodistas.com.mx\/portal\/wp-json\/wp\/v2\/users\/1"}],"replies":[{"embeddable":true,"href":"https:\/\/losperiodistas.com.mx\/portal\/wp-json\/wp\/v2\/comments?post=44737"}],"version-history":[{"count":1,"href":"https:\/\/losperiodistas.com.mx\/portal\/wp-json\/wp\/v2\/posts\/44737\/revisions"}],"predecessor-version":[{"id":44740,"href":"https:\/\/losperiodistas.com.mx\/portal\/wp-json\/wp\/v2\/posts\/44737\/revisions\/44740"}],"wp:featuredmedia":[{"embeddable":true,"href":"https:\/\/losperiodistas.com.mx\/portal\/wp-json\/wp\/v2\/media\/44738"}],"wp:attachment":[{"href":"https:\/\/losperiodistas.com.mx\/portal\/wp-json\/wp\/v2\/media?parent=44737"}],"wp:term":[{"taxonomy":"category","embeddable":true,"href":"https:\/\/losperiodistas.com.mx\/portal\/wp-json\/wp\/v2\/categories?post=44737"},{"taxonomy":"post_tag","embeddable":true,"href":"https:\/\/losperiodistas.com.mx\/portal\/wp-json\/wp\/v2\/tags?post=44737"}],"curies":[{"name":"wp","href":"https:\/\/api.w.org\/{rel}","templated":true}]}}