{"id":44732,"date":"2023-01-13T09:43:55","date_gmt":"2023-01-13T15:43:55","guid":{"rendered":"http:\/\/losperiodistas.com.mx\/portal\/?p=44732"},"modified":"2023-01-13T09:43:57","modified_gmt":"2023-01-13T15:43:57","slug":"los-datos-confirman-lo-que-exxon-sabia-y-no-dijo-sobre-el-calentamiento-global-vozpopuli","status":"publish","type":"post","link":"https:\/\/losperiodistas.com.mx\/portal\/los-datos-confirman-lo-que-exxon-sabia-y-no-dijo-sobre-el-calentamiento-global-vozpopuli\/","title":{"rendered":"Los datos confirman lo que Exxon sab\u00eda (y no dijo) sobre el calentamiento global | VozP\u00f3puli"},"content":{"rendered":"\n<h2 class=\"has-luminous-vivid-amber-background-color has-background has-medium-font-size wp-block-heading\">Las proyecciones clim\u00e1ticas elaboradas por los investigadores de ExxonMobil entre 1977 y 2003 predec\u00edan con precisi\u00f3n el posterior calentamiento del planeta, seg\u00fan revela un estudio de la Universidad de Harvard.<\/h2>\n\n\n\n<div class=\"wp-block-image is-style-default\"><figure class=\"aligncenter size-large\"><img fetchpriority=\"high\" decoding=\"async\" width=\"1024\" height=\"576\" src=\"https:\/\/losperiodistas.com.mx\/portal\/wp-content\/uploads\/2023\/01\/refinery-g4389101bd_1920-e1673554130589-1024x576.jpg\" alt=\"\" class=\"wp-image-44733\" srcset=\"https:\/\/losperiodistas.com.mx\/portal\/wp-content\/uploads\/2023\/01\/refinery-g4389101bd_1920-e1673554130589-1024x576.jpg 1024w, https:\/\/losperiodistas.com.mx\/portal\/wp-content\/uploads\/2023\/01\/refinery-g4389101bd_1920-e1673554130589-300x169.jpg 300w, https:\/\/losperiodistas.com.mx\/portal\/wp-content\/uploads\/2023\/01\/refinery-g4389101bd_1920-e1673554130589-768x432.jpg 768w, https:\/\/losperiodistas.com.mx\/portal\/wp-content\/uploads\/2023\/01\/refinery-g4389101bd_1920-e1673554130589-1536x864.jpg 1536w, https:\/\/losperiodistas.com.mx\/portal\/wp-content\/uploads\/2023\/01\/refinery-g4389101bd_1920-e1673554130589.jpg 1600w\" sizes=\"(max-width: 1024px) 100vw, 1024px\" \/><figcaption>Los datos confirman lo que Exxon sab\u00eda (y no dijo) sobre el calentamiento global\u00a0<em>Pixabay<\/em><\/figcaption><\/figure><\/div>\n\n\n\n<p class=\"has-vivid-red-color has-text-color has-medium-font-size\"><strong>SINC \/ VOZP\u00d3PULI<\/strong><\/p>\n\n\n\n<p>Es conocido que \u201c<strong><a href=\"https:\/\/www.vozpopuli.com\/tag\/petroleras\">Exxon sab\u00eda<\/a><\/strong>\u201d hace medio siglo las amenazas del&nbsp;<strong>calentamiento global<\/strong>&nbsp;(incluso hay diversas&nbsp;<a href=\"https:\/\/exxonknew.org\/\" target=\"_blank\" rel=\"noreferrer noopener\">iniciativas<\/a>&nbsp;para denunciarlo e investigarlo), pero ahora cient\u00edficos de la Universidad de Harvard (EE UU) y del Instituto Potsdam para la Investigaci\u00f3n del Impacto Clim\u00e1tico (Alemania) ponen n\u00fameros a esa afirmaci\u00f3n.<\/p>\n\n\n\n<p class=\"has-cyan-bluish-gray-background-color has-background\">M\u00c1S INFO<\/p>\n\n\n\n<ul class=\"wp-block-list\"><li><img decoding=\"async\" src=\"https:\/\/media.vozpopuli.com\/2022\/11\/EuropaPress_4821398_19_november_2022_egypt_sharm_el_sheikh_climate_activists_hold_placards_and-e1668939401731-300x169.jpg\"><\/li><li><a href=\"https:\/\/www.vozpopuli.com\/internacional\/ue-decepcionada-acuerdo-climatico-cop27.html\"><\/a><a href=\"https:\/\/www.vozpopuli.com\/internacional\/ue-decepcionada-acuerdo-climatico-cop27.html\">La UE, \u00abdecepcionada\u00bb por el acuerdo clim\u00e1tico en la COP27<\/a><\/li><li><a href=\"https:\/\/www.vozpopuli.com\/next\/ipcc-encuesta-nature.html\">Lo que los cient\u00edficos del IPCC opinan en privado: habr\u00e1 cambios catastr\u00f3ficos<\/a><\/li><\/ul>\n\n\n\n<p>En esta&nbsp;primera evaluaci\u00f3n sistem\u00e1tica de las proyecciones clim\u00e1ticas de la industria de los combustibles f\u00f3siles confirman lo que&nbsp;<strong>ExxonMobil<\/strong>&nbsp;\u2013una de las mayores empresas de petr\u00f3leo y gas del mundo\u2013 conoc\u00eda desde la d\u00e9cada de los 70: que la&nbsp;<strong>quema de combustibles f\u00f3siles<\/strong>&nbsp;provocar\u00eda un calentamiento global de unos 0,20 \u00b0C por d\u00e9cada.<\/p>\n\n\n\n<p>Las conclusiones, publicadas en la revista&nbsp;<a href=\"https:\/\/www.science.org\/doi\/10.1126\/science.abk0063\" target=\"_blank\" rel=\"noreferrer noopener\"><em>Science<\/em><\/a>&nbsp;y resumidas en un gr\u00e1fico con todas las proyecciones de calentamiento global comunicadas por los investigadores de la petrolera estadounidense entre 1977 y 2003, se basan en an\u00e1lisis estad\u00edsticos de&nbsp;<strong>datos nunca antes revelados y ocultos<\/strong>&nbsp;en los propios documentos de la empresa, as\u00ed como en art\u00edculos cient\u00edficos de esa \u00e9poca y a\u00f1os posteriores.<\/p>\n\n\n\n<p>Al sumergirse en los datos de Exxon, el estudio revela que la compa\u00f1\u00eda sab\u00eda el calentamiento que se producir\u00eda con una precisi\u00f3n asombrosa. \u201cLa mayor\u00eda de sus previsiones coincid\u00edan con las observaciones realizadas despu\u00e9s\u201d, indica el trabajo, \u201cy sus proyecciones tambi\u00e9n eran&nbsp;<strong>coherentes con las de los modelos acad\u00e9micos y gubernamentales<\/strong>&nbsp;independientes, o al menos tan exactas como estas\u201d, a pesar de los esfuerzos de la petrolera para sembrar incertidumbre y duda.<\/p>\n\n\n\n<p>Utilizando las t\u00e9cnicas estad\u00edsticas establecidas por el Grupo Intergubernamental de Expertos sobre el Cambio Clim\u00e1tico (<strong>IPCC<\/strong>), el estudio concluye que&nbsp;<strong>entre el 63 % y el 83 %<\/strong>&nbsp;de las proyecciones de calentamiento global comunicadas por los cient\u00edficos de ExxonMobil coincid\u00edan con las temperaturas observadas posteriormente. Adem\u00e1s, ten\u00edan una \u201cpuntuaci\u00f3n de habilidad\u201d media del 72 %.<\/p>\n\n\n\n<blockquote class=\"wp-block-quote has-text-align-center is-layout-flow wp-block-quote-is-layout-flow\"><p><strong><em>ExxonMobil predijo con exactitud cu\u00e1ndo se detectar\u00eda por primera vez el calentamiento global \u00a0<\/em><\/strong><\/p><\/blockquote>\n\n\n\n<p>Por comparar, las previsiones sobre el calentamiento de James Hansen, el cient\u00edfico de la NASA que las present\u00f3 ante el Congreso de Estados Unidos en 1988, ten\u00edan puntuaciones que oscilaban entre el 38 % y el 66 %.<\/p>\n\n\n\n<p>El estudio concluye que ExxonMobil \u201ctambi\u00e9n rechaz\u00f3 correctamente la perspectiva de una pr\u00f3xima era glacial, predijo con exactitud cu\u00e1ndo se detectar\u00eda por primera vez el calentamiento global provocado por el hombre y estim\u00f3 razonablemente el \u2018<a href=\"https:\/\/es.wikipedia.org\/wiki\/Presupuesto_de_carbono\" target=\"_blank\" rel=\"noreferrer noopener\">presupuesto de carbono<\/a>\u2019 para mantener el calentamiento por debajo de 2 \u00b0C\u201d. En cada uno de estos puntos, sin embargo, \u201clas declaraciones p\u00fablicas de la empresa sobre la ciencia del clima contradec\u00edan sus propios datos cient\u00edficos\u201d.<\/p>\n\n\n\n<h2 class=\"wp-block-heading\">\u00bfMinti\u00f3 Exxon?<\/h2>\n\n\n\n<p>\u201cComo historiadores de la ciencia, no utilizamos la palabra \u201c<strong>mentira<\/strong>\u201d a la ligera, porque implica intencionalidad, que es dif\u00edcil de probar, y sugiere que la empresa ni una sola vez represent\u00f3 fielmente la realidad, lo que no es exactamente el caso\u201d, explica a SINC el autor principal,&nbsp;<strong>Geoffrey Supran<\/strong>, profesor asociado de la Universidad de Harvard y que a partir de este a\u00f1o lo ser\u00e1 de la Universidad de Miami.<\/p>\n\n\n\n<p>\u201cLo que s\u00ed es cierto es que la empresa &#8216;<strong>enga\u00f1\u00f3<\/strong>&#8216; al p\u00fablico y a los responsables pol\u00edticos sobre la ciencia clim\u00e1tica y sus implicaciones \u2013subraya\u2013. En este punto, somos muy expl\u00edcitos en nuestras conclusiones: La compa\u00f1\u00eda contribuy\u00f3 de forma precisa, h\u00e1bil y discreta a la ciencia del clima, al tiempo que proclamaba la duda sobre esa ciencia\u201d.&nbsp;<\/p>\n\n\n\n<blockquote class=\"wp-block-quote has-text-align-center is-layout-flow wp-block-quote-is-layout-flow\"><p><strong><em>La empresa enga\u00f1\u00f3 al p\u00fablico y a los pol\u00edticos sobre la ciencia clim\u00e1tica y sus implicaciones\u00a0<\/em><\/strong><\/p><\/blockquote>\n\n\n\n<p>Aunque el profesor aclara que esto no quiere decir que ExxonMobil y otras empresas petroleras y de gas no hayan mentido expl\u00edcitamente en otras ocasiones sobre el cambio clim\u00e1tico: \u201cLo han hecho. Como informamos&nbsp;<a href=\"https:\/\/es.wikipedia.org\/wiki\/Naomi_Oreskes\" target=\"_blank\" rel=\"noreferrer noopener\">Naomi Oreskes<\/a>&nbsp;y yo en el&nbsp;<a href=\"https:\/\/www.bostonglobe.com\/2021\/11\/04\/opinion\/big-oil-misleads-congress-about-its-role-climate-crisis\/\" target=\"_blank\" rel=\"noreferrer noopener\">Boston Globe<\/a>, los consejeros delegados mintieron bajo juramento ante el Congreso de Estados Unidos sobre su historial de comunicaciones p\u00fablicas sobre el cambio clim\u00e1tico\u201d.<\/p>\n\n\n\n<h2 class=\"wp-block-heading\">El clavo en el ata\u00fad de las reclamaciones de la petrolera&nbsp;<\/h2>\n\n\n\n<p>Los autores destacan que sus hallazgos \u201c<strong>corroboran y a\u00f1aden precisi\u00f3n cuantitativa<\/strong>&nbsp;a las afirmaciones de acad\u00e9micos, periodistas, abogados, pol\u00edticos y otros de que ExxonMobil previ\u00f3 con exactitud la amenaza del calentamiento global causado por el hombre, tanto antes como paralelamente a la orquestaci\u00f3n de campa\u00f1as de presi\u00f3n y propaganda para retrasar la acci\u00f3n clim\u00e1tica, y refutan las&nbsp;<a href=\"https:\/\/perma.cc\/6GWL-V89E\" target=\"_blank\" rel=\"noreferrer noopener\">declaraciones de Exxon<\/a>&nbsp;y sus defensores de que esas afirmaciones eran incorrectas\u201d.<\/p>\n\n\n\n<blockquote class=\"wp-block-quote has-text-align-center is-layout-flow wp-block-quote-is-layout-flow\"><p><strong><em>Se corroboran que ExxonMobil previ\u00f3 con exactitud la amenaza del calentamiento global<\/em><\/strong>\u00a0<\/p><\/blockquote>\n\n\n\n<p>\u201cEste es el clavo en el ata\u00fad de las reclamaciones de ExxonMobil en las que dec\u00eda que hab\u00edan sido falsamente acusados de&nbsp;<strong>prevaricaci\u00f3n clim\u00e1tica<\/strong>\u201d, comenta&nbsp;Supran, \u201cnuestro an\u00e1lisis muestra que sus propios datos contradec\u00edan sus declaraciones p\u00fablicas, que inclu\u00edan exagerar las incertidumbres, criticar los modelos clim\u00e1ticos, mitificar el enfriamiento global y fingir ignorancia sobre cu\u00e1ndo&nbsp;\u2013o si\u2013&nbsp;el calentamiento global causado por el hombre ser\u00eda mensurable, todo mientras permanec\u00eda en silencio sobre la amenaza de los activos de combustibles f\u00f3siles\u201d.<\/p>\n\n\n\n<p>El profesor comenta a SINC que no han comunicado sus resultados a ExxonMobil porque \u201cno es una pr\u00e1ctica acad\u00e9mica solicitar sus comentarios, como ocurre en periodismo\u201d y reitera que este trabajo puede ayudar a informar al \u201ccreciente n\u00famero de iniciativas \u2013incluyendo litigios, investigaciones pol\u00edticas y activismo de base\u2013 que exigen que la industria del petr\u00f3leo y el gas\u00a0<strong>rinda cuentas por su historial de enga\u00f1os<\/strong>\u00a0y da\u00f1os clim\u00e1ticos\u201d.<\/p>\n\n\n\n<p>Fuente: <a href=\"https:\/\/www.vozpopuli.com\/next\/exxon-mentiras-calentamiento-global.html\">https:\/\/www.vozpopuli.com\/next\/exxon-mentiras-calentamiento-global.html<\/a><\/p>\n\n\n\n<p><a href=\"https:\/\/www.facebook.com\/vozpopulidigital\"><\/a><a href=\"https:\/\/twitter.com\/intent\/follow?screen_name=voz_populi\"><\/a><\/p>\n\n\n\n<hr class=\"wp-block-separator\"\/>\n","protected":false},"excerpt":{"rendered":"<p>Las proyecciones clim\u00e1ticas elaboradas por los investigadores de ExxonMobil entre 1977 y 2003 predec\u00edan con precisi\u00f3n el posterior calentamiento del [&hellip;]<\/p>\n","protected":false},"author":1,"featured_media":44733,"comment_status":"open","ping_status":"open","sticky":false,"template":"","format":"standard","meta":{"site-sidebar-layout":"default","site-content-layout":"","ast-site-content-layout":"default","site-content-style":"default","site-sidebar-style":"default","ast-global-header-display":"","ast-banner-title-visibility":"","ast-main-header-display":"","ast-hfb-above-header-display":"","ast-hfb-below-header-display":"","ast-hfb-mobile-header-display":"","site-post-title":"","ast-breadcrumbs-content":"","ast-featured-img":"","footer-sml-layout":"","theme-transparent-header-meta":"","adv-header-id-meta":"","stick-header-meta":"","header-above-stick-meta":"","header-main-stick-meta":"","header-below-stick-meta":"","astra-migrate-meta-layouts":"default","ast-page-background-enabled":"default","ast-page-background-meta":{"desktop":{"background-color":"var(--ast-global-color-4)","background-image":"","background-repeat":"repeat","background-position":"center center","background-size":"auto","background-attachment":"scroll","background-type":"","background-media":"","overlay-type":"","overlay-color":"","overlay-opacity":"","overlay-gradient":""},"tablet":{"background-color":"","background-image":"","background-repeat":"repeat","background-position":"center center","background-size":"auto","background-attachment":"scroll","background-type":"","background-media":"","overlay-type":"","overlay-color":"","overlay-opacity":"","overlay-gradient":""},"mobile":{"background-color":"","background-image":"","background-repeat":"repeat","background-position":"center center","background-size":"auto","background-attachment":"scroll","background-type":"","background-media":"","overlay-type":"","overlay-color":"","overlay-opacity":"","overlay-gradient":""}},"ast-content-background-meta":{"desktop":{"background-color":"var(--ast-global-color-5)","background-image":"","background-repeat":"repeat","background-position":"center center","background-size":"auto","background-attachment":"scroll","background-type":"","background-media":"","overlay-type":"","overlay-color":"","overlay-opacity":"","overlay-gradient":""},"tablet":{"background-color":"var(--ast-global-color-5)","background-image":"","background-repeat":"repeat","background-position":"center center","background-size":"auto","background-attachment":"scroll","background-type":"","background-media":"","overlay-type":"","overlay-color":"","overlay-opacity":"","overlay-gradient":""},"mobile":{"background-color":"var(--ast-global-color-5)","background-image":"","background-repeat":"repeat","background-position":"center center","background-size":"auto","background-attachment":"scroll","background-type":"","background-media":"","overlay-type":"","overlay-color":"","overlay-opacity":"","overlay-gradient":""}},"footnotes":""},"categories":[8],"tags":[6937,5360,14684,9676],"class_list":["post-44732","post","type-post","status-publish","format-standard","has-post-thumbnail","hentry","category-noticias","tag-calentamiento-global","tag-combustibles-fosiles","tag-exxonmobil","tag-harvard"],"_links":{"self":[{"href":"https:\/\/losperiodistas.com.mx\/portal\/wp-json\/wp\/v2\/posts\/44732","targetHints":{"allow":["GET"]}}],"collection":[{"href":"https:\/\/losperiodistas.com.mx\/portal\/wp-json\/wp\/v2\/posts"}],"about":[{"href":"https:\/\/losperiodistas.com.mx\/portal\/wp-json\/wp\/v2\/types\/post"}],"author":[{"embeddable":true,"href":"https:\/\/losperiodistas.com.mx\/portal\/wp-json\/wp\/v2\/users\/1"}],"replies":[{"embeddable":true,"href":"https:\/\/losperiodistas.com.mx\/portal\/wp-json\/wp\/v2\/comments?post=44732"}],"version-history":[{"count":1,"href":"https:\/\/losperiodistas.com.mx\/portal\/wp-json\/wp\/v2\/posts\/44732\/revisions"}],"predecessor-version":[{"id":44736,"href":"https:\/\/losperiodistas.com.mx\/portal\/wp-json\/wp\/v2\/posts\/44732\/revisions\/44736"}],"wp:featuredmedia":[{"embeddable":true,"href":"https:\/\/losperiodistas.com.mx\/portal\/wp-json\/wp\/v2\/media\/44733"}],"wp:attachment":[{"href":"https:\/\/losperiodistas.com.mx\/portal\/wp-json\/wp\/v2\/media?parent=44732"}],"wp:term":[{"taxonomy":"category","embeddable":true,"href":"https:\/\/losperiodistas.com.mx\/portal\/wp-json\/wp\/v2\/categories?post=44732"},{"taxonomy":"post_tag","embeddable":true,"href":"https:\/\/losperiodistas.com.mx\/portal\/wp-json\/wp\/v2\/tags?post=44732"}],"curies":[{"name":"wp","href":"https:\/\/api.w.org\/{rel}","templated":true}]}}