{"id":4473,"date":"2021-02-12T08:17:56","date_gmt":"2021-02-12T14:17:56","guid":{"rendered":"http:\/\/losperiodistas.com.mx\/portal\/?p=4473"},"modified":"2021-02-12T08:17:56","modified_gmt":"2021-02-12T14:17:56","slug":"el-disparate-del-uso-combinado-de-vacunas-diferentes-contra-covid-19-sdp","status":"publish","type":"post","link":"https:\/\/losperiodistas.com.mx\/portal\/el-disparate-del-uso-combinado-de-vacunas-diferentes-contra-covid-19-sdp\/","title":{"rendered":"El disparate del uso combinado de vacunas diferentes contra Covid-19 | SDP"},"content":{"rendered":"\n<p style=\"font-size:18px\"><em>Estudios que combinan dosis de vacunas, que el subsecretario dice que ley\u00f3\u2026. todav\u00eda no se hacen. Ya empezaron, tardar\u00e1n 13 meses.<\/em><\/p>\n\n\n\n<p class=\"has-vivid-cyan-blue-color has-text-color has-medium-font-size\">DRA. IRMA AGUILAR DELFIN \/ SDP <a href=\"https:\/\/twitter.com\/dyctiostelium\"> @dyctiostelium<\/a><\/p>\n\n\n\n<p id=\"m98-97-99\">El titular de ayer me dej\u00f3 temblando:&nbsp;<strong>\u201cel subsecretario\u201d<\/strong>&nbsp;(no digo su nombre por la misma raz\u00f3n por la que uno no dice los nombres de los asesinos que disparan en escuelas)&nbsp;<strong>\u201cniega que combinar vacunas contra Covid-19 represente un problema\u201d<\/strong>.\u201cDestac\u00f3 que contrario a lo que se podr\u00eda pensar sobre el uso combinado de diferentes vacunas contra el coronavirus Covid-19, le mezcla en las esquemas de 2 dosis de los biol\u00f3gicos no representa ninguna desventaja para la eficacia final de los productos\u201d.<br>\u200b\u201cIncluso estudios que se han centrado en analizar el funcionamiento que las vacunas combinadas pueden tener, han arrojado resultados preliminares en los que se asienta que el nivel de efectividad podr\u00eda llegar a ser mayor\u201d.Subsecretario de Salud<\/p>\n\n\n\n<p id=\"m123-122-124\">Lo que la&nbsp;<strong>comunidad cient\u00edfica<\/strong>&nbsp;y los comit\u00e9s nacionales de&nbsp;<strong>vacunaci\u00f3n<\/strong>&nbsp;han dicho es justo lo contrario.<\/p>\n\n\n\n<p id=\"m128-127-129\"><strong>\u00bfEl subsecretario no sabe leer?<\/strong>&nbsp;\u00bfNo llev\u00f3 lectura de comprensi\u00f3n en la primaria? \u00bfEs porque la informaci\u00f3n est\u00e1 en ingl\u00e9s?<\/p>\n\n\n\n<p id=\"m133-132-134\">Les traduzco aqu\u00ed p\u00e1rrafos de documentos que uno puede encontrar simplemente usando&nbsp;<em><strong>Google<\/strong><\/em>:\u201cJCVI recomienda que la segunda dosis de vacuna debe ser con la misma vacuna que se administr\u00f3 en la primera dosis. Mezclar esquemas de vacunas o dejar de administrar la segunda dosis no es recomendable porque puede afectar la duraci\u00f3n de la protecci\u00f3n\u201d.<br>Joint Committee for Vaccination and Immunization, Gobierno del Reino Unido\u201c\u2026sugerir cambios a los esquemas de dosis y tiempos de estas vacunas es prematuro y no est\u00e1 apoyado por la evidencia disponible. Sin datos apropiados que apoyen cambios en la administraci\u00f3n de las vacunas, corremos un riesgo significativo de poner la salud p\u00fablica en riesgo, y de afectar los esfuerzos hist\u00f3ricos de vacunaci\u00f3n que se llevan a cabo para proteger a la poblaci\u00f3n de covid-19.\u201d<br>\u201cSabemos que algunas de estas discusiones acerca de cambiar los esquemas de dosificaci\u00f3n se basan en la creencia de que hacerlo puede ayudar a llevar m\u00e1s vacuna a un mayor n\u00famero de personas m\u00e1s r\u00e1pido. Sin embargo, hacer cambios que no est\u00e1n apoyados por evidencia cient\u00edfica adecuada puede acabar siendo contraproducente para la salud p\u00fablica.\u201d<br>\u201cNos hemos comprometido una y otra vez a tomar decisiones basadas en datos y ciencia. Hasta que los fabricantes de las vacunas tengan datos y ciencia que apoyen un cambio, seguiremos recomendando fuertemente que el personal de salud siga el esquema autorizado para cada vacuna contra COVID19.\u201d<br>-Stephen M. Hahn M.D., comisionado de la FDA,<br>-Peter Marks M.D., PhD., director del CBER (Centro para Evaluaci\u00f3n e Investigaci\u00f3n de Biol\u00f3gicos)<\/p>\n\n\n\n<p id=\"m168-167-169\">Y en cuanto a los&nbsp;<strong>estudios en los que se combinan dosis de vacunas<\/strong>, que el subsecretario dice que ley\u00f3 y que tienen buenos resultados\u2026.&nbsp;<strong>todav\u00eda no se hacen<\/strong>.<\/p>\n\n\n\n<p id=\"m173-172-174\">Les explico: la noticia de la semana pasada en&nbsp;<strong>CNN Londres&nbsp;<\/strong>es que un grupo de investigadores brit\u00e1nicos est\u00e1n empezando a abordar la pregunta de si&nbsp;<em><strong>tal vez-qui\u00e9n sabe-a lo mejor&nbsp;<\/strong><\/em>pueda ser apropiado administrar esquemas que combinen las dosis de las vacunas de&nbsp;<strong>AstraZeneca y Pfizer.<\/strong>&nbsp;Est\u00e1n reclutando participantes para un estudio en el que se analice de manera muy rigurosa el efecto de administrar diferentes combinaciones separadas por diferentes intervalos de tiempo. Pero s\u00f3lo para esas DOS vacunas: Pfizer y Astra Zeneca. No&nbsp;<strong>SputnikV, CanSino y Sinovac<\/strong>, que el Reino Unido no ha autorizado ni autorizar\u00e1 jam\u00e1s.&nbsp;<strong>Y el estudio va a durar 13 meses<\/strong>, as\u00ed que no se van a tener resultados definitivos sino hasta marzo del 2022.<\/p>\n\n\n\n<p id=\"m178-177-179\">Como pueden ver, y usando justo las palabras que el subsecretario \u201csus supuestos parecen anticiparse a la realidad y no est\u00e1n fundamentados\u201d.<\/p>\n\n\n\n<p id=\"m183-182-184\">Es crucial que se revierta la decisi\u00f3n, que parece ya estar tomada, de que se administren las vacunas al ah\u00ed se va, la que haya y cuando se pueda.<\/p>\n\n\n\n<p id=\"m188-187-189\"><strong>Las vacunas contra covid son herramientas inmunol\u00f3gicas&nbsp;<\/strong>de exquisita precisi\u00f3n, es una barbaridad decidir tirar todo el cuidadoso esquema por la borda y&nbsp;<em>aplicar de chile, de dulce y de manteca<\/em>, como si la \u00fanica diferencia fuera la marca.<\/p>\n\n\n\n<p id=\"m193-192-194\">Tal vez una analog\u00eda con autos sirve para iluminar el asunto. Ciertamente todas son vacunas y todas sirven para proteger contra&nbsp;<strong>covid<\/strong>. Pero la vacuna Pfizer es de&nbsp;<strong>ARN mensajero<\/strong>, la de Oxford\/AstraZeneca de un&nbsp;<strong>adenovirus de chimpanc\u00e9<\/strong>, la de&nbsp;<strong>Sputnik<\/strong>&nbsp;de&nbsp;<strong>dos adenovirus humanos<\/strong>&nbsp;que deben aplicarse en una secuencia espec\u00edfica (Ad26-&gt;Ad5), la de CanSino es una sola dosis de Ad5 y la de Sinovac es un&nbsp;<strong>coronavirus inactivado<\/strong>. Aunque no sepan mucha biolog\u00eda les parecer\u00e1 claro que son cosas distintas.<\/p>\n\n\n\n<p id=\"m198-197-199\">Imag\u00ednense que fueran autom\u00f3viles: todos los autom\u00f3viles son piezas de ingenier\u00eda que sirven para ir del punto A al punto B. Basados en sus pa\u00edses de origen, digamos que la de Pfizer\/BioNTech es un BMW, la de Oxford\/Zeneca un Rolls Royce, la Sputnik un Lada, las de CanSino y SinoVac un FAW. Ahora imag\u00ednense que a cada uno de ustedes les dan un auto, pero el esquema es d\u00e1rselos en dos partes: primero una mitad y luego de algunas semanas la otra. Medio BMW hoy y en 21 d\u00edas la mitad que falta, y as\u00ed igual para todos, con los esquemas de intervalo de dosis dise\u00f1ados para cada quien.<\/p>\n\n\n\n<p id=\"m203-202-204\">Lo que el subsecretario est\u00e1 sugiriendo hacer es que cada quien acabe con dos mitades de autom\u00f3vil que ni idea si puedan funcionar juntas. Yo s\u00e9 bastante poco de mec\u00e1nica de autos pero tengo la impresi\u00f3n de que un h\u00edbrido \u201cmedio BMW-medio FAW\u201d puede no poder llevarme del punto A al punto B. Pues hagan de cuenta un esquema combinado de vacunas.<\/p>\n\n\n\n<p id=\"m208-207-209\">La emergencia y la desgracia en la que estamos sumergidos hacen indispensable que usemos las pocas herramientas que tenemos de la manera m\u00e1s cuidadosa posible y no al ah\u00ed se va.<\/p>\n\n\n\n<p>Fuente: https:\/\/www.sdpnoticias.com\/amp\/columnas\/irma-aguilar-delfin-el-disparate-del-uso-combinado-de-vacunas-diferentes-contra-covid.html?__twitter_impression=true<\/p>\n","protected":false},"excerpt":{"rendered":"<p>Estudios que combinan dosis de vacunas, que el subsecretario dice que ley\u00f3\u2026. todav\u00eda no se hacen. Ya empezaron, tardar\u00e1n 13 [&hellip;]<\/p>\n","protected":false},"author":1,"featured_media":4474,"comment_status":"open","ping_status":"open","sticky":false,"template":"","format":"standard","meta":{"site-sidebar-layout":"default","site-content-layout":"","ast-site-content-layout":"default","site-content-style":"default","site-sidebar-style":"default","ast-global-header-display":"","ast-banner-title-visibility":"","ast-main-header-display":"","ast-hfb-above-header-display":"","ast-hfb-below-header-display":"","ast-hfb-mobile-header-display":"","site-post-title":"","ast-breadcrumbs-content":"","ast-featured-img":"","footer-sml-layout":"","theme-transparent-header-meta":"","adv-header-id-meta":"","stick-header-meta":"","header-above-stick-meta":"","header-main-stick-meta":"","header-below-stick-meta":"","astra-migrate-meta-layouts":"default","ast-page-background-enabled":"default","ast-page-background-meta":{"desktop":{"background-color":"var(--ast-global-color-4)","background-image":"","background-repeat":"repeat","background-position":"center center","background-size":"auto","background-attachment":"scroll","background-type":"","background-media":"","overlay-type":"","overlay-color":"","overlay-opacity":"","overlay-gradient":""},"tablet":{"background-color":"","background-image":"","background-repeat":"repeat","background-position":"center center","background-size":"auto","background-attachment":"scroll","background-type":"","background-media":"","overlay-type":"","overlay-color":"","overlay-opacity":"","overlay-gradient":""},"mobile":{"background-color":"","background-image":"","background-repeat":"repeat","background-position":"center center","background-size":"auto","background-attachment":"scroll","background-type":"","background-media":"","overlay-type":"","overlay-color":"","overlay-opacity":"","overlay-gradient":""}},"ast-content-background-meta":{"desktop":{"background-color":"var(--ast-global-color-5)","background-image":"","background-repeat":"repeat","background-position":"center center","background-size":"auto","background-attachment":"scroll","background-type":"","background-media":"","overlay-type":"","overlay-color":"","overlay-opacity":"","overlay-gradient":""},"tablet":{"background-color":"var(--ast-global-color-5)","background-image":"","background-repeat":"repeat","background-position":"center center","background-size":"auto","background-attachment":"scroll","background-type":"","background-media":"","overlay-type":"","overlay-color":"","overlay-opacity":"","overlay-gradient":""},"mobile":{"background-color":"var(--ast-global-color-5)","background-image":"","background-repeat":"repeat","background-position":"center center","background-size":"auto","background-attachment":"scroll","background-type":"","background-media":"","overlay-type":"","overlay-color":"","overlay-opacity":"","overlay-gradient":""}},"footnotes":""},"categories":[8],"tags":[],"class_list":["post-4473","post","type-post","status-publish","format-standard","has-post-thumbnail","hentry","category-noticias"],"_links":{"self":[{"href":"https:\/\/losperiodistas.com.mx\/portal\/wp-json\/wp\/v2\/posts\/4473","targetHints":{"allow":["GET"]}}],"collection":[{"href":"https:\/\/losperiodistas.com.mx\/portal\/wp-json\/wp\/v2\/posts"}],"about":[{"href":"https:\/\/losperiodistas.com.mx\/portal\/wp-json\/wp\/v2\/types\/post"}],"author":[{"embeddable":true,"href":"https:\/\/losperiodistas.com.mx\/portal\/wp-json\/wp\/v2\/users\/1"}],"replies":[{"embeddable":true,"href":"https:\/\/losperiodistas.com.mx\/portal\/wp-json\/wp\/v2\/comments?post=4473"}],"version-history":[{"count":1,"href":"https:\/\/losperiodistas.com.mx\/portal\/wp-json\/wp\/v2\/posts\/4473\/revisions"}],"predecessor-version":[{"id":4475,"href":"https:\/\/losperiodistas.com.mx\/portal\/wp-json\/wp\/v2\/posts\/4473\/revisions\/4475"}],"wp:featuredmedia":[{"embeddable":true,"href":"https:\/\/losperiodistas.com.mx\/portal\/wp-json\/wp\/v2\/media\/4474"}],"wp:attachment":[{"href":"https:\/\/losperiodistas.com.mx\/portal\/wp-json\/wp\/v2\/media?parent=4473"}],"wp:term":[{"taxonomy":"category","embeddable":true,"href":"https:\/\/losperiodistas.com.mx\/portal\/wp-json\/wp\/v2\/categories?post=4473"},{"taxonomy":"post_tag","embeddable":true,"href":"https:\/\/losperiodistas.com.mx\/portal\/wp-json\/wp\/v2\/tags?post=4473"}],"curies":[{"name":"wp","href":"https:\/\/api.w.org\/{rel}","templated":true}]}}