{"id":4470,"date":"2021-02-12T08:05:50","date_gmt":"2021-02-12T14:05:50","guid":{"rendered":"http:\/\/losperiodistas.com.mx\/portal\/?p=4470"},"modified":"2021-02-12T08:05:50","modified_gmt":"2021-02-12T14:05:50","slug":"un-escandalo-de-corrupcion-en-el-partido-verde-sacude-la-precampana-electoral-el-pais","status":"publish","type":"post","link":"https:\/\/losperiodistas.com.mx\/portal\/un-escandalo-de-corrupcion-en-el-partido-verde-sacude-la-precampana-electoral-el-pais\/","title":{"rendered":"Un esc\u00e1ndalo de corrupci\u00f3n en el Partido Verde sacude la precampa\u00f1a electoral | El Pa\u00eds"},"content":{"rendered":"\n<p style=\"font-size:18px\"><em>Una investigaci\u00f3n federal destapa una trama de lavado de dinero en Quintana Roo que apunta a la pol\u00e9mica formaci\u00f3n, socia de Morena en los comicios de junio<\/em><\/p>\n\n\n\n<p class=\"has-vivid-cyan-blue-color has-text-color has-medium-font-size\">DAVID MARCIAL P\u00c9REZ \/ EL PA\u00cdS<\/p>\n\n\n\n<p>Un nuevo esc\u00e1ndalo rodea al Partido Verde, la pol\u00e9mica formaci\u00f3n que en apenas tres d\u00e9cadas de vida ya ha sido socia del PAN y el PRI, y que este a\u00f1o volver\u00e1 a girar en la rueda ideol\u00f3gica mexicana con su nueva y&nbsp;<a href=\"https:\/\/elpais.com\/opinion\/2020-06-22\/alianza-verde-alerta-roja.html\" target=\"_blank\" rel=\"noreferrer noopener\">sorprendente alianza con Morena<\/a>&nbsp;de cara los comicios de junio.<a href=\"https:\/\/elpais.com\/mexico\/2021-02-05\/mexico-bloquea-las-cuentas-de-una-red-criminal-dedicada-a-duplicar-las-tarjetas-bancarias-de-los-turistas-en-la-riviera-maya.html\" target=\"_blank\" rel=\"noreferrer noopener\">&nbsp;Una investigaci\u00f3n federal ha destapado una red de lavado de diner<\/a>o en Quintana Roo, uno de los feudos del Partido Verde, que apunta a varios cuadros por sus supuestos v\u00ednculos con una mafia rumana especializada en la clonaci\u00f3n de tarjetas de cr\u00e9dito en la zona tur\u00edstica de la Rivera Maya. La investigaci\u00f3n, liderada por la Unidad de Inteligencia Financiara (UIF), ya ha provocado la ca\u00edda del secretario general del partido en el Estado, Jos\u00e9 de la Pe\u00f1a, tensando a\u00fan m\u00e1s la \u00faltima alianza electoral firmada por la formaci\u00f3n hace apenas dos meses entre fuertes cr\u00edticas de amplios sectores de Morena.<\/p>\n\n\n\n<p>De la Pe\u00f1a era hasta el mi\u00e9rcoles el secretario general del partido en Quintana Roo, un Estado gobernado por la alianza PAN-PRD, adem\u00e1s de coordinador de la organizaci\u00f3n en el Congreso estatal, presidente de la Comisi\u00f3n de Hacienda y promotor de una pol\u00e9mica iniciativa que buscaba la exenci\u00f3n de impuestos a nuevos casinos en el Estado, la joya del caribe mexicano. \u201cMe encuentro en Ciudad de M\u00e9xico atendiendo la notificaci\u00f3n que de la UIF. En efecto, mis cuentas bancarias fueron bloqueadas y estoy trabajando con un equipo jur\u00eddico en atender lo que la autoridad requiera\u201d, anunci\u00f3 el pol\u00edtico este jueves a trav\u00e9s de&nbsp;<a href=\"https:\/\/www.facebook.com\/612015633\/posts\/10164806714325634\/?d=n\" target=\"_blank\" rel=\"noreferrer noopener\">un mensaje en su redes sociales.<\/a><\/p>\n\n\n\n<p>La informaci\u00f3n oficial del operativo liderado por la UIF, en el que han colaborado tambi\u00e9n el Gabinete de Seguridad, el Centro Nacional de Inteligencia y el FBI estadounidense, se limita al \u201cbloqueo masivo de cuentas, respecto de 79 personas f\u00edsicas y morales que forman parte de una organizaci\u00f3n criminal\u201d, que adem\u00e1s \u201cutiliza al sistema financiero mexicano para blanquear recursos provenientes de actividades il\u00edcitas\u201d. Un modus operandi similar<a href=\"https:\/\/elpais.com\/internacional\/2020-06-03\/una-banda-rumana-robo-1200-millones-de-dolares-de-cajeros-automaticos-mexicanos.html\" target=\"_blank\" rel=\"noreferrer noopener\">&nbsp;la red desmantelada en 2019<\/a>&nbsp;que durante cinco a\u00f1os perpetr\u00f3 un saqueo de unos 240 millones de d\u00f3lares anuales manipulado centenares de cajeros autom\u00e1ticos distribuidos por la costa tur\u00edstica.<\/p>\n\n\n\n<p>En paralelo a la informaci\u00f3n oficial, y como suele ser habitual en el desarrollo de estas investigaciones, las filtraciones han inundado la prensa mexicana, que ha publicado una galaxia de nombres de pol\u00edticos y empresarios supuestamente vinculados a la trama. Algunos coinciden incluso con la investigaci\u00f3n de 2019. En el centro vuelve a aparecer Florian Tudor, un empresario rumano residente en Canc\u00fan apodado&nbsp;<em>El Tibur\u00f3n<\/em>. Autoridades de Estados Unidos, Rumania y M\u00e9xico lo han identificado como el jefe de la banda. Hace dos a\u00f1os fue detenido por portar armas de alto calibre. De momento ha esquivado la c\u00e1rcel gracias una red de amparos.<\/p>\n\n\n\n<h3 class=\"wp-block-heading\">La trama acecha a Morena<\/h3>\n\n\n\n<p>La trama de 2019 fue destapada a su vez por&nbsp;<a href=\"https:\/\/contralacorrupcion.mx\/banda-riviera-maya-cajeros\/\" target=\"_blank\" rel=\"noreferrer noopener\">una investigaci\u00f3n period\u00edstica<\/a>&nbsp;que logr\u00f3 documentar que pol\u00edticos locales del PRI y del PAN, como gobernadores y secretarios de Estado, hab\u00edan hecho negocios o hab\u00edan colaborado con el presunto grupo criminal. En esta ocasi\u00f3n, las filtraciones en la prensa apuntan tambi\u00e9n al entorno de Ren\u00e9 Bejarano, un veterano y pol\u00e9mico operador pol\u00edtico que fue uno de los hombres m\u00e1s cercanos a Andr\u00e9s Manuel L\u00f3pez Obrador cuando este fue jefe de Gobierno de Ciudad de M\u00e9xico. En los \u00faltimos tiempos, y despu\u00e9s de varios a\u00f1os alejado de la pol\u00edtica por haber sido parte central de un esc\u00e1ndalo de sobornos, se ha acercado a la actual dirigencia de Morena y suena incluso como posible candidato en las pr\u00f3ximas elecciones a una diputaci\u00f3n federal. Este mi\u00e9rcoles,&nbsp;<a href=\"https:\/\/www.efe.com\/efe\/america\/mexico\/politico-mexicano-admite-relaciones-con-mafia-rumana-pero-se-desmarca-de-ella\/50000545-4461477\" target=\"_blank\" rel=\"noreferrer noopener\">el propio Bejarano reconoci\u00f3 que conoce a dos supuestos miembros de la mafia<\/a>&nbsp;y que usaron su nombre, sin su consentimiento, para defraudar a empresarios.<\/p>\n\n\n\n<p>La nueva secuela de la trama, conocida como Operaci\u00f3n Caribe, empieza as\u00ed a acercarse peligrosamente al entorno de Morena, alimentando adem\u00e1s guerras internas que ir\u00e1n subiendo de todo a medida que se acerquen las elecciones. Para Alejandro Rojas, un cuadro morenista que se disputa la alcald\u00eda de Cuauht\u00e9moc en la capital , precisamente, con la esposa de Bejarano, Dolores Padierna, el partido se ha equivocado con su estrategia de alianzas en el estado coste\u00f1o: \u201cHay mucha inconformidad dentro de Morena porque el Partido Verde en Quintana Roo representa toda la corrupci\u00f3n de su antiguo presidente, Jorge Emilio Gonz\u00e1lez, que sigue controlando el partido como una franquicia\u201d.<\/p>\n\n\n\n<p>Gonz\u00e1lez, conocido como&nbsp;<em>el ni\u00f1o verde<\/em>, ha sido diputado y senador por Quintana Roo y fue el presidente del partido durante 10 a\u00f1os, relevando a su padre, Jorge Gonz\u00e1lez Torres. Durante su mandato, se sucedieron las pol\u00e9micas. En 2004, la fiscal\u00eda federal abri\u00f3 una investigaci\u00f3n, que finalmente no fragu\u00f3, tras hacerse p\u00fablico un v\u00eddeo donde Gonz\u00e1lez aceptaba de un intermediario de un grupo hotelero una oferta por dos millones de d\u00f3lares para construir un resort en Canc\u00fan, la capital de Quintana Roo. En 2011, poco antes de abandonar la presidencia, una mujer muri\u00f3 al caer del piso 19 de un edificio de lujo tambi\u00e9n Canc\u00fan, propiedad de Gonz\u00e1lez. La fiscal\u00eda estatal cerr\u00f3 el caso al determinar que se trat\u00f3 de un suicidio.<\/p>\n\n\n\n<p>En el terreno pol\u00edtico, el Partido Verde ha sido una formaci\u00f3n bisagra para los partidos en el poder. En el 2000 apoy\u00f3 la candidatura de Vicente Fox por el PAN. Y a partir de 2006 fue el socio favorito del PRI, hasta el punto de ser considerado como una marca blanca del antiguo partido hegem\u00f3nico mexicano. Durante su etapa el la oposici\u00f3n, el propio L\u00f3pez Obrador carg\u00f3 en numerosas ocasiones contra la formaci\u00f3n calific\u00e1ndola de oportunista y corrupta. Por eso, la nueva alianza electoral, sellada a finales de diciembre, provoc\u00f3 estupefacci\u00f3n y rechazo entre buena parte de Morena.<\/p>\n\n\n\n<p>La secretaria general del partido, Citlalli Hern\u00e1ndez, ha reconocido que la militancia ha recibido con preocupaci\u00f3n al nuevo socio, que junto al tercer aliado, el Partido del Trabajo (PT), se repartir\u00e1 unos 150 distritos. A falta de que venza el plazo en los pr\u00f3ximos meses para el registro de candidatos locales y federales, sectores de Morena han convocado en Canc\u00fan marchas contra su nuevo aliado, coreando consignas como \u201cEl Verde es como los changos: s\u00f3lo se cuelgan de otros partidos\u201d o \u201cFuera los vendidos\u201d. Consultado por este peri\u00f3dico, el nuevo secretario general del Parido Verde en Quintana Roo prefiere enmarcar la pol\u00e9mica en un asunto las cuotas de poder: \u201cest\u00e1n inconformes por los espacios que aun se est\u00e1n negociado para los distintos candidatos. Es normal\u201d.<\/p>\n\n\n\n<p><a href=\"https:\/\/plus.elpais.com\/newsletters\/lnp\/1\/348\"><strong>Suscr\u00edbase aqu\u00ed<\/strong><\/a>a la\u00a0<em>newsletter<\/em>\u00a0de EL PA\u00cdS M\u00e9xico y reciba todas las claves informativas de la actualidad de este pa\u00eds<\/p>\n\n\n\n<p>Fuente: https:\/\/elpais.com\/mexico\/2021-02-12\/un-escandalo-de-corrupcion-en-el-partido-verde-sacude-la-precampana-electoral.html<\/p>\n","protected":false},"excerpt":{"rendered":"<p>Una investigaci\u00f3n federal destapa una trama de lavado de dinero en Quintana Roo que apunta a la pol\u00e9mica formaci\u00f3n, socia [&hellip;]<\/p>\n","protected":false},"author":1,"featured_media":4471,"comment_status":"open","ping_status":"open","sticky":false,"template":"","format":"standard","meta":{"site-sidebar-layout":"default","site-content-layout":"","ast-site-content-layout":"default","site-content-style":"default","site-sidebar-style":"default","ast-global-header-display":"","ast-banner-title-visibility":"","ast-main-header-display":"","ast-hfb-above-header-display":"","ast-hfb-below-header-display":"","ast-hfb-mobile-header-display":"","site-post-title":"","ast-breadcrumbs-content":"","ast-featured-img":"","footer-sml-layout":"","theme-transparent-header-meta":"","adv-header-id-meta":"","stick-header-meta":"","header-above-stick-meta":"","header-main-stick-meta":"","header-below-stick-meta":"","astra-migrate-meta-layouts":"default","ast-page-background-enabled":"default","ast-page-background-meta":{"desktop":{"background-color":"var(--ast-global-color-4)","background-image":"","background-repeat":"repeat","background-position":"center center","background-size":"auto","background-attachment":"scroll","background-type":"","background-media":"","overlay-type":"","overlay-color":"","overlay-opacity":"","overlay-gradient":""},"tablet":{"background-color":"","background-image":"","background-repeat":"repeat","background-position":"center center","background-size":"auto","background-attachment":"scroll","background-type":"","background-media":"","overlay-type":"","overlay-color":"","overlay-opacity":"","overlay-gradient":""},"mobile":{"background-color":"","background-image":"","background-repeat":"repeat","background-position":"center center","background-size":"auto","background-attachment":"scroll","background-type":"","background-media":"","overlay-type":"","overlay-color":"","overlay-opacity":"","overlay-gradient":""}},"ast-content-background-meta":{"desktop":{"background-color":"var(--ast-global-color-5)","background-image":"","background-repeat":"repeat","background-position":"center center","background-size":"auto","background-attachment":"scroll","background-type":"","background-media":"","overlay-type":"","overlay-color":"","overlay-opacity":"","overlay-gradient":""},"tablet":{"background-color":"var(--ast-global-color-5)","background-image":"","background-repeat":"repeat","background-position":"center center","background-size":"auto","background-attachment":"scroll","background-type":"","background-media":"","overlay-type":"","overlay-color":"","overlay-opacity":"","overlay-gradient":""},"mobile":{"background-color":"var(--ast-global-color-5)","background-image":"","background-repeat":"repeat","background-position":"center center","background-size":"auto","background-attachment":"scroll","background-type":"","background-media":"","overlay-type":"","overlay-color":"","overlay-opacity":"","overlay-gradient":""}},"footnotes":""},"categories":[8],"tags":[],"class_list":["post-4470","post","type-post","status-publish","format-standard","has-post-thumbnail","hentry","category-noticias"],"_links":{"self":[{"href":"https:\/\/losperiodistas.com.mx\/portal\/wp-json\/wp\/v2\/posts\/4470","targetHints":{"allow":["GET"]}}],"collection":[{"href":"https:\/\/losperiodistas.com.mx\/portal\/wp-json\/wp\/v2\/posts"}],"about":[{"href":"https:\/\/losperiodistas.com.mx\/portal\/wp-json\/wp\/v2\/types\/post"}],"author":[{"embeddable":true,"href":"https:\/\/losperiodistas.com.mx\/portal\/wp-json\/wp\/v2\/users\/1"}],"replies":[{"embeddable":true,"href":"https:\/\/losperiodistas.com.mx\/portal\/wp-json\/wp\/v2\/comments?post=4470"}],"version-history":[{"count":1,"href":"https:\/\/losperiodistas.com.mx\/portal\/wp-json\/wp\/v2\/posts\/4470\/revisions"}],"predecessor-version":[{"id":4472,"href":"https:\/\/losperiodistas.com.mx\/portal\/wp-json\/wp\/v2\/posts\/4470\/revisions\/4472"}],"wp:featuredmedia":[{"embeddable":true,"href":"https:\/\/losperiodistas.com.mx\/portal\/wp-json\/wp\/v2\/media\/4471"}],"wp:attachment":[{"href":"https:\/\/losperiodistas.com.mx\/portal\/wp-json\/wp\/v2\/media?parent=4470"}],"wp:term":[{"taxonomy":"category","embeddable":true,"href":"https:\/\/losperiodistas.com.mx\/portal\/wp-json\/wp\/v2\/categories?post=4470"},{"taxonomy":"post_tag","embeddable":true,"href":"https:\/\/losperiodistas.com.mx\/portal\/wp-json\/wp\/v2\/tags?post=4470"}],"curies":[{"name":"wp","href":"https:\/\/api.w.org\/{rel}","templated":true}]}}