{"id":4467,"date":"2021-02-12T07:52:39","date_gmt":"2021-02-12T13:52:39","guid":{"rendered":"http:\/\/losperiodistas.com.mx\/portal\/?p=4467"},"modified":"2021-02-12T07:52:39","modified_gmt":"2021-02-12T13:52:39","slug":"anaya-comienza-recorrido-por-territorios-panistas-y-con-elecciones-forbes","status":"publish","type":"post","link":"https:\/\/losperiodistas.com.mx\/portal\/anaya-comienza-recorrido-por-territorios-panistas-y-con-elecciones-forbes\/","title":{"rendered":"Anaya comienza recorrido por territorios panistas y con elecciones | Forbes"},"content":{"rendered":"\n<p style=\"font-size:18px\"><em>Seg\u00fan una encuesta realizada por Massive Caller, el panista es el preferido para encabezar la oposici\u00f3n al proyecto del presidente AMLO en las elecciones.<\/em><\/p>\n\n\n\n<p class=\"has-vivid-cyan-blue-color has-text-color has-medium-font-size\">YARED DE LA ROSA \/ FORBES<\/p>\n\n\n\n<p>En el \u00faltimo mes,&nbsp;<strong>el panista Ricardo Anaya se ha dedicado a recorrer municipios del pa\u00eds<\/strong>, pues dijo que quiere \u201cvolver a participar en la elecci\u00f3n presidencial de 2024\u201d; sin embargo, l<strong>os lugares por los que ha pasado, en su mayor\u00eda, son panistas y tendr\u00e1n elecciones este a\u00f1o.<\/strong><\/p>\n\n\n\n<p>Bajo el argumento de querer \u201cescuchar los problemas, las necesidades, los anhelos y los sue\u00f1os de la gente\u201d, el panista dijo el 18 de enero que recorrer\u00e1 1,000 municipios.<\/p>\n\n\n\n<p>Hasta el 9 de febrero, el panista&nbsp;<strong>pas\u00f3 por 12 municipios, de los cuales 9 son panistas; 1 es gobernado por Morena; 1, por el PRD, y 1, por Movimiento Ciudadano<\/strong>. Del total, 11 tendr\u00e1n elecciones este a\u00f1o para elegir a los presidentes municipales.<\/p>\n\n\n\n<p>El recorrido de Anaya comenz\u00f3 por Hidalgo, donde visit\u00f3&nbsp;<strong>Zimap\u00e1n<\/strong>, el cual es gobernado por el panista Alan Rivera Villanueva y hasta 2024 termina su administraci\u00f3n; despu\u00e9s sigui\u00f3 a Quer\u00e9taro, donde se qued\u00f3 en&nbsp;<strong>Cadereyta de Montes y Amealco de Bonfil<\/strong>, ambos territorios son encabezados por los panistas Le\u00f3n Enrique Bola\u00f1o y Rosendo Anaya Aguilar, respectivamente.<\/p>\n\n\n\n<p><em><strong>Lee<\/strong>:&nbsp;<a href=\"https:\/\/www.forbes.com.mx\/politica-anaya-buscara-presidencia-2024-estilo-amlo\/\">Anaya buscar\u00e1 la presidencia en 2024 al estilo AMLO<\/a><\/em><\/p>\n\n\n\n<p>Seg\u00fan un video que subi\u00f3 a sus redes sociales, Anaya visit\u00f3 en estos lugares a campesinos a quienes les ayud\u00f3 a acarrear ma\u00edz en su camioneta y hasta se comprometi\u00f3 en ayudarle a resolver el problema que tienen sobre la p\u00e9rdida de un terreno.<\/p>\n\n\n\n<figure class=\"wp-block-embed-twitter wp-block-embed is-type-rich is-provider-twitter\"><div class=\"wp-block-embed__wrapper\">\n<blockquote class=\"twitter-tweet\" data-width=\"500\" data-dnt=\"true\"><p lang=\"es\" dir=\"ltr\">Hola. Ya inici\u00e9 mi recorrido por 1000 municipios de M\u00e9xico. Mi objetivo es escuchar. Escuchar los problemas, las necesidades, los anhelos y los sue\u00f1os de la gente. Se trata de escuchar para de veras sentir y vivir los problemas como propios y encontrarles soluciones juntos. <a href=\"https:\/\/t.co\/Tf6BvWdlbW\">pic.twitter.com\/Tf6BvWdlbW<\/a><\/p>&mdash; RicardoAnayaC (@RicardoAnayaC) <a href=\"https:\/\/twitter.com\/RicardoAnayaC\/status\/1354096823720415233?ref_src=twsrc%5Etfw\">January 26, 2021<\/a><\/blockquote><script async src=\"https:\/\/platform.twitter.com\/widgets.js\" charset=\"utf-8\"><\/script>\n<\/div><\/figure>\n\n\n\n<p><\/p>\n\n\n\n<p>Despu\u00e9s sigui\u00f3 a Veracruz, donde pas\u00f3 por&nbsp;<strong>Poza Rica<\/strong>, encabezada por el morenista Francisco Javier Vel\u00e1zquez;&nbsp;<strong>Papantla de Olarte<\/strong>, gobernador por la perredista Mariano Romero Gonz\u00e1lez, quien lleg\u00f3 a la gubernatura por la coalici\u00f3n PAN-PRD;&nbsp;<strong>Guti\u00e9rrez Zamora<\/strong>, administrada por el emencista Wilman Monje Morales, y Tecolutla, encabezada por el panista Juan \u00c1ngel Espejo Maldonado.<strong>&nbsp;En todos ellos habr\u00e1 elecciones este a\u00f1o<\/strong>.<\/p>\n\n\n\n<p>En Poza Rica se reuni\u00f3 con una mujer llamada Laura Mendoza, quien tiene un hijo desaparecido desde 2016. Ante ello, el panista le asegur\u00f3 que la ayudar\u00e1 en la b\u00fasqueda del joven de 16 a\u00f1os y hasta le dijo que hablar\u00eda con el senador Emilio \u00c1lvarez Icaza para que los orienten. <\/p>\n\n\n\n<figure class=\"wp-block-embed-twitter wp-block-embed is-type-rich is-provider-twitter\"><div class=\"wp-block-embed__wrapper\">\n<blockquote class=\"twitter-tweet\" data-width=\"500\" data-dnt=\"true\"><p lang=\"es\" dir=\"ltr\">Estuve en Poza Rica, Veracruz. Laura me pidi\u00f3 ayuda para difundir el caso de su hijo desaparecido. No puedo pensar en algo m\u00e1s doloroso y desgarrador que no encontrar a un hijo o a una hija. Si alguien tiene informaci\u00f3n, por favor escr\u00edbame. Gracias por compartir. <a href=\"https:\/\/t.co\/vr4xLRmhad\">pic.twitter.com\/vr4xLRmhad<\/a><\/p>&mdash; RicardoAnayaC (@RicardoAnayaC) <a href=\"https:\/\/twitter.com\/RicardoAnayaC\/status\/1355916295343112192?ref_src=twsrc%5Etfw\">January 31, 2021<\/a><\/blockquote><script async src=\"https:\/\/platform.twitter.com\/widgets.js\" charset=\"utf-8\"><\/script>\n<\/div><\/figure>\n\n\n\n<p>Posteriormente, sigui\u00f3 a Aguascalientes, donde pas\u00f3 por los municipios de\u00a0<strong>Jes\u00fas Mar\u00eda<\/strong>, gobernada por el panista Jos\u00e9 Antonio Ar\u00e1mbula;\u00a0<strong>San Jos\u00e9 de Gracias<\/strong>, por la panista Mar\u00eda Cristina L\u00f3pez;\u00a0<strong>Calvillo<\/strong>, por el panista Ad\u00e1n Valdivia L\u00f3pez, y\u00a0<strong>Aguascalientes<\/strong>, por la panista Mar\u00eda Teresa Jim\u00e9nez. <\/p>\n\n\n\n<figure class=\"wp-block-embed-twitter wp-block-embed is-type-rich is-provider-twitter\"><div class=\"wp-block-embed__wrapper\">\n<blockquote class=\"twitter-tweet\" data-width=\"500\" data-dnt=\"true\"><p lang=\"es\" dir=\"ltr\">Me produce una inmensa indignaci\u00f3n ver tanto dolor provocado por las mentiras y la ineptitud del gobierno. \u00a1Esto no ten\u00eda que ser as\u00ed! Les comparto mi recorrido por el estado de Aguascalientes. Muchas gracias a toda la gente que me recibi\u00f3. <a href=\"https:\/\/t.co\/9pfRev30es\">pic.twitter.com\/9pfRev30es<\/a><\/p>&mdash; RicardoAnayaC (@RicardoAnayaC) <a href=\"https:\/\/twitter.com\/RicardoAnayaC\/status\/1357404124879286272?ref_src=twsrc%5Etfw\">February 4, 2021<\/a><\/blockquote><script async src=\"https:\/\/platform.twitter.com\/widgets.js\" charset=\"utf-8\"><\/script>\n<\/div><\/figure>\n\n\n\n<p>El \u00faltimo municipio por el que paso fue Uruapan, Michoac\u00e1n, el cual es gobernado por el perredista Miguel \u00c1ngel Paredes.<\/p>\n\n\n\n<p><strong>LAS ENCUESTAS LO FAVORECEN<\/strong><\/p>\n\n\n\n<p>Seg\u00fan una encuesta realizada en febrero por&nbsp;<em>Massive Caller<\/em>, Ricardo&nbsp;<strong>Anaya es el preferido para encabezar la oposici\u00f3n al proyecto del presidente Andr\u00e9s Manuel L\u00f3pez Obrador.<\/strong><\/p>\n\n\n\n<p>En esta, el panista tiene 42.6% de las preferencias; luego le sigue el gobernador de Chihuahua, Javier Corral, con 20.2%; el mandatario de Jalisco, Enrique Alfaro, con 18.3%; el priista Miguel \u00c1ngel Osorio Chong, con 13.9%, y al final est\u00e1 el empresario Claudio X. Gonz\u00e1lez, con 5%.<\/p>\n\n\n\n<p>Este levantamiento se\u00f1ala que del 16 enero al 1 de febrero,&nbsp;<strong>el excandidato presidencial pas\u00f3 de 40.7% a 42.6% de las preferencias; es decir, subi\u00f3 2.1<\/strong>%. Sin embargo, Carlos Campos, fundador de&nbsp;<em>Massive Caller<\/em>, coment\u00f3 que&nbsp;<strong>el aumento est\u00e1 relacionado con el margen de error que tiene la encuesta,<\/strong>&nbsp;pero explic\u00f3 que si hay un impacto de los recorridos que hace, se ver\u00e1n en dos meses.<\/p>\n\n\n\n<p><em><strong>Te puede interesar:<\/strong>&nbsp;<a href=\"https:\/\/www.forbes.com.mx\/politica-recorridos-ricardo-anaya-promocion-encubierta-expertos\/\">Recorridos de Anaya son promoci\u00f3n encubierta: especialistas<\/a><\/em><\/p>\n\n\n\n<p>\u201c<strong>Creo que s\u00ed va a ayudar (en la promoci\u00f3n de Anaya), aunque en la poblaci\u00f3n esto permea de a poquito.&nbsp;<\/strong>Hay un cambio de 2% entre la medici\u00f3n pasada y la actual. Este cambio es normal dentro del margen de error. No implica que sea porque Ricardo Anaya ya est\u00e1 recorriendo municipios. Si hay un efecto, lo vamos a medir dentro de un mes o dos meses\u201d, dijo en entrevista con<em><strong>&nbsp;Forbes M\u00e9xico<\/strong><\/em>.<\/p>\n\n\n\n<p>Record\u00f3 que al realizar la encuesta a 2,000 personas, tambi\u00e9n encontraron que el secretario de&nbsp;<strong>Relaciones Exteriores, Marcelo Ebrard, es el favorito para defender el legado del mandatario federal con 42.3%<\/strong>; le sigue la jefa de gobierno, Claudia Sheinbaum, 37.4%; la titular de la Secretar\u00eda de Econom\u00eda, Tatiana Clouthier, con 8.8%; el presidente de Morena, Mario Delgado, con 6.7%, y el l\u00edder del Senado, Ricardo Monreal, con 4.9%.<\/p>\n\n\n\n<p>\u201cTratamos de empezar a medir ahorita para calentar motores de lo que suponemos va a ser la contienda presidencial en 2024. E<strong>sta medici\u00f3n de l\u00edderes pol\u00edticos la vamos a convertir despu\u00e9s del 6 de junio, una vez que pasen las elecciones, en un tracking de presidenciables<\/strong>\u201d, dijo el experto.<\/p>\n\n\n\n<p><a href=\"http:\/\/bit.ly\/2smr5VR\"><em>S\u00edguenos en Google Noticias para mantenerte siempre informado<\/em><\/a><\/p>\n\n\n\n<p>Fuente: https:\/\/www.forbes.com.mx\/politica-anaya-comienza-recorrido-por-territorios-panistas-y-con-elecciones\/<\/p>\n","protected":false},"excerpt":{"rendered":"<p>Seg\u00fan una encuesta realizada por Massive Caller, el panista es el preferido para encabezar la oposici\u00f3n al proyecto del presidente [&hellip;]<\/p>\n","protected":false},"author":1,"featured_media":4468,"comment_status":"open","ping_status":"open","sticky":false,"template":"","format":"standard","meta":{"site-sidebar-layout":"default","site-content-layout":"","ast-site-content-layout":"default","site-content-style":"default","site-sidebar-style":"default","ast-global-header-display":"","ast-banner-title-visibility":"","ast-main-header-display":"","ast-hfb-above-header-display":"","ast-hfb-below-header-display":"","ast-hfb-mobile-header-display":"","site-post-title":"","ast-breadcrumbs-content":"","ast-featured-img":"","footer-sml-layout":"","theme-transparent-header-meta":"","adv-header-id-meta":"","stick-header-meta":"","header-above-stick-meta":"","header-main-stick-meta":"","header-below-stick-meta":"","astra-migrate-meta-layouts":"default","ast-page-background-enabled":"default","ast-page-background-meta":{"desktop":{"background-color":"var(--ast-global-color-4)","background-image":"","background-repeat":"repeat","background-position":"center center","background-size":"auto","background-attachment":"scroll","background-type":"","background-media":"","overlay-type":"","overlay-color":"","overlay-opacity":"","overlay-gradient":""},"tablet":{"background-color":"","background-image":"","background-repeat":"repeat","background-position":"center center","background-size":"auto","background-attachment":"scroll","background-type":"","background-media":"","overlay-type":"","overlay-color":"","overlay-opacity":"","overlay-gradient":""},"mobile":{"background-color":"","background-image":"","background-repeat":"repeat","background-position":"center center","background-size":"auto","background-attachment":"scroll","background-type":"","background-media":"","overlay-type":"","overlay-color":"","overlay-opacity":"","overlay-gradient":""}},"ast-content-background-meta":{"desktop":{"background-color":"var(--ast-global-color-5)","background-image":"","background-repeat":"repeat","background-position":"center center","background-size":"auto","background-attachment":"scroll","background-type":"","background-media":"","overlay-type":"","overlay-color":"","overlay-opacity":"","overlay-gradient":""},"tablet":{"background-color":"var(--ast-global-color-5)","background-image":"","background-repeat":"repeat","background-position":"center center","background-size":"auto","background-attachment":"scroll","background-type":"","background-media":"","overlay-type":"","overlay-color":"","overlay-opacity":"","overlay-gradient":""},"mobile":{"background-color":"var(--ast-global-color-5)","background-image":"","background-repeat":"repeat","background-position":"center center","background-size":"auto","background-attachment":"scroll","background-type":"","background-media":"","overlay-type":"","overlay-color":"","overlay-opacity":"","overlay-gradient":""}},"footnotes":""},"categories":[8],"tags":[],"class_list":["post-4467","post","type-post","status-publish","format-standard","has-post-thumbnail","hentry","category-noticias"],"_links":{"self":[{"href":"https:\/\/losperiodistas.com.mx\/portal\/wp-json\/wp\/v2\/posts\/4467","targetHints":{"allow":["GET"]}}],"collection":[{"href":"https:\/\/losperiodistas.com.mx\/portal\/wp-json\/wp\/v2\/posts"}],"about":[{"href":"https:\/\/losperiodistas.com.mx\/portal\/wp-json\/wp\/v2\/types\/post"}],"author":[{"embeddable":true,"href":"https:\/\/losperiodistas.com.mx\/portal\/wp-json\/wp\/v2\/users\/1"}],"replies":[{"embeddable":true,"href":"https:\/\/losperiodistas.com.mx\/portal\/wp-json\/wp\/v2\/comments?post=4467"}],"version-history":[{"count":1,"href":"https:\/\/losperiodistas.com.mx\/portal\/wp-json\/wp\/v2\/posts\/4467\/revisions"}],"predecessor-version":[{"id":4469,"href":"https:\/\/losperiodistas.com.mx\/portal\/wp-json\/wp\/v2\/posts\/4467\/revisions\/4469"}],"wp:featuredmedia":[{"embeddable":true,"href":"https:\/\/losperiodistas.com.mx\/portal\/wp-json\/wp\/v2\/media\/4468"}],"wp:attachment":[{"href":"https:\/\/losperiodistas.com.mx\/portal\/wp-json\/wp\/v2\/media?parent=4467"}],"wp:term":[{"taxonomy":"category","embeddable":true,"href":"https:\/\/losperiodistas.com.mx\/portal\/wp-json\/wp\/v2\/categories?post=4467"},{"taxonomy":"post_tag","embeddable":true,"href":"https:\/\/losperiodistas.com.mx\/portal\/wp-json\/wp\/v2\/tags?post=4467"}],"curies":[{"name":"wp","href":"https:\/\/api.w.org\/{rel}","templated":true}]}}