{"id":4464,"date":"2021-02-12T07:47:37","date_gmt":"2021-02-12T13:47:37","guid":{"rendered":"http:\/\/losperiodistas.com.mx\/portal\/?p=4464"},"modified":"2021-02-12T07:47:37","modified_gmt":"2021-02-12T13:47:37","slug":"renuncia-el-jefe-de-juegos-olimpicos-de-tokio-por-comentarios-sexistas-el-economista","status":"publish","type":"post","link":"https:\/\/losperiodistas.com.mx\/portal\/renuncia-el-jefe-de-juegos-olimpicos-de-tokio-por-comentarios-sexistas-el-economista\/","title":{"rendered":"Renuncia el jefe de Juegos Ol\u00edmpicos de Tokio por comentarios sexistas | El Economista"},"content":{"rendered":"\n<p style=\"font-size:18px\"><em>El jefe de los Juegos Ol\u00edmpicos de Tokio 2020, Yoshiro Mori, renunci\u00f3 este viernes y se disculp\u00f3 por comentarios sexistas que provocaron la indignaci\u00f3n p\u00fablica, por lo que la organizaci\u00f3n busca un nuevo presidente cuando quedan cinco meses para la ceremonia de inauguraci\u00f3n.<\/em><\/p>\n\n\n\n<p class=\"has-vivid-cyan-blue-color has-text-color has-medium-font-size\">REUTERS \/ EL ECONOMISTA<\/p>\n\n\n\n<p>El jefe de los&nbsp;<strong>Juegos Ol\u00edmpicos de Tokio 2020<\/strong>, Yoshiro Mori, renunci\u00f3 este&nbsp;viernes y se disculp\u00f3 por comentarios sexistas que provocaron la indignaci\u00f3n p\u00fablica, por lo que la organizaci\u00f3n busca un nuevo presidente cuando quedan cinco meses para la ceremonia de inauguraci\u00f3n.<\/p>\n\n\n\n<p>La renuncia del ex primer ministro Mori, de 83 a\u00f1os, erosionar\u00e1 a\u00fan m\u00e1s la confianza en la capacidad de los organizadores de sacar adelante los postergados&nbsp;<strong>Juegos Ol\u00edmpicos&nbsp;de Tokio<\/strong>&nbsp;durante la&nbsp;<strong>pandemia<\/strong>&nbsp;de&nbsp;<strong>coronavirus<\/strong>.<\/p>\n\n\n\n<p>Un comit\u00e9 de selecci\u00f3n compuesto por igual n\u00famero de hombres y mujeres, y enfocado en los atletas, elegir\u00e1 al nuevo presidente, dijo el director ejecutivo de Tokio 2020, Toshiro Muto, en una conferencia de prensa tras una reuni\u00f3n con la junta de asesores.<\/p>\n\n\n\n<p>Muto no dijo cu\u00e1ndo se tomar\u00eda una decisi\u00f3n pero el asunto tendr\u00e1 que resolverse r\u00e1pidamente y el candidato deber\u00eda tener experiencia en Juegos Ol\u00edmpicos, y adem\u00e1s de tener conocimiento de temas de diversidad e inclusi\u00f3n.<\/p>\n\n\n\n<p>Entre los posibles candidatos se encuentra la ministra de los Juegos Ol\u00edmpicos, Seiko Hashimoto, dijeron los medios.<\/p>\n\n\n\n<p>Hashimoto, de 56 a\u00f1os, particip\u00f3 siete veces en los Juegos y es una respetada legisladora. Su primer nombre est\u00e1 basado en las palabras japonesas para la llama ol\u00edmpica y naci\u00f3 justo d\u00edas antes de la inauguraci\u00f3n de los Juegos de Tokio de 1964.<\/p>\n\n\n\n<p>Mori caus\u00f3 enojo cuando dijo durante una reuni\u00f3n del comit\u00e9 ol\u00edmpico este mes que las mujeres hablan demasiado, lo que desat\u00f3 una serie de reclamos para que sea removido de su cargo. Inicialmente, se hab\u00eda rehusado a dimitir.<\/p>\n\n\n\n<p>\u00abMis comentarios inapropiados causaron enormes problemas. Lo siento\u00bb, dijo Mori al comenzar una reuni\u00f3n de delegados de la organizaci\u00f3n de los Juegos el viernes, y a\u00f1adi\u00f3 que lo m\u00e1s importante es que las Olimpiadas de Tokio sean un \u00e9xito.<\/p>\n\n\n\n<p>El&nbsp;<strong>Comit\u00e9 Ol\u00edmpico Internacional<\/strong>&nbsp;(COI) dijo que estaba \u00abm\u00e1s comprometido que nunca\u00bb a dar inicio a los Juegos, que se inaugurar\u00e1n el 23 de julio.<\/p>\n\n\n\n<p>\u00abEl COI continuar\u00e1 trabajando codo a codo con su sucesor para llevar adelante unos&nbsp;<strong>Juegos Ol\u00edmpicos de Tokio 2020<\/strong>&nbsp;saludables y seguros este 2021&#8243;, dijo el presidente del COI,&nbsp;<strong>Thomas Bach<\/strong>, en un comunicado.<\/p>\n\n\n\n<p>Mori dijo que aunque pudo haber dicho algo innecesario, no lo hizo intencionalmente y sinti\u00f3 que sus comentarios fueron malinterpretados por los medios; agreg\u00f3 que no ten\u00eda prejuicios contra las mujeres.<\/p>\n\n\n\n<p>\u00abHe intentado apoyar a las mujeres tanto como sea posible y he intentado apoyarlas m\u00e1s que a los hombres para que sus voces puedan expresarse\u00bb, afirm\u00f3.<\/p>\n\n\n\n<p>Fuente: https:\/\/www.eleconomista.com.mx\/deportes\/Renuncia-el-jefe-de-Juegos-Olimpicos-de-Tokio-por-comentarios-sexistas-20210212-0021.html<\/p>\n","protected":false},"excerpt":{"rendered":"<p>El jefe de los Juegos Ol\u00edmpicos de Tokio 2020, Yoshiro Mori, renunci\u00f3 este viernes y se disculp\u00f3 por comentarios sexistas [&hellip;]<\/p>\n","protected":false},"author":1,"featured_media":4465,"comment_status":"open","ping_status":"open","sticky":false,"template":"","format":"standard","meta":{"site-sidebar-layout":"default","site-content-layout":"","ast-site-content-layout":"default","site-content-style":"default","site-sidebar-style":"default","ast-global-header-display":"","ast-banner-title-visibility":"","ast-main-header-display":"","ast-hfb-above-header-display":"","ast-hfb-below-header-display":"","ast-hfb-mobile-header-display":"","site-post-title":"","ast-breadcrumbs-content":"","ast-featured-img":"","footer-sml-layout":"","theme-transparent-header-meta":"","adv-header-id-meta":"","stick-header-meta":"","header-above-stick-meta":"","header-main-stick-meta":"","header-below-stick-meta":"","astra-migrate-meta-layouts":"default","ast-page-background-enabled":"default","ast-page-background-meta":{"desktop":{"background-color":"var(--ast-global-color-4)","background-image":"","background-repeat":"repeat","background-position":"center center","background-size":"auto","background-attachment":"scroll","background-type":"","background-media":"","overlay-type":"","overlay-color":"","overlay-opacity":"","overlay-gradient":""},"tablet":{"background-color":"","background-image":"","background-repeat":"repeat","background-position":"center center","background-size":"auto","background-attachment":"scroll","background-type":"","background-media":"","overlay-type":"","overlay-color":"","overlay-opacity":"","overlay-gradient":""},"mobile":{"background-color":"","background-image":"","background-repeat":"repeat","background-position":"center center","background-size":"auto","background-attachment":"scroll","background-type":"","background-media":"","overlay-type":"","overlay-color":"","overlay-opacity":"","overlay-gradient":""}},"ast-content-background-meta":{"desktop":{"background-color":"var(--ast-global-color-5)","background-image":"","background-repeat":"repeat","background-position":"center center","background-size":"auto","background-attachment":"scroll","background-type":"","background-media":"","overlay-type":"","overlay-color":"","overlay-opacity":"","overlay-gradient":""},"tablet":{"background-color":"var(--ast-global-color-5)","background-image":"","background-repeat":"repeat","background-position":"center center","background-size":"auto","background-attachment":"scroll","background-type":"","background-media":"","overlay-type":"","overlay-color":"","overlay-opacity":"","overlay-gradient":""},"mobile":{"background-color":"var(--ast-global-color-5)","background-image":"","background-repeat":"repeat","background-position":"center center","background-size":"auto","background-attachment":"scroll","background-type":"","background-media":"","overlay-type":"","overlay-color":"","overlay-opacity":"","overlay-gradient":""}},"footnotes":""},"categories":[8],"tags":[],"class_list":["post-4464","post","type-post","status-publish","format-standard","has-post-thumbnail","hentry","category-noticias"],"_links":{"self":[{"href":"https:\/\/losperiodistas.com.mx\/portal\/wp-json\/wp\/v2\/posts\/4464","targetHints":{"allow":["GET"]}}],"collection":[{"href":"https:\/\/losperiodistas.com.mx\/portal\/wp-json\/wp\/v2\/posts"}],"about":[{"href":"https:\/\/losperiodistas.com.mx\/portal\/wp-json\/wp\/v2\/types\/post"}],"author":[{"embeddable":true,"href":"https:\/\/losperiodistas.com.mx\/portal\/wp-json\/wp\/v2\/users\/1"}],"replies":[{"embeddable":true,"href":"https:\/\/losperiodistas.com.mx\/portal\/wp-json\/wp\/v2\/comments?post=4464"}],"version-history":[{"count":1,"href":"https:\/\/losperiodistas.com.mx\/portal\/wp-json\/wp\/v2\/posts\/4464\/revisions"}],"predecessor-version":[{"id":4466,"href":"https:\/\/losperiodistas.com.mx\/portal\/wp-json\/wp\/v2\/posts\/4464\/revisions\/4466"}],"wp:featuredmedia":[{"embeddable":true,"href":"https:\/\/losperiodistas.com.mx\/portal\/wp-json\/wp\/v2\/media\/4465"}],"wp:attachment":[{"href":"https:\/\/losperiodistas.com.mx\/portal\/wp-json\/wp\/v2\/media?parent=4464"}],"wp:term":[{"taxonomy":"category","embeddable":true,"href":"https:\/\/losperiodistas.com.mx\/portal\/wp-json\/wp\/v2\/categories?post=4464"},{"taxonomy":"post_tag","embeddable":true,"href":"https:\/\/losperiodistas.com.mx\/portal\/wp-json\/wp\/v2\/tags?post=4464"}],"curies":[{"name":"wp","href":"https:\/\/api.w.org\/{rel}","templated":true}]}}