{"id":4461,"date":"2021-02-12T07:40:33","date_gmt":"2021-02-12T13:40:33","guid":{"rendered":"http:\/\/losperiodistas.com.mx\/portal\/?p=4461"},"modified":"2021-02-12T07:40:33","modified_gmt":"2021-02-12T13:40:33","slug":"un-dia-como-hoy-pio-xi-inauguro-radio-vaticano-de-la-mano-de-marconi-aci","status":"publish","type":"post","link":"https:\/\/losperiodistas.com.mx\/portal\/un-dia-como-hoy-pio-xi-inauguro-radio-vaticano-de-la-mano-de-marconi-aci\/","title":{"rendered":"Un d\u00eda como hoy P\u00edo XI inaugur\u00f3 Radio Vaticano de la mano de Marconi  | ACI"},"content":{"rendered":"\n<p class=\"has-vivid-cyan-blue-color has-text-color has-medium-font-size\">WALTER S\u00c1NCHEZ SILVA \/ ACI PRENSA<\/p>\n\n\n\n<p>El 12 de febrero de 1931, exactamente a las 4:30 p.m., el Papa P\u00edo XI inaugur\u00f3 Radio Vaticano pronunciando ante sus micr\u00f3fonos, en lat\u00edn, el primer radio mensaje pontificio de la historia, en presencia del inventor de la radio y realizador de la emisora, el cient\u00edfico italiano Guillermo Marconi.<\/p>\n\n\n\n<p>Por lo tanto, hoy se cumplen 90 a\u00f1os desde la primera emisi\u00f3n radiof\u00f3nica de un Papa y del comienzo de las emisiones de la radio del Vaticano.<\/p>\n\n\n\n<p>Adem\u00e1s de Marconi, tambi\u00e9n acompa\u00f1aron la inauguraci\u00f3n el entonces Secretario de Estado del Vaticano, Cardenal Eugenio Pacelli, que se convertir\u00eda 8 a\u00f1os despu\u00e9s en el Papa P\u00edo XII; y el sacerdote jesuita Giuseppe Gianfranceschi, el primer director de Radio Vaticano.<\/p>\n\n\n\n<p>Por los 90 a\u00f1os de la radio del Vaticano, este viernes comienza a emitirse a trav\u00e9s de una radio web. El proyecto inicialmente se har\u00e1 en italiano, franc\u00e9s, ingl\u00e9s, espa\u00f1ol, portugu\u00e9s, alem\u00e1n y armenio, pero el Dicasterio para la Comunicaci\u00f3n espera que durante el a\u00f1o se creen \u201ccasi 30 horarios de programaci\u00f3n en directo correspondientes a otros tantos idiomas que se podr\u00e1n escuchar tanto en el sitio de la radio como a trav\u00e9s de la actual App de Radio Vaticano\u201d. <\/p>\n\n\n\n<figure class=\"wp-block-embed-youtube wp-block-embed is-type-video is-provider-youtube wp-embed-aspect-16-9 wp-has-aspect-ratio\"><div class=\"wp-block-embed__wrapper\">\n<iframe title=\"12 Febbraio 1931 Nasce la Radio Vaticana\" width=\"500\" height=\"281\" src=\"https:\/\/www.youtube.com\/embed\/jfqn_QwqNtE?feature=oembed\" frameborder=\"0\" allow=\"accelerometer; autoplay; clipboard-write; encrypted-media; gyroscope; picture-in-picture; web-share\" referrerpolicy=\"strict-origin-when-cross-origin\" allowfullscreen><\/iframe>\n<\/div><\/figure>\n\n\n\n<p>Fue el mismo Marconi quien anunci\u00f3 el mensaje del Papa P\u00edo XI, emitido en lat\u00edn, cuya primera parte estaba dirigida a toda la creaci\u00f3n:<\/p>\n\n\n\n<p>\u201cSiendo, por arcano dise\u00f1o de Dios, Sucesores del Pr\u00edncipe de los Ap\u00f3stoles, de aquellos cuya doctrina y predicaci\u00f3n por divino mandato est\u00e1 destinada a toda la gente y a toda criatura, y pudiendo en primer lugar valernos desde este lugar de la admirable invenci\u00f3n de Marconi, nos dirigimos primeramente a todas las cosas y a todos los hombres, dici\u00e9ndoles, aqu\u00ed y en adelante, con las mismas palabras de la Sagrada Escritura: \u2018Escucha, cielo, y hablar\u00e9, oiga la tierra las palabras de mi boca\u2019\u201d.<\/p>\n\n\n\n<p>Dirigi\u00e9ndose luego a los afligidos y perseguidos, el Papa P\u00edo XI expres\u00f3 su deseo de que \u201cnuestra palabra llegue a cuando est\u00e1n enfermos, en el dolor, en las tribulaciones y en las adversidades, especialmente a ustedes que sufren tales cosas por parte de los enemigos de Dios y de la sociedad humana\u201d.<\/p>\n\n\n\n<p>\u201cMientras ofrecemos por ustedes nuestras oraciones y en cuanto podamos nuestra ayuda, mientras los encomendamos a la caridad de todos, les decimos de parte de Cristo de quien hacemos las veces: \u2018Vengan a m\u00ed todos los que est\u00e1is cansados y atribulados, y yo los aliviar\u00e9\u2019\u201d.<\/p>\n\n\n\n<p>Radio Vaticano gan\u00f3 mucha influencia durante la Segunda Guerra Mundial. Comenz\u00f3 a emitir en nueve idiomas y se convirti\u00f3 en uno de los pocos medios que superaban la censura de la \u00e9poca, adem\u00e1s de difundir mensajes de familiares que buscaban a personas desaparecidas o prisioneros que estaban en campos de concentraci\u00f3n.<\/p>\n\n\n\n<p>Ahora, Radio Vaticano emite su programaci\u00f3n en 40 lenguas y en sus estudios trabajan periodistas de hasta 60 pa\u00edses.<\/p>\n\n\n\n<p>Radio Vaticano hace parte actualmente de la nueva estructura comunicativa denominada Vatican News, por lo cual est\u00e1 inmersa en un proceso de reestructuraci\u00f3n en vistas a la unificaci\u00f3n de los medios de comunicaci\u00f3n de la Santa Sede.<\/p>\n\n\n\n<p>Fuente: https:\/\/www.aciprensa.com\/noticias\/un-dia-como-hoy-pio-xi-inauguro-radio-vaticano-de-la-mano-de-marconi-video-93332<\/p>\n","protected":false},"excerpt":{"rendered":"<p>WALTER S\u00c1NCHEZ SILVA \/ ACI PRENSA El 12 de febrero de 1931, exactamente a las 4:30 p.m., el Papa P\u00edo [&hellip;]<\/p>\n","protected":false},"author":1,"featured_media":4462,"comment_status":"open","ping_status":"open","sticky":false,"template":"","format":"standard","meta":{"site-sidebar-layout":"default","site-content-layout":"","ast-site-content-layout":"default","site-content-style":"default","site-sidebar-style":"default","ast-global-header-display":"","ast-banner-title-visibility":"","ast-main-header-display":"","ast-hfb-above-header-display":"","ast-hfb-below-header-display":"","ast-hfb-mobile-header-display":"","site-post-title":"","ast-breadcrumbs-content":"","ast-featured-img":"","footer-sml-layout":"","theme-transparent-header-meta":"","adv-header-id-meta":"","stick-header-meta":"","header-above-stick-meta":"","header-main-stick-meta":"","header-below-stick-meta":"","astra-migrate-meta-layouts":"default","ast-page-background-enabled":"default","ast-page-background-meta":{"desktop":{"background-color":"var(--ast-global-color-4)","background-image":"","background-repeat":"repeat","background-position":"center center","background-size":"auto","background-attachment":"scroll","background-type":"","background-media":"","overlay-type":"","overlay-color":"","overlay-opacity":"","overlay-gradient":""},"tablet":{"background-color":"","background-image":"","background-repeat":"repeat","background-position":"center center","background-size":"auto","background-attachment":"scroll","background-type":"","background-media":"","overlay-type":"","overlay-color":"","overlay-opacity":"","overlay-gradient":""},"mobile":{"background-color":"","background-image":"","background-repeat":"repeat","background-position":"center center","background-size":"auto","background-attachment":"scroll","background-type":"","background-media":"","overlay-type":"","overlay-color":"","overlay-opacity":"","overlay-gradient":""}},"ast-content-background-meta":{"desktop":{"background-color":"var(--ast-global-color-5)","background-image":"","background-repeat":"repeat","background-position":"center center","background-size":"auto","background-attachment":"scroll","background-type":"","background-media":"","overlay-type":"","overlay-color":"","overlay-opacity":"","overlay-gradient":""},"tablet":{"background-color":"var(--ast-global-color-5)","background-image":"","background-repeat":"repeat","background-position":"center center","background-size":"auto","background-attachment":"scroll","background-type":"","background-media":"","overlay-type":"","overlay-color":"","overlay-opacity":"","overlay-gradient":""},"mobile":{"background-color":"var(--ast-global-color-5)","background-image":"","background-repeat":"repeat","background-position":"center center","background-size":"auto","background-attachment":"scroll","background-type":"","background-media":"","overlay-type":"","overlay-color":"","overlay-opacity":"","overlay-gradient":""}},"footnotes":""},"categories":[8],"tags":[],"class_list":["post-4461","post","type-post","status-publish","format-standard","has-post-thumbnail","hentry","category-noticias"],"_links":{"self":[{"href":"https:\/\/losperiodistas.com.mx\/portal\/wp-json\/wp\/v2\/posts\/4461","targetHints":{"allow":["GET"]}}],"collection":[{"href":"https:\/\/losperiodistas.com.mx\/portal\/wp-json\/wp\/v2\/posts"}],"about":[{"href":"https:\/\/losperiodistas.com.mx\/portal\/wp-json\/wp\/v2\/types\/post"}],"author":[{"embeddable":true,"href":"https:\/\/losperiodistas.com.mx\/portal\/wp-json\/wp\/v2\/users\/1"}],"replies":[{"embeddable":true,"href":"https:\/\/losperiodistas.com.mx\/portal\/wp-json\/wp\/v2\/comments?post=4461"}],"version-history":[{"count":1,"href":"https:\/\/losperiodistas.com.mx\/portal\/wp-json\/wp\/v2\/posts\/4461\/revisions"}],"predecessor-version":[{"id":4463,"href":"https:\/\/losperiodistas.com.mx\/portal\/wp-json\/wp\/v2\/posts\/4461\/revisions\/4463"}],"wp:featuredmedia":[{"embeddable":true,"href":"https:\/\/losperiodistas.com.mx\/portal\/wp-json\/wp\/v2\/media\/4462"}],"wp:attachment":[{"href":"https:\/\/losperiodistas.com.mx\/portal\/wp-json\/wp\/v2\/media?parent=4461"}],"wp:term":[{"taxonomy":"category","embeddable":true,"href":"https:\/\/losperiodistas.com.mx\/portal\/wp-json\/wp\/v2\/categories?post=4461"},{"taxonomy":"post_tag","embeddable":true,"href":"https:\/\/losperiodistas.com.mx\/portal\/wp-json\/wp\/v2\/tags?post=4461"}],"curies":[{"name":"wp","href":"https:\/\/api.w.org\/{rel}","templated":true}]}}