{"id":4457,"date":"2021-02-12T07:35:14","date_gmt":"2021-02-12T13:35:14","guid":{"rendered":"http:\/\/losperiodistas.com.mx\/portal\/?p=4457"},"modified":"2021-02-12T07:35:14","modified_gmt":"2021-02-12T13:35:14","slug":"caja-en-pesos-deuda-en-dolares-pagares-vencidos-fitch-castiga-a-tv-azteca-alerta-serios-aprietos","status":"publish","type":"post","link":"https:\/\/losperiodistas.com.mx\/portal\/caja-en-pesos-deuda-en-dolares-pagares-vencidos-fitch-castiga-a-tv-azteca-alerta-serios-aprietos\/","title":{"rendered":"Caja en pesos, deuda en d\u00f3lares, pagar\u00e9s vencidos: Fitch castiga a TV Azteca; alerta serios aprietos"},"content":{"rendered":"\n<p style=\"font-size:18px\"><em>La televisora del multimillonario mexicano, Ricardo Salinas Pliego, enfrenta ahora la baja en la nota crediticia de su deuda debido a la falta de pago de un bono de 16.5 millones de d\u00f3lares que venci\u00f3 esta misma semana. La calificadora no prev\u00e9 que los ingresos de la televisora del Ajusco mejoren en 2021, pues hasta el tercer trimestre del a\u00f1o anterior el 91 por ciento de sus ingresos dependi\u00f3 de la publicidad.<\/em><\/p>\n\n\n\n<p class=\"has-vivid-cyan-blue-color has-text-color has-medium-font-size\">REDACCI\u00d3N SINEMBARGO<\/p>\n\n\n\n<p>Ciudad de M\u00e9xico, 11 de febrero (SinEmbargo).\u2013 La&nbsp;<strong>nota crediticia<\/strong>&nbsp;de la&nbsp;<strong>deuda<\/strong>&nbsp;de&nbsp;<strong>TV Azteca<\/strong>&nbsp;est\u00e1 en grado&nbsp;<strong>especulativo<\/strong>, de acuerdo con el \u00faltimo an\u00e1lisis de la&nbsp;<strong>agencia Fitch Ratings<\/strong>. La televisora del segundo hombre m\u00e1s rico de M\u00e9xico,&nbsp;<strong>Ricardo Salinas Pliego<\/strong>,&nbsp;vio reducida su nota de deuda a largo plazo, despu\u00e9s del anuncio de un&nbsp;<strong>aplazamiento indefinido<\/strong>&nbsp;del cup\u00f3n, con vencimiento al 9 de febrero de 2021,&nbsp;por&nbsp;<strong>16.5 millones de d\u00f3lares.<\/strong><\/p>\n\n\n\n<p>La compa\u00f1\u00eda anunci\u00f3 que contempla una reestructuraci\u00f3n mayor de su deuda en d\u00f3lares, record\u00f3 la calificadora, esto y la contrataci\u00f3n de asesores externos, le dej\u00f3 ver que \u201ces poco probable\u201d que haga el pago de sus&nbsp;<strong>bonos vencidos<\/strong>&nbsp;antes de que expire el periodo de gracia de 30 d\u00edas.<\/p>\n\n\n\n<p>El beneficio antes de intereses (<strong>EBITDA<\/strong>) de la televisora del Ajusco se redujo 56 por ciento, a&nbsp;<strong>935 millones de pesos<\/strong>, durante el&nbsp;<strong>tercer trimestre<\/strong>&nbsp;de&nbsp;<strong>2020<\/strong>, desde los 2.1 mil millones de 2019.https:\/\/4e7ac055291d35ac2f621178871bdd3f.safeframe.googlesyndication.com\/safeframe\/1-0-37\/html\/container.html<\/p>\n\n\n\n<blockquote class=\"wp-block-quote is-style-large is-layout-flow wp-block-quote-is-layout-flow\"><p>\u201cLa disrupci\u00f3n de la industria por el coronavirus, as\u00ed como la fuerte depreciaci\u00f3n del peso mexicano frente al d\u00f3lar estadounidense, ha reducido la flexibilidad financiera de la empresa\u201d, destac\u00f3 la nota de Fitch y asegur\u00f3 que \u201cno anticipa una recuperaci\u00f3n significativa en los ingresos de la empresa durante el 4T20 y cree que la debilidad de la econom\u00eda mexicana durante el 2021, adem\u00e1s de las tendencias seculares en declive que enfrenta la empresa, limitar\u00e1 su capacidad para aumentar sus ingresos y detener su gasto de efectivo\u201d.<\/p><\/blockquote>\n\n\n\n<p><img fetchpriority=\"high\" decoding=\"async\" src=\"https:\/\/i0.wp.com\/sinembargo.mx\/wp-content\/uploads\/2021\/02\/captura-de-pantalla-2021-02-11-125745.jpg\" alt=\"nota-tv-azteca-fitch\" width=\"700\" height=\"341\" srcset=\"https:\/\/i0.wp.com\/sinembargo.mx\/wp-content\/uploads\/2021\/02\/captura-de-pantalla-2021-02-11-125745.jpg 1224w, https:\/\/i0.wp.com\/sinembargo.mx\/wp-content\/uploads\/2021\/02\/captura-de-pantalla-2021-02-11-125745-300x146.jpg 300w, https:\/\/i0.wp.com\/sinembargo.mx\/wp-content\/uploads\/2021\/02\/captura-de-pantalla-2021-02-11-125745-768x375.jpg 768w\"><\/p>\n\n\n\n<p>La agencia redujo este jueves la nota de la deuda de TV Azteca. Foto: Captura de pantalla.<\/p>\n\n\n\n<p>Fitch estim\u00f3 que espera que los ingresos de TV Azteca se contraigan en el reporte del cuarto trimestre y proyect\u00f3 que sigan esta tendencia en 2021. El primer trimestre del a\u00f1o anterior la reducci\u00f3n fue de 26 por ciento, el segundo 33 por ciento y ya en el tercero la ca\u00edda fue de 16 por ciento. Los datos no permiten que la calificadora anticipe \u201cuna mejora sustancial en los ingresos\u201d, en gran medida debido a las \u201cd\u00e9biles condiciones macroecon\u00f3micas\u201d y las iniciativas de reducci\u00f3n de costos.<\/p>\n\n\n\n<blockquote class=\"wp-block-quote is-style-large is-layout-flow wp-block-quote-is-layout-flow\"><p>\u201cLa compa\u00f1\u00eda se\u00f1al\u00f3 su intenci\u00f3n de buscar una reestructuraci\u00f3n m\u00e1s amplia de su deuda denominada en d\u00f3lares estadounidenses. Esta deuda consiste principalmente en su pagar\u00e9 senior por 400 millones de d\u00f3lares con vencimiento en 2024\u201d, record\u00f3 Fitch.<\/p><\/blockquote>\n\n\n\n<p><img decoding=\"async\" src=\"https:\/\/i0.wp.com\/sinembargo.mx\/wp-content\/uploads\/2021\/02\/ricardo-salinas-pliego-rabano-huerto.jpg\" alt=\"\"><\/p>\n\n\n\n<h4 class=\"wp-block-heading\"><a href=\"https:\/\/www.sinembargo.mx\/11-02-2021\/3937137\" target=\"_blank\" rel=\"noreferrer noopener\">VER M\u00c1S<\/a><\/h4>\n\n\n\n<h5 class=\"wp-block-heading\"><a href=\"https:\/\/www.sinembargo.mx\/11-02-2021\/3937137\">\u201cNo pienso pagar ni un r\u00e1bano\u201d, dice Ricardo Salinas Pliego sobre el adeudo millonario con el SAT<\/a><\/h5>\n\n\n\n<p>TV Azteca \u201cest\u00e1 fuertemente concentrado en la publicidad televisiva\u201d y tiene una baja diversificaci\u00f3n hacia otras plataformas lo que limita su crecimiento en el corto plazo. S\u00f3lo al tercer trimestre de 2020 el 91 por ciento de los ingresos de la compa\u00f1\u00eda proven\u00edan de su segmento de publicidad.<\/p>\n\n\n\n<p>Durante las \u00faltimas semanas, Ricardo Salinas Pliego se ha visto envuelto en la pol\u00e9mica de nuevo por sus adeudos con el Servicio de Administraci\u00f3n Tributaria (SAT), los cuales podr\u00edan superar los 40 mil millones de pesos, seg\u00fan ha dicho la propia titular del organismo, Raquel Buenrostro.<\/p>\n\n\n\n<p>Apenas el pasado 6 de febrero, el empresario mexicano&nbsp;respondi\u00f3 a un usuario de redes sociales que no pagar\u00e1 \u201cni un r\u00e1bano\u201d al&nbsp;Servicio de Administraci\u00f3n Tributaria&nbsp;(SAT), esto luego de que le preguntaran si con eso pensaba pagar su adeudo. El cuestionamiento se hizo como respuesta a una fotograf\u00eda que subi\u00f3 con sus r\u00e1banos org\u00e1nicos.<\/p>\n\n\n\n<p>Hace unos d\u00edas,&nbsp;Raquel Buenrostro, titular del&nbsp;SAT,&nbsp;plante\u00f3&nbsp;en el programa \u201cLos periodistas\u201d, de&nbsp;<em>La Octava<\/em>, que la&nbsp;deuda&nbsp;por falta de pago de impuestos de las empresas de Salinas Pliego podr\u00eda superar los&nbsp;40 mil millones de pesos<img decoding=\"async\" src=\"https:\/\/i0.wp.com\/sinembargo.mx\/wp-content\/uploads\/2021\/02\/ricardo-salinas-pliego.jpeg\" alt=\"Ricardo Salinas Pliego, presidente de Grupo Salinas, durante la entrega de premios Caminos de la Libertad para J\u00f3venes, celebrando diez a\u00f1os de la iniciativa.\" width=\"700\" height=\"467\" srcset=\"https:\/\/i0.wp.com\/sinembargo.mx\/wp-content\/uploads\/2021\/02\/ricardo-salinas-pliego.jpeg 700w, https:\/\/i0.wp.com\/sinembargo.mx\/wp-content\/uploads\/2021\/02\/ricardo-salinas-pliego-300x200.jpeg 300w\"><\/p>\n\n\n\n<p>Ricardo Salinas Pliego, presidente de Grupo Salinas, durante la entrega de premios Caminos de la Libertad para J\u00f3venes, celebrando diez a\u00f1os de la iniciativa. Foto: Andrea Murcia, Cuartoscuro<\/p>\n\n\n\n<p>El 6 de febrero,&nbsp;el segundo hombre m\u00e1s rico de M\u00e9xico, de acuerdo con la revista&nbsp;<em>Forbes<\/em>, inform\u00f3 en su cuenta de&nbsp;Twitter&nbsp;que viaj\u00f3 con su familia a una propiedad en la que tiene un&nbsp;huerto org\u00e1nico. Desde el lugar, sonriente y con su esposa, asegur\u00f3 que&nbsp;sus \u201cr\u00e1banos org\u00e1nicos, se ven de maravilla y est\u00e1n deliciosos\u201d.<\/p>\n\n\n\n<p>Ante la publicaci\u00f3n un usuario le pregunt\u00f3 \u201c\u00bfcon esos piensa pagarle al SAT?\u201d, cuestionamiento al que le contest\u00f3 con la frase \u201cNo, no pienso pagar ni un r\u00e1bano\u201d. Hoy,&nbsp;en respuesta al periodista \u00c1lvaro Delgado, Ricardo Salinas dijo que fue sacado de contexto y aclar\u00f3 que \u201cno les pienso dar ni un r\u00e1bano (de esos que est\u00e1n en la foto)\u201d.<img decoding=\"async\" src=\"https:\/\/i0.wp.com\/sinembargo.mx\/wp-content\/uploads\/2021\/02\/cuartoscuro_731577_digital.jpg\" alt=\"\"><\/p>\n\n\n\n<h4 class=\"wp-block-heading\"><a href=\"https:\/\/www.sinembargo.mx\/02-02-2021\/3933200\" target=\"_blank\" rel=\"noreferrer noopener\">VER M\u00c1S<\/a><\/h4>\n\n\n\n<h5 class=\"wp-block-heading\"><a href=\"https:\/\/www.sinembargo.mx\/02-02-2021\/3933200\">#RicardoSalinas pregunta qu\u00e9 puede regalar y usuarios le responden que pague impuestos al SAT<\/a><\/h5>\n\n\n\n<p>En las redes sociales del due\u00f1o de Grupo Salinas hay constantes reclamos de usuarios que le invitan a cubrir los adeudos que el conglomerado tenga con el SAT, sin embargo, el empresario se limita a contestar que, como siempre ha dicho, no le debe ni un peso a la dependencia. Pero ha reconocido que \u201csi las empresas de las que soy parte deben, pues que paguen lo que tengan que pagar y que la autoridad determine que es justo\u201d.<\/p>\n\n\n\n<blockquote class=\"wp-block-quote is-style-large is-layout-flow wp-block-quote-is-layout-flow\"><p>\u201cPagar sus impuestos es lo menos que puede hacer por su pa\u00eds que le ha dado tanto dinero que se lo a ganado con su trabajo y esfuerzo lo tengo claro, eres de los empresarios consentido del z\u00e1ngano de palacio nacional, es lo menos que puedes hacer por t\u00fa patria\u201d, le escribi\u00f3 un usuario, sin embargo, Salinas Pliego siempre remite a la misma contestaci\u00f3n: \u201cyo pago todos mis impuestos, no s\u00e9 de que habla\u201d.<\/p><\/blockquote>\n\n\n\n<p>El empresario hasta brome\u00f3 m\u00e1s sobre el tema de los r\u00e1banos en otras respuestas. \u201cEs correcto, las deudas con el SAT se pagan con dinero, no s\u00e9 porque quieren hacer esc\u00e1ndalo con mis rabanitos\u201d.<\/p>\n\n\n\n<p>A finales de enero la Sala Superior del Tribunal Federal de Justicia Administrativa (TFJA) determin\u00f3 que Grupo Elektra debe pagar cuatro mil 916 millones de pesos por Impuesto sobre la Renta omitido en el ejercicio de 2011. Por unanimidad, los 11 magistrados confirmaron el adeudo y declararon infundado el juicio de nulidad promovido la empresa para impugnar la resoluci\u00f3n del SAT. <\/p>\n\n\n\n<figure class=\"wp-block-image size-large\"><img decoding=\"async\" width=\"683\" height=\"1024\" src=\"https:\/\/losperiodistas.com.mx\/portal\/wp-content\/uploads\/2021\/02\/Captura-de-Pantalla-2021-02-12-a-las-7.32.02-683x1024.jpg\" alt=\"\" class=\"wp-image-4458\" srcset=\"https:\/\/losperiodistas.com.mx\/portal\/wp-content\/uploads\/2021\/02\/Captura-de-Pantalla-2021-02-12-a-las-7.32.02-683x1024.jpg 683w, https:\/\/losperiodistas.com.mx\/portal\/wp-content\/uploads\/2021\/02\/Captura-de-Pantalla-2021-02-12-a-las-7.32.02-200x300.jpg 200w, https:\/\/losperiodistas.com.mx\/portal\/wp-content\/uploads\/2021\/02\/Captura-de-Pantalla-2021-02-12-a-las-7.32.02-768x1151.jpg 768w, https:\/\/losperiodistas.com.mx\/portal\/wp-content\/uploads\/2021\/02\/Captura-de-Pantalla-2021-02-12-a-las-7.32.02.jpg 1006w\" sizes=\"(max-width: 683px) 100vw, 683px\" \/><\/figure>\n\n\n\n<p>De acuerdo con la resoluci\u00f3n, la empresa del segundo hombre m\u00e1s rico de M\u00e9xico realiz\u00f3 operaciones contables irregulares en la desaparici\u00f3n de Mexicana de Aviaci\u00f3n, una aerol\u00ednea extinta en el sexenio de Felipe Calder\u00f3n Hinojosa. El Tribunal ha confirmado tres cr\u00e9ditos fiscales contra Elektra que suman m\u00e1s de 25 mil millones de pesos.<\/p>\n\n\n\n<p>El 3 de diciembre la Sala Superior del TFJA determin\u00f3 que Grupo Elektra deb\u00eda pagar al SAT mil 431 millones de pesos por el concepto de impuestos del a\u00f1o 2011. Por tercera ocasi\u00f3n en 2020 autoridades jur\u00eddicas determinaron que la compa\u00f1\u00eda del empresario multimillonario deb\u00eda cubrir el pago a la Hacienda p\u00fablica.<img loading=\"lazy\" decoding=\"async\" src=\"https:\/\/i0.wp.com\/sinembargo.mx\/wp-content\/uploads\/2021\/02\/cuartoscuro_727912_digital.jpeg\" alt=\"El empresario due\u00f1o de TV Azteca, Ricardo Salinas Pliego.\" width=\"700\" height=\"1139\" srcset=\"https:\/\/i0.wp.com\/sinembargo.mx\/wp-content\/uploads\/2021\/02\/cuartoscuro_727912_digital.jpeg 700w, https:\/\/i0.wp.com\/sinembargo.mx\/wp-content\/uploads\/2021\/02\/cuartoscuro_727912_digital-184x300.jpeg 184w\"><\/p>\n\n\n\n<p>El empresario due\u00f1o de TV Azteca, Ricardo Salinas Pliego. Foto: Victoria Valtierra, Cuartoscuro<\/p>\n\n\n\n<p>La compa\u00f1\u00eda interpuso un recurso de impugnaci\u00f3n para que Elektra no tuviera que cubrir el monto que adeudaba al fisco mexicano. Sin embargo, el Tribunal desestim\u00f3 el amparo porque \u201ctodos los agravios expresados por la actora en su escrito inicial resultaron infundados, por lo que se propone la validez de la resoluci\u00f3n impugnada y de la resoluci\u00f3n recurrida\u201d, de acuerdo con lo planteado por el magistrado V\u00edctor Mart\u00edn Ordu\u00f1a Mu\u00f1oz.<\/p>\n\n\n\n<p>La Sala Superior del TFJA observ\u00f3 un caso de enero de 2016 y diciembre de 2017 en el que concluyeron que la empresa de Grupo Salinas debe m\u00e1s de 1 mil 400 millones\u00a0de pesos por el concepto del Impuesto Sobre la Renta (ISR) que no termin\u00f3 de saldarse con la venta de acciones en 2008.<\/p>\n\n\n\n<p>Fuente: https:\/\/www.sinembargo.mx\/11-02-2021\/3937165<\/p>\n","protected":false},"excerpt":{"rendered":"<p>La televisora del multimillonario mexicano, Ricardo Salinas Pliego, enfrenta ahora la baja en la nota crediticia de su deuda debido [&hellip;]<\/p>\n","protected":false},"author":1,"featured_media":4459,"comment_status":"open","ping_status":"open","sticky":false,"template":"","format":"standard","meta":{"site-sidebar-layout":"default","site-content-layout":"","ast-site-content-layout":"default","site-content-style":"default","site-sidebar-style":"default","ast-global-header-display":"","ast-banner-title-visibility":"","ast-main-header-display":"","ast-hfb-above-header-display":"","ast-hfb-below-header-display":"","ast-hfb-mobile-header-display":"","site-post-title":"","ast-breadcrumbs-content":"","ast-featured-img":"","footer-sml-layout":"","theme-transparent-header-meta":"","adv-header-id-meta":"","stick-header-meta":"","header-above-stick-meta":"","header-main-stick-meta":"","header-below-stick-meta":"","astra-migrate-meta-layouts":"default","ast-page-background-enabled":"default","ast-page-background-meta":{"desktop":{"background-color":"var(--ast-global-color-4)","background-image":"","background-repeat":"repeat","background-position":"center center","background-size":"auto","background-attachment":"scroll","background-type":"","background-media":"","overlay-type":"","overlay-color":"","overlay-opacity":"","overlay-gradient":""},"tablet":{"background-color":"","background-image":"","background-repeat":"repeat","background-position":"center center","background-size":"auto","background-attachment":"scroll","background-type":"","background-media":"","overlay-type":"","overlay-color":"","overlay-opacity":"","overlay-gradient":""},"mobile":{"background-color":"","background-image":"","background-repeat":"repeat","background-position":"center center","background-size":"auto","background-attachment":"scroll","background-type":"","background-media":"","overlay-type":"","overlay-color":"","overlay-opacity":"","overlay-gradient":""}},"ast-content-background-meta":{"desktop":{"background-color":"var(--ast-global-color-5)","background-image":"","background-repeat":"repeat","background-position":"center center","background-size":"auto","background-attachment":"scroll","background-type":"","background-media":"","overlay-type":"","overlay-color":"","overlay-opacity":"","overlay-gradient":""},"tablet":{"background-color":"var(--ast-global-color-5)","background-image":"","background-repeat":"repeat","background-position":"center center","background-size":"auto","background-attachment":"scroll","background-type":"","background-media":"","overlay-type":"","overlay-color":"","overlay-opacity":"","overlay-gradient":""},"mobile":{"background-color":"var(--ast-global-color-5)","background-image":"","background-repeat":"repeat","background-position":"center center","background-size":"auto","background-attachment":"scroll","background-type":"","background-media":"","overlay-type":"","overlay-color":"","overlay-opacity":"","overlay-gradient":""}},"footnotes":""},"categories":[8],"tags":[],"class_list":["post-4457","post","type-post","status-publish","format-standard","has-post-thumbnail","hentry","category-noticias"],"_links":{"self":[{"href":"https:\/\/losperiodistas.com.mx\/portal\/wp-json\/wp\/v2\/posts\/4457","targetHints":{"allow":["GET"]}}],"collection":[{"href":"https:\/\/losperiodistas.com.mx\/portal\/wp-json\/wp\/v2\/posts"}],"about":[{"href":"https:\/\/losperiodistas.com.mx\/portal\/wp-json\/wp\/v2\/types\/post"}],"author":[{"embeddable":true,"href":"https:\/\/losperiodistas.com.mx\/portal\/wp-json\/wp\/v2\/users\/1"}],"replies":[{"embeddable":true,"href":"https:\/\/losperiodistas.com.mx\/portal\/wp-json\/wp\/v2\/comments?post=4457"}],"version-history":[{"count":1,"href":"https:\/\/losperiodistas.com.mx\/portal\/wp-json\/wp\/v2\/posts\/4457\/revisions"}],"predecessor-version":[{"id":4460,"href":"https:\/\/losperiodistas.com.mx\/portal\/wp-json\/wp\/v2\/posts\/4457\/revisions\/4460"}],"wp:featuredmedia":[{"embeddable":true,"href":"https:\/\/losperiodistas.com.mx\/portal\/wp-json\/wp\/v2\/media\/4459"}],"wp:attachment":[{"href":"https:\/\/losperiodistas.com.mx\/portal\/wp-json\/wp\/v2\/media?parent=4457"}],"wp:term":[{"taxonomy":"category","embeddable":true,"href":"https:\/\/losperiodistas.com.mx\/portal\/wp-json\/wp\/v2\/categories?post=4457"},{"taxonomy":"post_tag","embeddable":true,"href":"https:\/\/losperiodistas.com.mx\/portal\/wp-json\/wp\/v2\/tags?post=4457"}],"curies":[{"name":"wp","href":"https:\/\/api.w.org\/{rel}","templated":true}]}}