{"id":443,"date":"2020-10-26T13:25:13","date_gmt":"2020-10-26T19:25:13","guid":{"rendered":"http:\/\/losperiodistas.com.mx\/portal\/?p=443"},"modified":"2020-10-26T13:28:10","modified_gmt":"2020-10-26T19:28:10","slug":"los-toques-de-queda-se-extienden-por-el-mundo-ahora-es-en-el-paso-junto-a-juarez-10pm-todos-a-casa","status":"publish","type":"post","link":"https:\/\/losperiodistas.com.mx\/portal\/los-toques-de-queda-se-extienden-por-el-mundo-ahora-es-en-el-paso-junto-a-juarez-10pm-todos-a-casa\/","title":{"rendered":"Los toques de queda se extienden por el mundo. Ahora es en El Paso, junto a Ju\u00e1rez. 10pm, todos a casa"},"content":{"rendered":"\n<p><a href=\"https:\/\/www.sinembargo.mx\/author\/agenciaap\">Por AP<\/a><\/p>\n\n\n\n<p><a href=\"https:\/\/www.sinembargo.mx\/26-10-2020\/3883459\">SinEmbargo<\/a><\/p>\n\n\n\n<p>Texas\/Par\u00eds\/Bruselas\/Madrid\/Londres, 26 de octubre (AP).\u2013 La pandemia de&nbsp;<strong>COVID-19<\/strong>&nbsp;est\u00e1 obligando de nuevo a diversos pa\u00edses del mundo, principalmente en&nbsp;<strong>Europa<\/strong>, a decretar&nbsp;<strong>toques de queda<\/strong>&nbsp;o a&nbsp;<strong>endurecer las restricciones<\/strong>&nbsp;de movilidad, ya que los&nbsp;<strong>contagios<\/strong>&nbsp;est\u00e1n registrando un importante&nbsp;<strong>repunte<\/strong>. Hasta el momento, el nuevo&nbsp;<strong>coronavirus<\/strong>&nbsp;acumula m\u00e1s de&nbsp;43 millones de casos y&nbsp;1.15 millones de muertos en el mundo, seg\u00fan el conteo de la Universidad Johns Hopkins.<\/p>\n\n\n\n<p><strong>EL TOQUE DE QUEDA NOCTURNO EN TEXAS, EU<\/strong><\/p>\n\n\n\n<p>Hoy, las autoridades en la ciudad fronteriza de El Paso, Texas, exhortaron a los habitantes a quedarse en casa durante dos semanas debido a que un aumento en los&nbsp;<strong>casos de coronavirus<\/strong>&nbsp;tiene abrumados los hospitales.https:\/\/74512966d327adfd5435053ae3455248.safeframe.googlesyndication.com\/safeframe\/1-0-37\/html\/container.html<\/p>\n\n\n\n<p>El&nbsp;<strong>incremento de contagios<\/strong>&nbsp;tambi\u00e9n ha llevado al estado a dedicar parte del centro c\u00edvico de la ciudad como un centro de salud improvisado.PUBLICIDAD<\/p>\n\n\n\n<p>El domingo por la noche, el principal funcionario electo del condado, Ricardo Samaniego, emiti\u00f3 una orden de quedarse en casa que impone un toque de queda diario de las 22:00 horas a las 5:00. Los infractores podr\u00edan ser multados con 500 d\u00f3lares.<img fetchpriority=\"high\" decoding=\"async\" src=\"https:\/\/www.sinembargo.mx\/wp-content\/uploads\/2020\/10\/ap20300471107825.jpg\" alt=\"Unas personas con cubrebocas caminan por una calle en San Antonio, Texas, el 20 de julio de 2020. \" width=\"700\" height=\"391\" srcset=\"https:\/\/www.sinembargo.mx\/wp-content\/uploads\/2020\/10\/ap20300471107825.jpg 700w, https:\/\/www.sinembargo.mx\/wp-content\/uploads\/2020\/10\/ap20300471107825-300x168.jpg 300w\"><\/p>\n\n\n\n<p>Unas personas con cubrebocas caminan por una calle en San Antonio, Texas, el 20 de julio de 2020. Foto: Eric Gay, AP<\/p>\n\n\n\n<blockquote class=\"wp-block-quote is-layout-flow wp-block-quote-is-layout-flow\"><p>\u201cEstamos en tiempos de crisis\u201d, declar\u00f3 Samaniego.<\/p><\/blockquote>\n\n\n<p>El lunes, ese condado report\u00f3 una nueva cifra r\u00e9cord de casos diarios con mil 443, superando los mil 216 del\u00a0<\/p>\n\n\n<p>El condado tiene 853 pacientes hospitalizados, comparado con 786 el d\u00eda anterior.<img decoding=\"async\" src=\"https:\/\/www.sinembargo.mx\/wp-content\/uploads\/2020\/10\/trump-19.jpg\" alt=\"\"><\/p>\n\n\n\n<h4 class=\"wp-block-heading\"><a href=\"https:\/\/www.sinembargo.mx\/25-10-2020\/3883291\">VER M\u00c1S<\/a><\/h4>\n\n\n\n<h5 class=\"wp-block-heading\"><a href=\"https:\/\/www.sinembargo.mx\/25-10-2020\/3883291\">\u201cNo vamos a controlar la pandemia\u201d: asesor de Trump; es un virus muy contagioso, asegura<\/a><\/h5>\n\n\n\n<p>El domingo temprano, el Gobernador de Texas, Greg Abbott, dijo que se instalar\u00edan 50 camas de hospital en el centro de convenciones de la ciudad y que se podr\u00edan agregar otras 50 si fuera necesario. El estado ya ha enviado a m\u00e1s de 900 miembros del personal m\u00e9dico a El Paso, algunos de los cuales estar\u00e1n en dicho centro de convenciones.<\/p>\n\n\n\n<p>Habr\u00e1 equipos m\u00e9dicos y personal m\u00e9dico adicionales, a\u00f1adi\u00f3.<\/p>\n\n\n\n<p>El aumento de casos en El Paso ocurre en momentos en que el Presidente Donald Trump ha minimizado el efecto de la pandemia en el estado, afirmando en uno de los recientes debates electorales que \u201chubo un aumento de casos en Texas pero ya desapareci\u00f3\u201d.<\/p>\n\n\n\n<p>El estado ya ha enviado m\u00e1s de 900 profesionales de la salud a El Paso, algunos de los cuales han sido asignados al centro de convenciones.<\/p>\n\n\n\n<blockquote class=\"wp-block-quote is-layout-flow wp-block-quote-is-layout-flow\"><p>\u201cLas instalaciones adicionales y las unidades m\u00e9dicas auxiliares aliviar\u00e1n la presi\u00f3n sobre los hospitales de El Paso en momentos en que estamos combatiendo el contagio de COVID-19 en la regi\u00f3n\u201d, asever\u00f3 Abbott.<\/p><\/blockquote>\n\n\n\n<p><img decoding=\"async\" src=\"https:\/\/www.sinembargo.mx\/wp-content\/uploads\/2020\/10\/ap20300377983232.jpg\" alt=\"Pasajeros con cubrebocas en un and\u00e9n del metro de Par\u00eds, el domingo 25 de octubre de 2020. \" width=\"700\" height=\"467\" srcset=\"https:\/\/www.sinembargo.mx\/wp-content\/uploads\/2020\/10\/ap20300377983232.jpg 700w, https:\/\/www.sinembargo.mx\/wp-content\/uploads\/2020\/10\/ap20300377983232-300x200.jpg 300w\"><\/p>\n\n\n\n<p>Pasajeros con cubrebocas en un and\u00e9n del metro de Par\u00eds, el domingo 25 de octubre de 2020. Foto: Lewis Joly, AP<\/p>\n\n\n\n<p>Hasta el domingo, Texas contabilizaba 862 mil 375 casos de coronavirus desde el inicio de la pandemia. Los 91 mil 885 casos activos representan la mayor cifra desde el 30 de agosto, y las 5 mil 206 hospitalizaciones son la mayor cifra desde el 22 de agosto.<\/p>\n\n\n\n<p><strong>FRANCIA HA PERDIDO EL CONTROL DEL VIRUS: EXPERTO<\/strong><\/p>\n\n\n\n<p>Los pacientes de coronavirus ya ocupan m\u00e1s de la mitad de las Unidades de Cuidados Intensivos en Francia, y algunos m\u00e9dicos han pedido restricciones m\u00e1s duras, tras un nuevo aumento r\u00e9cord en los contagios confirmados.<img decoding=\"async\" src=\"https:\/\/www.sinembargo.mx\/wp-content\/uploads\/2020\/10\/francia-covid-1.jpg\" alt=\"\"><\/p>\n\n\n\n<h4 class=\"wp-block-heading\"><a href=\"https:\/\/www.sinembargo.mx\/22-10-2020\/3881662\">VER M\u00c1S<\/a><\/h4>\n\n\n\n<h5 class=\"wp-block-heading\"><a href=\"https:\/\/www.sinembargo.mx\/22-10-2020\/3881662\">Por la \u201cgrave\u201d evoluci\u00f3n de la COVID-19, Francia extiende toque de queda a 46 millones de personas<\/a><\/h5>\n\n\n\n<p>El doctor Jean-Francois Delfraissy, responsable del comit\u00e9 que asesora al Gobierno galo en la pandemia, expres\u00f3 su sorpresa el lunes por la \u201cbrutalidad\u201d del aumento, despu\u00e9s de que el domingo se reportaran m\u00e1s de 52 mil casos nuevos.<\/p>\n\n\n\n<p>En declaraciones a la radio&nbsp;<em>RTL<\/em>, plante\u00f3 la idea de cuarentenas locales o de ampliar los toques de queda nocturnos en el pa\u00eds que ahora limitan el movimiento en la mitad del pa\u00eds y dos tercios de su poblaci\u00f3n, entre las 21:00 y las 6:00.<\/p>\n\n\n\n<p>El n\u00famero de pacientes de COVID-19 hospitalizados en Francia se ha disparado en las \u00faltimas semanas, aumentando la presi\u00f3n sobre las UCI. Ahora suponen m\u00e1s de dos tercios de los pacientes de UCI en la regi\u00f3n de Par\u00eds.<\/p>\n\n\n\n<blockquote class=\"wp-block-quote is-layout-flow wp-block-quote-is-layout-flow\"><p>\u201cHemos perdido el control de la epidemia, aunque no es algo de ayer\u201d, dijo el lunes a la cadena Franceinfo el doctor Eric Caumes, responsable del departamento de enfermedades infecciosas y tropicales en el hospital parisino de Pitie-Salpetriere.<\/p><\/blockquote>\n\n\n\n<p>Francia ha sido uno de los pa\u00edses m\u00e1s golpeados por la pandemia, con 34 mil 761 muertes asociadas al virus. Ahora est\u00e1 registrando m\u00e1s de 340 casos semanales por cada 100 mil habitantes.<img decoding=\"async\" src=\"https:\/\/www.sinembargo.mx\/wp-content\/uploads\/2020\/10\/ap20300474191106.jpg\" alt=\"Un m\u00fasico callejero en la Plaza Mont des Art en Bruselas, B\u00e9lgica, el 23 de octubre del 2020. \" width=\"700\" height=\"467\" srcset=\"https:\/\/www.sinembargo.mx\/wp-content\/uploads\/2020\/10\/ap20300474191106.jpg 700w, https:\/\/www.sinembargo.mx\/wp-content\/uploads\/2020\/10\/ap20300474191106-300x200.jpg 300w\"><\/p>\n\n\n\n<p>Un m\u00fasico callejero en la Plaza Mont des Art en Bruselas, B\u00e9lgica, el 23 de octubre del 2020. Foto: Francisco Seco, AP<\/p>\n\n\n\n<p>Delfraissy advirti\u00f3 que esta nueva oleada del virus podr\u00eda ser \u201cm\u00e1s fuerte que la primera\u201d y se est\u00e1 expandiendo por toda Europa.<\/p>\n\n\n\n<p><strong>B\u00c9LGICA APLICA NUEVAS RESTRICCIONES<\/strong><\/p>\n\n\n\n<p>Las autoridades del B\u00e9lgica advirtieron el lunes que el pa\u00eds enfrenta una semana crucial en su batalla contra el coronavirus, al aplicar una serie de restricciones nuevas.<img decoding=\"async\" src=\"https:\/\/www.sinembargo.mx\/wp-content\/uploads\/2020\/10\/b22785bc01f68ee2f35512d09063e1873aa7423a-1.jpg\" alt=\"\"><\/p>\n\n\n\n<h4 class=\"wp-block-heading\"><a href=\"https:\/\/www.sinembargo.mx\/09-10-2020\/3874438\">VER M\u00c1S<\/a><\/h4>\n\n\n\n<h5 class=\"wp-block-heading\"><a href=\"https:\/\/www.sinembargo.mx\/09-10-2020\/3874438\">Francia, Espa\u00f1a, B\u00e9lgica, Reino Unido\u2026 Segunda oleada de COVID-19 luce imparable en pa\u00edses de Europa<\/a><\/h5>\n\n\n\n<p>En B\u00e9lgica se est\u00e1n reportando casi 12 mil 500 casos cada 24 horas, seg\u00fan cifras difundidas el lunes correspondientes al per\u00edodo entre el 16 y el 22 de octubre. Aproximadamente, una de cada cinco personas sometidas a la prueba da positivo, y los ancianos est\u00e1n entre los m\u00e1s afectados.<\/p>\n\n\n\n<p>En promedio la semana pasada, 42 personas murieron de coronavirus por d\u00eda, con lo cual es saldo de fatalidades asciende a 10.810 en un pa\u00eds de 11.5 millones de habitantes.<\/p>\n\n\n\n<p>Los hospitales de B\u00e9lgica est\u00e1n pr\u00e1cticamente saturados al estar recibiendo en promedio 467 personas cada d\u00eda, un aumento de 85 por ciento sobre el promedio normal. Unas 5 mil personas est\u00e1n en hospitales y m\u00e1s de 650 de ellas est\u00e1n en unidades de cuidados intensivos, seg\u00fan los datos m\u00e1s recientes.<\/p>\n\n\n\n<blockquote class=\"wp-block-quote is-layout-flow wp-block-quote-is-layout-flow\"><p>\u201cLo que hagamos ahora y en las pr\u00f3ximas dos semanas ser\u00e1 decisivo\u201d, declar\u00f3 Yves Van Laethem, vocero de la agencia a cargo del combate contra la COVID-19. Si la tendencia se mantiene, sostuvo, \u201cen dos semanas estaremos teniendo 2 mil pacientes en cuidados intensivos, es decir, nuestra capacidad m\u00e1xima\u201d.<\/p><\/blockquote>\n\n\n\n<p>Las nuevas medidas anunciadas por el Gobierno fueron implementadas el lunes, pero otras dirigidas a las \u00e1reas de cultura y deportes fueron consideradas insuficientes por dos de las tres regiones de B\u00e9lgica.<img loading=\"lazy\" decoding=\"async\" src=\"https:\/\/www.sinembargo.mx\/wp-content\/uploads\/2020\/10\/ap20282443150071.jpg\" alt=\"Una trabajadora de salud revisa la temperatura de una persona en Vallecas, Madrid, el 7 de octubre del 2020. \" width=\"700\" height=\"467\" srcset=\"https:\/\/www.sinembargo.mx\/wp-content\/uploads\/2020\/10\/ap20282443150071.jpg 700w, https:\/\/www.sinembargo.mx\/wp-content\/uploads\/2020\/10\/ap20282443150071-300x200.jpg 300w\"><\/p>\n\n\n\n<p>Una trabajadora de salud revisa la temperatura de una persona en Vallecas, Madrid, el 7 de octubre del 2020. Foto: Manu Fernandez, AP<\/p>\n\n\n\n<p>La regi\u00f3n francoparlante de Wallonia y la zona de la capital Bruselas ampliaron el toque de queda, que ahora ser\u00e1 de las 2:00 horas a las 6:00. En Bruselas, rige la orden de usar cubrebocas incluso en espacios abiertos, y se orden\u00f3 el cierre de cines, teatros y centros deportivos. Todo el que pueda trabajar desde casa debe hacerlo.<\/p>\n\n\n\n<p>Muchos ciudadanos temen que el pa\u00eds se est\u00e1 encaminado a otro r\u00e9gimen de confinamiento domiciliario colectivo.<\/p>\n\n\n\n<blockquote class=\"wp-block-quote is-layout-flow wp-block-quote-is-layout-flow\"><p>\u201cLa situaci\u00f3n va evolucionando cada d\u00eda m\u00e1s. No se descarta que en unos d\u00edas convocar\u00e9 al Gobierno local para analizar nuevas medidas. No es algo seguro, pero no lo puedo descartar\u201d, declar\u00f3 el Gobernador de la regi\u00f3n de Wallonia, Elio Di Rupo, a la emisora estatal&nbsp;<em>RTBF<\/em>.<\/p><\/blockquote>\n\n\n\n<p><img decoding=\"async\" src=\"https:\/\/www.sinembargo.mx\/wp-content\/uploads\/2020\/10\/pedro-sanchez.jpg\" alt=\"\"><\/p>\n\n\n\n<h4 class=\"wp-block-heading\"><a href=\"https:\/\/www.sinembargo.mx\/25-10-2020\/3882962\">VER M\u00c1S<\/a><\/h4>\n\n\n\n<h5 class=\"wp-block-heading\"><a href=\"https:\/\/www.sinembargo.mx\/25-10-2020\/3882962\">Espa\u00f1a declara nuevo estado de emergencia para frenar casos de COVID. Pide que dure hasta mayo de 2021<\/a><\/h5>\n\n\n\n<p><strong>CATALU\u00d1A CONSIDERA TOQUE DE QUEDA LOS FINES DE SEMANA<\/strong><\/p>\n\n\n\n<p>Las autoridades de Catalu\u00f1a, en el noreste de Espa\u00f1a, est\u00e1n considerando una orden obligatoria de quedarse en casa s\u00f3lo los fines de semana, una de las medidas m\u00e1s estrictas que se imponen en todo el pa\u00eds para combatir un brusco resurgimiento del coronavirus.<\/p>\n\n\n\n<p>Bajo un nuevo estado de emergencia declarado por el Gobierno nacional el domingo, las 17 regiones y dos ciudades aut\u00f3nomas de Espa\u00f1a pueden adaptar restricciones que incluyen un toque de queda nocturno en todo el pa\u00eds, un l\u00edmite de seis personas en reuniones sociales y posibles prohibiciones regionales de viaje.<\/p>\n\n\n\n<p>S\u00f3lo las Islas Canarias, donde la curva de contagio se ha mantenido a raya, estar\u00e1n exentas del toque de queda general de 23:00 horas a 6:00, que los funcionarios de otras regiones pueden decidir ampliar una hora antes o despu\u00e9s.<\/p>\n\n\n\n<p>El objetivo es frenar las infecciones generadas en reuniones de familiares y amigos en casa o en bares.<img loading=\"lazy\" decoding=\"async\" src=\"https:\/\/www.sinembargo.mx\/wp-content\/uploads\/2020\/10\/ap20300524523291.jpg\" alt=\"Manifestantes se congregan en la Plaza Trafalgar de Londres durante una protesta contra el confinamiento establecido por el Gobierno para frenar la propagaci\u00f3n de coronavirus, el s\u00e1bado 24 de octubre de 2020. \" width=\"700\" height=\"467\" srcset=\"https:\/\/www.sinembargo.mx\/wp-content\/uploads\/2020\/10\/ap20300524523291.jpg 700w, https:\/\/www.sinembargo.mx\/wp-content\/uploads\/2020\/10\/ap20300524523291-300x200.jpg 300w\"><\/p>\n\n\n\n<p>Manifestantes se congregan en la Plaza Trafalgar de Londres durante una protesta contra el confinamiento establecido por el Gobierno para frenar la propagaci\u00f3n de coronavirus, el s\u00e1bado 24 de octubre de 2020. Foto: Alberto Pezzali, AP<\/p>\n\n\n\n<p>El Gobierno espa\u00f1ol quiere que el estado de emergencia anunciado el fin de semana se extienda hasta mayo.<\/p>\n\n\n\n<p>Espa\u00f1a se convirti\u00f3 la semana pasada en el primer pa\u00eds europeo en superar el mill\u00f3n de casos de COVID-19 registrados oficialmente, aunque las autoridades dicen que la cifra real podr\u00eda estar muy por encima de los 3 millones.<\/p>\n\n\n\n<p><strong>GRAN BRETA\u00d1A PREV\u00c9 M\u00c1S RESTRICCIONES POR REBROTE<\/strong><img decoding=\"async\" src=\"https:\/\/www.sinembargo.mx\/wp-content\/uploads\/2020\/10\/ap20295518657594-1.jpg\" alt=\"\"><\/p>\n\n\n\n<h4 class=\"wp-block-heading\"><a href=\"https:\/\/www.sinembargo.mx\/21-10-2020\/3881149\">VER M\u00c1S<\/a><\/h4>\n\n\n\n<h5 class=\"wp-block-heading\"><a href=\"https:\/\/www.sinembargo.mx\/21-10-2020\/3881149\">Gobierno brit\u00e1nico amplia restricciones a 1.4 millones de personas ante rebrote de COVID-19<\/a><\/h5>\n\n\n\n<p>Se espera que las autoridades de Gran Breta\u00f1a endurezcan las restricciones en m\u00e1s zonas del pa\u00eds esta semana, en medio de se\u00f1ales mixtas sobre si las recientes medidas han logrado contener un marcado incremento de contagios de coronavirus.<\/p>\n\n\n\n<p>Los cient\u00edficos que asesoran al Gobierno se\u00f1alaron que existen algunos indicios de que el alza ha empezado a estabilizarse desde que entr\u00f3 en vigor un sistema de tres niveles de restricciones ante el riesgo por COVID-19, pero advirtieron que es demasiado pronto para saberlo con certeza.<\/p>\n\n\n\n<p>Una gran parte del norte de Inglaterra, incluyendo las grandes ciudades de Liverpool, Manchester y Sheffield, ha sido considerado entre las zonas de \u201cmuy alto\u201d riesgo, por lo que los pubs han tenido que cerrar y se ha prohibido el convivio entre personas de distintos hogares.<\/p>\n\n\n\n<p>Las disparidades regionales est\u00e1n causando fricciones entre pol\u00edticos que gobiernan en el norte del pa\u00eds y el Gobierno conservador del Primer Ministro Boris Johnson, al que acusan de no hacer lo suficiente para apoyar a la poblaci\u00f3n y los negocios afectados por los confinamientos locales.<\/p>\n\n\n\n<p>Sin embargo, el Gobierno brit\u00e1nico s\u00ed ha entablado el di\u00e1logo con l\u00edderes locales de otras \u00e1reas, entre ellas la ciudad de Warrington en el noroeste de Inglaterra y el condado de Nottinghamshire \u2014en el centro de Inglaterra\u2014 respecto a pasar al nivel m\u00e1ximo.<img loading=\"lazy\" decoding=\"async\" src=\"https:\/\/www.sinembargo.mx\/wp-content\/uploads\/2020\/10\/ap20286616643615.jpg\" alt=\"El Primer Ministro brit\u00e1nico Boris Johnson sale del n\u00famero 10 de Downing Street rumbo al Parlamento, en Londres, el lunes 12 de octubre de 2020. \" width=\"700\" height=\"467\" srcset=\"https:\/\/www.sinembargo.mx\/wp-content\/uploads\/2020\/10\/ap20286616643615.jpg 700w, https:\/\/www.sinembargo.mx\/wp-content\/uploads\/2020\/10\/ap20286616643615-300x200.jpg 300w\"><\/p>\n\n\n\n<p>El Primer Ministro brit\u00e1nico Boris Johnson sale del n\u00famero 10 de Downing Street rumbo al Parlamento, en Londres, el lunes 12 de octubre de 2020. Foto: Kirsty Wigglesworth, AP<\/p>\n\n\n\n<p>Gales, Escocia e Irlanda del Norte han establecido sus propias normas de salud p\u00fablica, con las que las autoridades galesas presentaron la medida m\u00e1s estricta: un confinamiento de 17 d\u00edas para todos sus tres millones de habitantes.<\/p>\n\n\n\n<p>Gran Breta\u00f1a registra el brote de coronavirus m\u00e1s letal de Europa, con casi 45 mil fallecimientos.<\/p>\n\n\n\n<p>Fuente: https:\/\/www.sinembargo.mx\/26-10-2020\/3883459<\/p>\n\n\n\n<p><\/p>\n","protected":false},"excerpt":{"rendered":"<p>Por AP SinEmbargo Texas\/Par\u00eds\/Bruselas\/Madrid\/Londres, 26 de octubre (AP).\u2013 La pandemia de&nbsp;COVID-19&nbsp;est\u00e1 obligando de nuevo a diversos pa\u00edses del mundo, principalmente [&hellip;]<\/p>\n","protected":false},"author":1,"featured_media":446,"comment_status":"open","ping_status":"open","sticky":false,"template":"","format":"standard","meta":{"site-sidebar-layout":"default","site-content-layout":"","ast-site-content-layout":"default","site-content-style":"default","site-sidebar-style":"default","ast-global-header-display":"","ast-banner-title-visibility":"","ast-main-header-display":"","ast-hfb-above-header-display":"","ast-hfb-below-header-display":"","ast-hfb-mobile-header-display":"","site-post-title":"","ast-breadcrumbs-content":"","ast-featured-img":"","footer-sml-layout":"","theme-transparent-header-meta":"","adv-header-id-meta":"","stick-header-meta":"","header-above-stick-meta":"","header-main-stick-meta":"","header-below-stick-meta":"","astra-migrate-meta-layouts":"default","ast-page-background-enabled":"default","ast-page-background-meta":{"desktop":{"background-color":"var(--ast-global-color-4)","background-image":"","background-repeat":"repeat","background-position":"center center","background-size":"auto","background-attachment":"scroll","background-type":"","background-media":"","overlay-type":"","overlay-color":"","overlay-opacity":"","overlay-gradient":""},"tablet":{"background-color":"","background-image":"","background-repeat":"repeat","background-position":"center center","background-size":"auto","background-attachment":"scroll","background-type":"","background-media":"","overlay-type":"","overlay-color":"","overlay-opacity":"","overlay-gradient":""},"mobile":{"background-color":"","background-image":"","background-repeat":"repeat","background-position":"center center","background-size":"auto","background-attachment":"scroll","background-type":"","background-media":"","overlay-type":"","overlay-color":"","overlay-opacity":"","overlay-gradient":""}},"ast-content-background-meta":{"desktop":{"background-color":"var(--ast-global-color-5)","background-image":"","background-repeat":"repeat","background-position":"center center","background-size":"auto","background-attachment":"scroll","background-type":"","background-media":"","overlay-type":"","overlay-color":"","overlay-opacity":"","overlay-gradient":""},"tablet":{"background-color":"var(--ast-global-color-5)","background-image":"","background-repeat":"repeat","background-position":"center center","background-size":"auto","background-attachment":"scroll","background-type":"","background-media":"","overlay-type":"","overlay-color":"","overlay-opacity":"","overlay-gradient":""},"mobile":{"background-color":"var(--ast-global-color-5)","background-image":"","background-repeat":"repeat","background-position":"center center","background-size":"auto","background-attachment":"scroll","background-type":"","background-media":"","overlay-type":"","overlay-color":"","overlay-opacity":"","overlay-gradient":""}},"footnotes":""},"categories":[8],"tags":[],"class_list":["post-443","post","type-post","status-publish","format-standard","has-post-thumbnail","hentry","category-noticias"],"_links":{"self":[{"href":"https:\/\/losperiodistas.com.mx\/portal\/wp-json\/wp\/v2\/posts\/443","targetHints":{"allow":["GET"]}}],"collection":[{"href":"https:\/\/losperiodistas.com.mx\/portal\/wp-json\/wp\/v2\/posts"}],"about":[{"href":"https:\/\/losperiodistas.com.mx\/portal\/wp-json\/wp\/v2\/types\/post"}],"author":[{"embeddable":true,"href":"https:\/\/losperiodistas.com.mx\/portal\/wp-json\/wp\/v2\/users\/1"}],"replies":[{"embeddable":true,"href":"https:\/\/losperiodistas.com.mx\/portal\/wp-json\/wp\/v2\/comments?post=443"}],"version-history":[{"count":3,"href":"https:\/\/losperiodistas.com.mx\/portal\/wp-json\/wp\/v2\/posts\/443\/revisions"}],"predecessor-version":[{"id":447,"href":"https:\/\/losperiodistas.com.mx\/portal\/wp-json\/wp\/v2\/posts\/443\/revisions\/447"}],"wp:featuredmedia":[{"embeddable":true,"href":"https:\/\/losperiodistas.com.mx\/portal\/wp-json\/wp\/v2\/media\/446"}],"wp:attachment":[{"href":"https:\/\/losperiodistas.com.mx\/portal\/wp-json\/wp\/v2\/media?parent=443"}],"wp:term":[{"taxonomy":"category","embeddable":true,"href":"https:\/\/losperiodistas.com.mx\/portal\/wp-json\/wp\/v2\/categories?post=443"},{"taxonomy":"post_tag","embeddable":true,"href":"https:\/\/losperiodistas.com.mx\/portal\/wp-json\/wp\/v2\/tags?post=443"}],"curies":[{"name":"wp","href":"https:\/\/api.w.org\/{rel}","templated":true}]}}