{"id":4397,"date":"2021-02-10T06:38:24","date_gmt":"2021-02-10T12:38:24","guid":{"rendered":"http:\/\/losperiodistas.com.mx\/portal\/?p=4397"},"modified":"2021-02-10T06:38:24","modified_gmt":"2021-02-10T12:38:24","slug":"la-persona-mas-mayor-de-europa-una-monja-francesa-de-116-anos-supera-la-covid-19-euronews","status":"publish","type":"post","link":"https:\/\/losperiodistas.com.mx\/portal\/la-persona-mas-mayor-de-europa-una-monja-francesa-de-116-anos-supera-la-covid-19-euronews\/","title":{"rendered":"La persona m\u00e1s mayor de Europa, una monja francesa de 116 a\u00f1os, supera la COVID-19 | EuroNews"},"content":{"rendered":"\n<p class=\"has-vivid-cyan-blue-color has-text-color has-medium-font-size\">AP \/ EURONEWS<\/p>\n\n\n\n<p>Una monja francesa de 116 a\u00f1os que se cree que es la persona con m\u00e1s edad de Europa ha sobrevivido a la COVID-19 y est\u00e1 deseando celebrar su 117\u00ba cumplea\u00f1os el jueves.<\/p>\n\n\n\n<p>El\u00a0<a rel=\"noreferrer noopener\" href=\"https:\/\/grg.org\/\" target=\"_blank\">Grupo de Investigaci\u00f3n Gerontol\u00f3gica<\/a>, que valida los datos de las personas que se cree que tienen 110 a\u00f1os o m\u00e1s, incluye a la francesa Lucile Randon -nombre de nacimiento de la hermana Andr\u00e9- como la segunda persona viva m\u00e1s anciana del mundo. En la imagen la vemos celebrando su 116\u00ba cumplea\u00f1os el 11 de febrero rodeada de periodistas.<\/p>\n\n\n\n<p>Los medios de comunicaci\u00f3n franceses informaron de que la monja dio positivo en las pruebas del coronavirus a mediados de enero en la ciudad de Toulon, al sur de Francia. Pero apenas tres semanas despu\u00e9s, se la considera recuperada.<\/p>\n\n\n\n<p>\u00abNi siquiera me di cuenta de que lo ten\u00eda\u00bb, declar\u00f3 al peri\u00f3dico franc\u00e9s Var-Matin.<\/p>\n\n\n\n<p>La hermana Andr\u00e9, que es ciega y utiliza una silla de ruedas, no pareci\u00f3 preocupada cuando recibi\u00f3 el diagn\u00f3stico.<\/p>\n\n\n\n<p>\u00abNo me pregunt\u00f3 por su salud, sino por sus h\u00e1bitos\u00bb, explic\u00f3 al peri\u00f3dico David Tavella, responsable de comunicaci\u00f3n de la residencia donde vive la monja.<\/p>\n\n\n\n<p>\u00abPor ejemplo, quer\u00eda saber si los horarios de las comidas o la hora de acostarse iban a cambiar. No mostraba ning\u00fan miedo a la enfermedad. En cambio, estaba muy preocupada por los dem\u00e1s residentes\u00bb.<\/p>\n\n\n\n<p>Pero no todos los residentes del asilo de ancianos tuvieron la misma suerte con el virus que la hermana Andr\u00e9. El pasado enero, 81 de los 88 residentes dieron positivo en las pruebas del virus, y unos 10 de ellos murieron, seg\u00fan Var-Matin.<\/p>\n\n\n\n<p>Una vez que los m\u00e9dicos confirmaron que la monja ya no estaba infectada, se le ha permitido volver a asistir a misa.<\/p>\n\n\n\n<p>Fuente: https:\/\/es.euronews.com\/2021\/02\/10\/la-persona-mas-mayor-de-europa-una-monja-francesa-de-116-anos-supera-la-covid-19<\/p>\n","protected":false},"excerpt":{"rendered":"<p>AP \/ EURONEWS Una monja francesa de 116 a\u00f1os que se cree que es la persona con m\u00e1s edad de [&hellip;]<\/p>\n","protected":false},"author":1,"featured_media":4398,"comment_status":"open","ping_status":"open","sticky":false,"template":"","format":"standard","meta":{"site-sidebar-layout":"default","site-content-layout":"","ast-site-content-layout":"default","site-content-style":"default","site-sidebar-style":"default","ast-global-header-display":"","ast-banner-title-visibility":"","ast-main-header-display":"","ast-hfb-above-header-display":"","ast-hfb-below-header-display":"","ast-hfb-mobile-header-display":"","site-post-title":"","ast-breadcrumbs-content":"","ast-featured-img":"","footer-sml-layout":"","theme-transparent-header-meta":"","adv-header-id-meta":"","stick-header-meta":"","header-above-stick-meta":"","header-main-stick-meta":"","header-below-stick-meta":"","astra-migrate-meta-layouts":"default","ast-page-background-enabled":"default","ast-page-background-meta":{"desktop":{"background-color":"var(--ast-global-color-4)","background-image":"","background-repeat":"repeat","background-position":"center center","background-size":"auto","background-attachment":"scroll","background-type":"","background-media":"","overlay-type":"","overlay-color":"","overlay-opacity":"","overlay-gradient":""},"tablet":{"background-color":"","background-image":"","background-repeat":"repeat","background-position":"center center","background-size":"auto","background-attachment":"scroll","background-type":"","background-media":"","overlay-type":"","overlay-color":"","overlay-opacity":"","overlay-gradient":""},"mobile":{"background-color":"","background-image":"","background-repeat":"repeat","background-position":"center center","background-size":"auto","background-attachment":"scroll","background-type":"","background-media":"","overlay-type":"","overlay-color":"","overlay-opacity":"","overlay-gradient":""}},"ast-content-background-meta":{"desktop":{"background-color":"var(--ast-global-color-5)","background-image":"","background-repeat":"repeat","background-position":"center center","background-size":"auto","background-attachment":"scroll","background-type":"","background-media":"","overlay-type":"","overlay-color":"","overlay-opacity":"","overlay-gradient":""},"tablet":{"background-color":"var(--ast-global-color-5)","background-image":"","background-repeat":"repeat","background-position":"center center","background-size":"auto","background-attachment":"scroll","background-type":"","background-media":"","overlay-type":"","overlay-color":"","overlay-opacity":"","overlay-gradient":""},"mobile":{"background-color":"var(--ast-global-color-5)","background-image":"","background-repeat":"repeat","background-position":"center center","background-size":"auto","background-attachment":"scroll","background-type":"","background-media":"","overlay-type":"","overlay-color":"","overlay-opacity":"","overlay-gradient":""}},"footnotes":""},"categories":[8],"tags":[],"class_list":["post-4397","post","type-post","status-publish","format-standard","has-post-thumbnail","hentry","category-noticias"],"_links":{"self":[{"href":"https:\/\/losperiodistas.com.mx\/portal\/wp-json\/wp\/v2\/posts\/4397","targetHints":{"allow":["GET"]}}],"collection":[{"href":"https:\/\/losperiodistas.com.mx\/portal\/wp-json\/wp\/v2\/posts"}],"about":[{"href":"https:\/\/losperiodistas.com.mx\/portal\/wp-json\/wp\/v2\/types\/post"}],"author":[{"embeddable":true,"href":"https:\/\/losperiodistas.com.mx\/portal\/wp-json\/wp\/v2\/users\/1"}],"replies":[{"embeddable":true,"href":"https:\/\/losperiodistas.com.mx\/portal\/wp-json\/wp\/v2\/comments?post=4397"}],"version-history":[{"count":1,"href":"https:\/\/losperiodistas.com.mx\/portal\/wp-json\/wp\/v2\/posts\/4397\/revisions"}],"predecessor-version":[{"id":4399,"href":"https:\/\/losperiodistas.com.mx\/portal\/wp-json\/wp\/v2\/posts\/4397\/revisions\/4399"}],"wp:featuredmedia":[{"embeddable":true,"href":"https:\/\/losperiodistas.com.mx\/portal\/wp-json\/wp\/v2\/media\/4398"}],"wp:attachment":[{"href":"https:\/\/losperiodistas.com.mx\/portal\/wp-json\/wp\/v2\/media?parent=4397"}],"wp:term":[{"taxonomy":"category","embeddable":true,"href":"https:\/\/losperiodistas.com.mx\/portal\/wp-json\/wp\/v2\/categories?post=4397"},{"taxonomy":"post_tag","embeddable":true,"href":"https:\/\/losperiodistas.com.mx\/portal\/wp-json\/wp\/v2\/tags?post=4397"}],"curies":[{"name":"wp","href":"https:\/\/api.w.org\/{rel}","templated":true}]}}