{"id":4385,"date":"2021-02-09T19:39:09","date_gmt":"2021-02-10T01:39:09","guid":{"rendered":"http:\/\/losperiodistas.com.mx\/portal\/?p=4385"},"modified":"2021-02-09T19:39:09","modified_gmt":"2021-02-10T01:39:09","slug":"prohibir-la-censura-los-10-puntos-de-la-propuesta-de-un-senador-de-mexico-para-regular-a-gigantes-tecnologicos-como-facebook-y-twitter-rt","status":"publish","type":"post","link":"https:\/\/losperiodistas.com.mx\/portal\/prohibir-la-censura-los-10-puntos-de-la-propuesta-de-un-senador-de-mexico-para-regular-a-gigantes-tecnologicos-como-facebook-y-twitter-rt\/","title":{"rendered":"\u00bfProhibir la censura? Los 10 puntos de la propuesta de un senador de M\u00e9xico para regular a gigantes tecnol\u00f3gicos como Facebook y Twitter | RT"},"content":{"rendered":"\n<p style=\"font-size:18px\"><em>La pol\u00e9mica iniciativa busca que los t\u00e9rminos y condiciones con que operan las compa\u00f1\u00edas de redes sociales sean autorizadas por el Estado.<\/em><\/p>\n\n\n\n<p class=\"has-vivid-cyan-blue-color has-text-color has-medium-font-size\">RT<\/p>\n\n\n\n<p>El&nbsp;legislador Ricardo Monreal, coordinador de Morena en el Senado de M\u00e9xico, public\u00f3 la iniciativa con la que el partido del presidente Andr\u00e9s Manuel L\u00f3pez Obrador busca regular las operaciones de las redes sociales en el pa\u00eds, luego de la pol\u00e9mica generada por&nbsp;los&nbsp;casos de censura en plataformas como Twitter y Facebook.<\/p>\n\n\n\n<p>A trav\u00e9s de un mensaje en sus redes, Monreal difundi\u00f3 su proyecto de ley,\u00a0que pretende enriquecer con opiniones de expertos antes de presentarlo formalmente ante el Congreso en las pr\u00f3ximas semanas.<\/p>\n\n\n\n<figure class=\"wp-block-embed-twitter wp-block-embed is-type-rich is-provider-twitter\"><div class=\"wp-block-embed__wrapper\">\n<blockquote class=\"twitter-tweet\" data-width=\"500\" data-dnt=\"true\"><p lang=\"es\" dir=\"ltr\"><a href=\"https:\/\/twitter.com\/hashtag\/EnVivo?src=hash&amp;ref_src=twsrc%5Etfw\">#EnVivo<\/a> He decidido compartir con ustedes mi proyecto de iniciativa sobre redes sociales. Espero sus comentarios para enriquecerla, y poder presentarla en tres semanas. No perdamos de vista el objetivo principal: <a href=\"https:\/\/twitter.com\/hashtag\/RegularNoCensurar?src=hash&amp;ref_src=twsrc%5Etfw\">#RegularNoCensurar<\/a> <a href=\"https:\/\/t.co\/dxai3jc1cS\">https:\/\/t.co\/dxai3jc1cS<\/a><\/p>&mdash; Ricardo Monreal A. (@RicardoMonrealA) <a href=\"https:\/\/twitter.com\/RicardoMonrealA\/status\/1358918149916164096?ref_src=twsrc%5Etfw\">February 8, 2021<\/a><\/blockquote><script async src=\"https:\/\/platform.twitter.com\/widgets.js\" charset=\"utf-8\"><\/script>\n<\/div><\/figure>\n\n\n\n<p>\u00abLas redes sociales, plataformas digitales, han cobrado relieve y demasiada importancia. Se han erigido no solo en poderosos&nbsp;<strong>emporios econ\u00f3micos<\/strong>, sino tambi\u00e9n en poderosos instrumentos de comunicaci\u00f3n. Por esa raz\u00f3n el Estado no puede mantenerse ajeno, omiso o indiferente frente a&nbsp;<strong>este poder\u00edo que debe ser regulado<\/strong>\u00ab, se\u00f1al\u00f3 Monreal en un mensaje difundido en redes.<\/p>\n\n\n\n<p>\u00abNo puede un ente privado privarte de tus derechos, simplemente eliminarte del acceso a la informaci\u00f3n y el derecho a la expresi\u00f3n sin un recurso de defensa\u00bb, agreg\u00f3.<\/p>\n\n\n\n<h3 class=\"wp-block-heading\">\u00bfEn qu\u00e9 consiste el proyecto de ley?<\/h3>\n\n\n\n<p>La&nbsp;<a href=\"https:\/\/ricardomonrealavila.com\/wp-content\/uploads\/2021\/02\/REDES-SOCIALES-Propuesta-Iniciativa-29.01.21.pdf\" target=\"_blank\" rel=\"noreferrer noopener\">iniciativa<\/a>&nbsp;contempla una serie de medidas,&nbsp;entre ellas:&nbsp;<\/p>\n\n\n\n<p>1. Las empresas digitalesque&nbsp;cuenten con&nbsp;<strong>un mill\u00f3n o m\u00e1s de suscriptores o usuarios<\/strong>&nbsp;necesitar\u00e1n la&nbsp;<strong>autorizaci\u00f3n<\/strong>&nbsp;del Instituto Federal de Telecomunicaciones (IFT) para prestar el servicio de redes sociales en M\u00e9xico.<\/p>\n\n\n\n<p>2. Una vez conseguida la autorizaci\u00f3n, las empresas&nbsp;<strong>no podr\u00e1n modificar<\/strong>&nbsp;los t\u00e9rminos y condiciones de servicio sin previa autorizaci\u00f3n del regulador.<\/p>\n\n\n\n<p>3. Los t\u00e9rminos para&nbsp;<strong>suspender o cancelar<\/strong>&nbsp;cuentas ser\u00e1n definidos por las compa\u00f1\u00edas de redes, pero deber\u00e1n ser autorizados por el IFT.<\/p>\n\n\n\n<p>4. Las plataformas digitales deber\u00e1n contar con un \u00e1rea espec\u00edfica para&nbsp;<strong>atender quejas por&nbsp;cancelaci\u00f3n definitiva de cuentas o perfiles<\/strong>. Un grupo de expertos en derechos humanos deber\u00e1 emitir una resoluci\u00f3n correspondiente en cada caso.&nbsp;Tambi\u00e9n se busca prohibir el uso&nbsp;de algoritmos o tecnolog\u00edas automatizadas para resolver estos conflictos.&nbsp;<\/p>\n\n\n\n<figure class=\"wp-block-image\"><img decoding=\"async\" src=\"https:\/\/cdni.rt.com\/actualidad\/public_images\/2021.02\/original\/6022b9f4e9ff717fae68864b.jpg\" alt=\"\"\/><figcaption>Imagen ilustrativaPixabay \/ terimakasih0<\/figcaption><\/figure>\n\n\n\n<p>5. La cancelaci\u00f3n o suspensi\u00f3n de cuentas&nbsp;<strong>solo proceder\u00e1 cuando se acredite<\/strong>: la difusi\u00f3n de noticias falsas; ataques contra la moral y el orden p\u00fablico, la vida privada, los derechos de terceros; se provoque alg\u00fan delito; se perturbe el orden p\u00fablico; se vulneran derechos de los menores de edad; se acredite la difusi\u00f3n de mensajes de odio y se revelen datos personales en violaci\u00f3n a las leyes mexicanas.&nbsp;<\/p>\n\n\n\n<p>6. Los t\u00e9rminos y condiciones&nbsp;autorizados deben ser consistentes con las leyes de&nbsp;<strong>libertad de expresi\u00f3n<\/strong>&nbsp;que existen en la legislaci\u00f3n mexicana.&nbsp;<\/p>\n\n\n\n<p>7. Las plataformas digitales deben incluir en sus t\u00e9rminos y condiciones un procedimiento interno para que sus usuarios puedan&nbsp;<strong>impugnar<\/strong>&nbsp;la suspensi\u00f3n de su cuenta o perfil.<\/p>\n\n\n\n<p>8. El procedimiento de impugnaci\u00f3n deber\u00e1 ser resuelta por la red social en un&nbsp;<strong>plazo no mayor a 24 horas<\/strong>.<\/p>\n\n\n\n<p>9.&nbsp;Las compa\u00f1\u00edas deber\u00e1n crear en su&nbsp;<strong>estructura interna<\/strong>&nbsp;un \u00e1rea que espec\u00edficamente resuelva dichas impugnaciones.<\/p>\n\n\n\n<p>10. Las infracciones ser\u00e1n&nbsp;<strong>sancionadas<\/strong>&nbsp;por el IFT con multas que podr\u00e1n alcanzar los&nbsp;82 millones de pesos (poco m\u00e1s de 4 millones de d\u00f3lares).<\/p>\n\n\n\n<h3 class=\"wp-block-heading\">\u00bfPromover o prohibir la censura?<\/h3>\n\n\n\n<p>La propuesta del senador de Morena gener\u00f3 una serie de reacciones en las redes sociales.<\/p>\n\n\n\n<p>Por un lado, algunos usuarios&nbsp;<a href=\"https:\/\/twitter.com\/luiscarlosplata\/status\/1359138857556402181\" target=\"_blank\" rel=\"noreferrer noopener\">consideran<\/a>&nbsp;que la&nbsp;iniciativa&nbsp;implica un&nbsp;<strong>mecanismo de censura indirecta<\/strong>&nbsp;por parte del Estado.&nbsp;<\/p>\n\n\n\n<p>En contraparte, otros\u00a0<a rel=\"noreferrer noopener\" href=\"https:\/\/twitter.com\/Navegaciones\/status\/1359038250392948737\" target=\"_blank\">advierten<\/a>\u00a0que la\u00a0propuesta busca\u00a0garantizar que las empresas privadas\u00a0<strong>no censurar\u00e1n arbitrariamente a los usuarios<\/strong>\u00a0y transparentar\u00e1n sus decisiones en materia de contenidos.<\/p>\n\n\n\n<figure class=\"wp-block-embed-twitter wp-block-embed is-type-rich is-provider-twitter\"><div class=\"wp-block-embed__wrapper\">\nhttps:\/\/twitter.com\/Ateneam\/status\/1358953447983378432?s=20\n<\/div><\/figure>\n\n\n\n<figure class=\"wp-block-embed-twitter wp-block-embed is-type-rich is-provider-twitter\"><div class=\"wp-block-embed__wrapper\">\n<blockquote class=\"twitter-tweet\" data-width=\"500\" data-dnt=\"true\"><p lang=\"es\" dir=\"ltr\">Los chairos p* no est\u00e1n alterados por la &quot;propuesta&quot; de Ricardo Monreal, sobre regular redes como Facebook y Twitter, ya se sienten &quot;favorecidos&quot;, pero no se enteran que esa soga va al cuello de todos. \ud83e\udd26\u200d\u2642\ufe0f<br><br>L\u00f3pez Robador no lleg\u00f3 para quedarse y puede volte\u00e1rseles el chirri\u00f3n\u203c\ufe0f \ud83d\udc41\ufe0f <a href=\"https:\/\/t.co\/jcsPqXrnAT\">pic.twitter.com\/jcsPqXrnAT<\/a><\/p>&mdash; DIEG\u00d8NYM\u00d8US\ud83d\udd75\ufe0f\u200d\u2642\ufe0f\ud83d\udc65 (@Diegonymous) <a href=\"https:\/\/x.com\/Diegonymous\/status\/1359115873865367556?ref_src=twsrc%5Etfw\">February 9, 2021<\/a><\/blockquote><script async src=\"https:\/\/platform.x.com\/widgets.js\" charset=\"utf-8\"><\/script>\n<\/div><\/figure>\n\n\n\n<figure class=\"wp-block-embed-twitter wp-block-embed is-type-rich is-provider-twitter\"><div class=\"wp-block-embed__wrapper\">\nhttps:\/\/twitter.com\/callodehacha\/status\/1356774732599812098?s=20\n<\/div><\/figure>\n\n\n\n<p>La propuesta de ley tambi\u00e9n dar\u00eda facultades al&nbsp;<strong>Instituto Nacional Electoral<\/strong>&nbsp;(INE) para regular el uso de redes sociales por sujetos obligados en materia pol\u00edtico electoral.<\/p>\n\n\n\n<p>Una situaci\u00f3n que tambi\u00e9n ha generado&nbsp;<a href=\"https:\/\/twitter.com\/NachoRgz\/status\/1359154582509805569\" target=\"_blank\" rel=\"noreferrer noopener\">cr\u00edticas<\/a>, dada la desconfianza que existe entre algunos sectores en torno a las facultades del \u00e1rbitro electoral, que en las \u00faltimas semanas estuvo en medio de la pol\u00e9mica al pretender&nbsp;<a href=\"https:\/\/actualidad.rt.com\/actualidad\/380027-propaganda-informacion-conferencias-lopez-obrador\" target=\"_blank\" rel=\"noreferrer noopener\">impedir<\/a>&nbsp;la difusi\u00f3n completa de las conferencias matutinas de L\u00f3pez Obrador con la justificaci\u00f3n de cuidar el proceso electoral rumbo a las votaciones intermedias de 2021.<\/p>\n\n\n\n<h3 class=\"wp-block-heading\">Twitter y Facebook, en el punto de mira<\/h3>\n\n\n\n<p>La propuesta de regular las redes se produjo luego de que el presidente de M\u00e9xico cuestionase la manera en que Facebook y Twitter censuraron y bloquearon mensajes del entonces presidente de EE.UU., Donald Trump, a inicios de 2021, tras la toma del Capitolio estadounidense.<\/p>\n\n\n\n<figure class=\"wp-block-image\"><img decoding=\"async\" src=\"https:\/\/cdni.rt.com\/actualidad\/public_images\/2021.02\/thumbnail\/6018455ae9ff717ec0676e90.JPG\" alt=\"Filtran conversaciones privadas entre Zuckerberg y otros directivos de Facebook en las que admiten que tienen &quot;demasiado poder&quot;\"\/><\/figure>\n\n\n\n<p><a href=\"https:\/\/actualidad.rt.com\/actualidad\/382152-filtran-conversaciones-privadas-lideres-facebook\">Filtran conversaciones privadas entre Zuckerberg y otros directivos de Facebook en las que admiten que tienen \u00abdemasiado poder\u00bb<\/a><\/p>\n\n\n\n<p>El pasado 14 de enero, L\u00f3pez Obrador incluso&nbsp;<a href=\"https:\/\/actualidad.rt.com\/actualidad\/380153-lopez-obrador-g20-censura-redes-trump\" target=\"_blank\" rel=\"noreferrer noopener\">se\u00f1al\u00f3<\/a>&nbsp;que propondr\u00eda regular las plataformas digitales durante la pr\u00f3xima reuni\u00f3n del G-20.<\/p>\n\n\n\n<p>Sin embargo, el contexto de polarizaci\u00f3n pol\u00edtica que existe en el pa\u00eds latinoamericano ha ocasionado que varios opositores al Gobierno se\u00f1alen que la iniciativa est\u00e1 pensada para limitar a los cr\u00edticos del Gobierno mexicano.<\/p>\n\n\n\n<p>En contraparte, algunos simpatizantes del mandatario respaldan la iniciativa, tras considerar que Twitter censur\u00f3 varias cuentas afines al Ejecutivo, luego de que el presidente&nbsp;<a href=\"https:\/\/actualidad.rt.com\/actualidad\/381079-conflicto-lopez-obrador-twitter-escala-mexico\" target=\"_blank\" rel=\"noreferrer noopener\">expusiera<\/a>&nbsp;los v\u00ednculos de un directivo de la compa\u00f1\u00eda y un partido conservador.&nbsp;<\/p>\n\n\n\n<p>En las \u00faltimas semanas, el fundador de Facebook, Mark Zuckerberg, y otros directivos del gigante tecnol\u00f3gico&nbsp;<a href=\"https:\/\/actualidad.rt.com\/actualidad\/382152-filtran-conversaciones-privadas-lideres-facebook\" target=\"_blank\" rel=\"noreferrer noopener\">reconocieron<\/a>&nbsp;que la red social ten\u00eda \u00abdemasiado poder\u00bb para censurar opiniones, de acuerdo con dos videos que incluyen conversaciones privadas y fueron filtradas por trabajadores de la compa\u00f1\u00eda.&nbsp;<\/p>\n\n\n\n<h3 class=\"wp-block-heading\">Manuel Hern\u00e1ndez Borbolla<\/h3>\n\n\n\n<p>Fuente: https:\/\/actualidad.rt.com\/actualidad\/382994-proyecto-ley-mexico-regular-facebook-twitter<\/p>\n","protected":false},"excerpt":{"rendered":"<p>La pol\u00e9mica iniciativa busca que los t\u00e9rminos y condiciones con que operan las compa\u00f1\u00edas de redes sociales sean autorizadas por [&hellip;]<\/p>\n","protected":false},"author":1,"featured_media":4386,"comment_status":"open","ping_status":"open","sticky":false,"template":"","format":"standard","meta":{"site-sidebar-layout":"default","site-content-layout":"","ast-site-content-layout":"default","site-content-style":"default","site-sidebar-style":"default","ast-global-header-display":"","ast-banner-title-visibility":"","ast-main-header-display":"","ast-hfb-above-header-display":"","ast-hfb-below-header-display":"","ast-hfb-mobile-header-display":"","site-post-title":"","ast-breadcrumbs-content":"","ast-featured-img":"","footer-sml-layout":"","theme-transparent-header-meta":"","adv-header-id-meta":"","stick-header-meta":"","header-above-stick-meta":"","header-main-stick-meta":"","header-below-stick-meta":"","astra-migrate-meta-layouts":"default","ast-page-background-enabled":"default","ast-page-background-meta":{"desktop":{"background-color":"var(--ast-global-color-4)","background-image":"","background-repeat":"repeat","background-position":"center center","background-size":"auto","background-attachment":"scroll","background-type":"","background-media":"","overlay-type":"","overlay-color":"","overlay-opacity":"","overlay-gradient":""},"tablet":{"background-color":"","background-image":"","background-repeat":"repeat","background-position":"center center","background-size":"auto","background-attachment":"scroll","background-type":"","background-media":"","overlay-type":"","overlay-color":"","overlay-opacity":"","overlay-gradient":""},"mobile":{"background-color":"","background-image":"","background-repeat":"repeat","background-position":"center center","background-size":"auto","background-attachment":"scroll","background-type":"","background-media":"","overlay-type":"","overlay-color":"","overlay-opacity":"","overlay-gradient":""}},"ast-content-background-meta":{"desktop":{"background-color":"var(--ast-global-color-5)","background-image":"","background-repeat":"repeat","background-position":"center center","background-size":"auto","background-attachment":"scroll","background-type":"","background-media":"","overlay-type":"","overlay-color":"","overlay-opacity":"","overlay-gradient":""},"tablet":{"background-color":"var(--ast-global-color-5)","background-image":"","background-repeat":"repeat","background-position":"center center","background-size":"auto","background-attachment":"scroll","background-type":"","background-media":"","overlay-type":"","overlay-color":"","overlay-opacity":"","overlay-gradient":""},"mobile":{"background-color":"var(--ast-global-color-5)","background-image":"","background-repeat":"repeat","background-position":"center center","background-size":"auto","background-attachment":"scroll","background-type":"","background-media":"","overlay-type":"","overlay-color":"","overlay-opacity":"","overlay-gradient":""}},"footnotes":""},"categories":[8],"tags":[],"class_list":["post-4385","post","type-post","status-publish","format-standard","has-post-thumbnail","hentry","category-noticias"],"_links":{"self":[{"href":"https:\/\/losperiodistas.com.mx\/portal\/wp-json\/wp\/v2\/posts\/4385","targetHints":{"allow":["GET"]}}],"collection":[{"href":"https:\/\/losperiodistas.com.mx\/portal\/wp-json\/wp\/v2\/posts"}],"about":[{"href":"https:\/\/losperiodistas.com.mx\/portal\/wp-json\/wp\/v2\/types\/post"}],"author":[{"embeddable":true,"href":"https:\/\/losperiodistas.com.mx\/portal\/wp-json\/wp\/v2\/users\/1"}],"replies":[{"embeddable":true,"href":"https:\/\/losperiodistas.com.mx\/portal\/wp-json\/wp\/v2\/comments?post=4385"}],"version-history":[{"count":1,"href":"https:\/\/losperiodistas.com.mx\/portal\/wp-json\/wp\/v2\/posts\/4385\/revisions"}],"predecessor-version":[{"id":4387,"href":"https:\/\/losperiodistas.com.mx\/portal\/wp-json\/wp\/v2\/posts\/4385\/revisions\/4387"}],"wp:featuredmedia":[{"embeddable":true,"href":"https:\/\/losperiodistas.com.mx\/portal\/wp-json\/wp\/v2\/media\/4386"}],"wp:attachment":[{"href":"https:\/\/losperiodistas.com.mx\/portal\/wp-json\/wp\/v2\/media?parent=4385"}],"wp:term":[{"taxonomy":"category","embeddable":true,"href":"https:\/\/losperiodistas.com.mx\/portal\/wp-json\/wp\/v2\/categories?post=4385"},{"taxonomy":"post_tag","embeddable":true,"href":"https:\/\/losperiodistas.com.mx\/portal\/wp-json\/wp\/v2\/tags?post=4385"}],"curies":[{"name":"wp","href":"https:\/\/api.w.org\/{rel}","templated":true}]}}