{"id":43847,"date":"2022-12-29T10:28:12","date_gmt":"2022-12-29T16:28:12","guid":{"rendered":"http:\/\/losperiodistas.com.mx\/portal\/?p=43847"},"modified":"2022-12-29T10:28:14","modified_gmt":"2022-12-29T16:28:14","slug":"propositos-2023-hacia-el-bienestar-personal-y-comunitario","status":"publish","type":"post","link":"https:\/\/losperiodistas.com.mx\/portal\/propositos-2023-hacia-el-bienestar-personal-y-comunitario\/","title":{"rendered":"<strong>Prop\u00f3sitos 2023, hacia el bienestar personal y comunitario<\/strong>"},"content":{"rendered":"\n<p><\/p>\n\n\n\n<p class=\"has-vivid-red-color has-text-color\" style=\"font-size:26px\"><strong><em>Por Fernando Manzanilla Prieto<\/em><\/strong><\/p>\n\n\n\n<p>En unos d\u00edas termina el 2022, un a\u00f1o que sin duda ha estado lleno de retos, pero tambi\u00e9n de logros alcanzados que nos han permitido cumplir nuestras metas. Hoy que estamos en la v\u00edspera de 2023, tradicionalmente usamos estas fechas para plantearnos nuevos prop\u00f3sitos que gu\u00eden nuestro andar en el a\u00f1o que tenemos en puerta.<\/p>\n\n\n\n<p>Es por ello que, en esta \u00faltima colaboraci\u00f3n de este a\u00f1o, aprovecho para hacer un recuento de los retos que considero imprescindible tener presentes para el 2023, no s\u00f3lo para tener un mejor a\u00f1o, sino sobre todo para tener una mejor vida.<\/p>\n\n\n\n<p>El primero de ellos, debe ser el considerar la encomienda de abonar con nuestras acciones y h\u00e1bitos a mejorar el planeta, ya que no s\u00f3lo es el lugar donde vivimos, sino que adem\u00e1s necesitamos de su biodiversidad para tener una buena calidad de vida.<\/p>\n\n\n\n<p>Para ello es necesario plantearnos el reducir las emisiones de di\u00f3xido de carbono a la atm\u00f3sfera, los cuales, si bien en su mayor\u00eda son producidas por las grandes industrias, desde nuestra trinchera tambi\u00e9n podemos abonar a esta encomienda.<\/p>\n\n\n\n<p>En este sentido, el reto para el a\u00f1o venidero deber\u00e1 incluir llevar a la pr\u00e1ctica h\u00e1bitos como el reducir el uso de pl\u00e1sticos y de art\u00edculos desechables, adem\u00e1s de reciclar y reutilizar los desechos que se obtienen de diversos recipientes y aditamentos de uso diario.<\/p>\n\n\n\n<p>Asimismo, ser\u00e1 necesario intentar disminuir el uso del autom\u00f3vil e incluso, de ser posible, plantearnos la utilizaci\u00f3n de la bicicleta como medio alternativo de transporte, la cual adem\u00e1s de abonar a la ecolog\u00eda, nos permite poner en movimiento el cuerpo y con ello tener una mejor salud.<\/p>\n\n\n\n<p>De igual manera, es importante tratar de dar el mayor uso posible a los aparatos y dispositivos electr\u00f3nicos, lo cual no s\u00f3lo abonar\u00e1 a generar menos desechos y a mermar la llamada \u201cobsolescencia programada\u201d, sino tambi\u00e9n a no caer en pr\u00e1cticas consumistas que afectan nuestro bolsillo.<\/p>\n\n\n\n<p>Otro prop\u00f3sito muy importante a plantearnos para el 2023 debe ser el intentar comprar productos locales, con lo cual no s\u00f3lo abonaremos a la econom\u00eda de los peque\u00f1os productores y a reactivar el mercado local, sino tambi\u00e9n a consumir productos m\u00e1s org\u00e1nicos y artesanales.<\/p>\n\n\n\n<p>Desde luego, una de las principales metas a lograr debe ser la de mejorar las finanzas personales. En este sentido, no basta con desearla, sino se debe trabajar de manera planificada para lograrla, por lo que desde antes de que inicie el a\u00f1o ser\u00e1 importante realizar un plan estrat\u00e9gico que nos permita visualizar deudas, ahorros e inversiones.<\/p>\n\n\n\n<p>Ya que no s\u00f3lo se trata de contar con un fondo de reservas para enfrentar los embates econ\u00f3micos del a\u00f1o venidero, sino de volver productivos nuestros ahorros invirtiendo en proyectos o emprendimientos que nos permitan obtener rendimientos y con ello crecimiento econ\u00f3mico.<\/p>\n\n\n\n<p>Y es que las predicciones financieras para el 2023 no son favorables en muchos sentidos, sin embargo, tambi\u00e9n es un hecho que podemos lograr encontrar oportunidades para afrontarlas e incluso coadyuvar a que quienes nos rodean tengan acceso a una mejor econom\u00eda familiar.<\/p>\n\n\n\n<p>Pero, sobre todo, el mayor reto que debemos plantearnos para el 2023 debe ser apostar a contar con un mejor bienestar que nos permita estar bien de manera integral, tanto en el \u00e1mbito f\u00edsico, mental, emocional y espiritual.<\/p>\n\n\n\n<p>Porque no es posible estar bien en lo comunitario, sino se est\u00e1 bien en lo personal. Para ello ser\u00e1 necesario cuidar la salud, con buenos h\u00e1bitos alimenticios y de activaci\u00f3n f\u00edsica, como es hacer deporte diariamente, as\u00ed como realiz\u00e1ndose revisiones m\u00e9dicas peri\u00f3dicas.<\/p>\n\n\n\n<p>Desde luego, tambi\u00e9n ser\u00e1 necesario procurar una buena salud mental y emocional, a trav\u00e9s de pr\u00e1cticas de meditaci\u00f3n, relajaci\u00f3n e incluso acudiendo a un terapeuta o psic\u00f3logo que de manera profesional nos pueda guiar en este camino.<\/p>\n\n\n\n<p>Asimismo, debemos plantearnos el prop\u00f3sito de poner en el centro el bienestar espiritual, a trav\u00e9s de la reflexi\u00f3n de nuestras creencias y una introspecci\u00f3n personal a nuestro interior.<\/p>\n\n\n\n<p>Porque si bien en cada a\u00f1o que inicia tenemos la oportunidad de replantearnos las metas a alcanzar, a trav\u00e9s de los prop\u00f3sitos, tambi\u00e9n podemos establecer la ruta a seguir para lograrlos.<\/p>\n\n\n\n<p>Por ello, mi propuesta es que para la elaboraci\u00f3n de los prop\u00f3sitos nos tomemos el tiempo para establecerlos a partir del planteamiento de metas realistas y sobre todo de los recursos con los que contamos para llevarlos a la pr\u00e1ctica.<\/p>\n\n\n\n<p>Estoy convencido que este 2023 ser\u00e1 un buen a\u00f1o para todos y todas, ya que a pesar de los retos y vicisitudes a los cuales nos pueda enfrentar, tambi\u00e9n contamos con la capacidad para sacar ventaja de ellos y aprovechar las oportunidades.<\/p>\n","protected":false},"excerpt":{"rendered":"<p>Por Fernando Manzanilla Prieto En unos d\u00edas termina el 2022, un a\u00f1o que sin duda ha estado lleno de retos, [&hellip;]<\/p>\n","protected":false},"author":1,"featured_media":43848,"comment_status":"open","ping_status":"open","sticky":false,"template":"","format":"standard","meta":{"site-sidebar-layout":"default","site-content-layout":"","ast-site-content-layout":"default","site-content-style":"default","site-sidebar-style":"default","ast-global-header-display":"","ast-banner-title-visibility":"","ast-main-header-display":"","ast-hfb-above-header-display":"","ast-hfb-below-header-display":"","ast-hfb-mobile-header-display":"","site-post-title":"","ast-breadcrumbs-content":"","ast-featured-img":"","footer-sml-layout":"","theme-transparent-header-meta":"","adv-header-id-meta":"","stick-header-meta":"","header-above-stick-meta":"","header-main-stick-meta":"","header-below-stick-meta":"","astra-migrate-meta-layouts":"default","ast-page-background-enabled":"default","ast-page-background-meta":{"desktop":{"background-color":"var(--ast-global-color-4)","background-image":"","background-repeat":"repeat","background-position":"center center","background-size":"auto","background-attachment":"scroll","background-type":"","background-media":"","overlay-type":"","overlay-color":"","overlay-opacity":"","overlay-gradient":""},"tablet":{"background-color":"","background-image":"","background-repeat":"repeat","background-position":"center center","background-size":"auto","background-attachment":"scroll","background-type":"","background-media":"","overlay-type":"","overlay-color":"","overlay-opacity":"","overlay-gradient":""},"mobile":{"background-color":"","background-image":"","background-repeat":"repeat","background-position":"center center","background-size":"auto","background-attachment":"scroll","background-type":"","background-media":"","overlay-type":"","overlay-color":"","overlay-opacity":"","overlay-gradient":""}},"ast-content-background-meta":{"desktop":{"background-color":"var(--ast-global-color-5)","background-image":"","background-repeat":"repeat","background-position":"center center","background-size":"auto","background-attachment":"scroll","background-type":"","background-media":"","overlay-type":"","overlay-color":"","overlay-opacity":"","overlay-gradient":""},"tablet":{"background-color":"var(--ast-global-color-5)","background-image":"","background-repeat":"repeat","background-position":"center center","background-size":"auto","background-attachment":"scroll","background-type":"","background-media":"","overlay-type":"","overlay-color":"","overlay-opacity":"","overlay-gradient":""},"mobile":{"background-color":"var(--ast-global-color-5)","background-image":"","background-repeat":"repeat","background-position":"center center","background-size":"auto","background-attachment":"scroll","background-type":"","background-media":"","overlay-type":"","overlay-color":"","overlay-opacity":"","overlay-gradient":""}},"footnotes":""},"categories":[24,8],"tags":[14442,14441],"class_list":["post-43847","post","type-post","status-publish","format-standard","has-post-thumbnail","hentry","category-fernando-manzanilla","category-noticias","tag-bienestar-comunitario","tag-bienestar-personal"],"_links":{"self":[{"href":"https:\/\/losperiodistas.com.mx\/portal\/wp-json\/wp\/v2\/posts\/43847","targetHints":{"allow":["GET"]}}],"collection":[{"href":"https:\/\/losperiodistas.com.mx\/portal\/wp-json\/wp\/v2\/posts"}],"about":[{"href":"https:\/\/losperiodistas.com.mx\/portal\/wp-json\/wp\/v2\/types\/post"}],"author":[{"embeddable":true,"href":"https:\/\/losperiodistas.com.mx\/portal\/wp-json\/wp\/v2\/users\/1"}],"replies":[{"embeddable":true,"href":"https:\/\/losperiodistas.com.mx\/portal\/wp-json\/wp\/v2\/comments?post=43847"}],"version-history":[{"count":1,"href":"https:\/\/losperiodistas.com.mx\/portal\/wp-json\/wp\/v2\/posts\/43847\/revisions"}],"predecessor-version":[{"id":43849,"href":"https:\/\/losperiodistas.com.mx\/portal\/wp-json\/wp\/v2\/posts\/43847\/revisions\/43849"}],"wp:featuredmedia":[{"embeddable":true,"href":"https:\/\/losperiodistas.com.mx\/portal\/wp-json\/wp\/v2\/media\/43848"}],"wp:attachment":[{"href":"https:\/\/losperiodistas.com.mx\/portal\/wp-json\/wp\/v2\/media?parent=43847"}],"wp:term":[{"taxonomy":"category","embeddable":true,"href":"https:\/\/losperiodistas.com.mx\/portal\/wp-json\/wp\/v2\/categories?post=43847"},{"taxonomy":"post_tag","embeddable":true,"href":"https:\/\/losperiodistas.com.mx\/portal\/wp-json\/wp\/v2\/tags?post=43847"}],"curies":[{"name":"wp","href":"https:\/\/api.w.org\/{rel}","templated":true}]}}