{"id":43844,"date":"2022-12-29T10:14:29","date_gmt":"2022-12-29T16:14:29","guid":{"rendered":"http:\/\/losperiodistas.com.mx\/portal\/?p=43844"},"modified":"2022-12-29T10:14:31","modified_gmt":"2022-12-29T16:14:31","slug":"china-reabre-sus-puertas-y-los-fantasmas-de-2020-reaparecen-ante-la-atenta-mirada-de-la-comunidad-internacional-publico","status":"publish","type":"post","link":"https:\/\/losperiodistas.com.mx\/portal\/china-reabre-sus-puertas-y-los-fantasmas-de-2020-reaparecen-ante-la-atenta-mirada-de-la-comunidad-internacional-publico\/","title":{"rendered":"China reabre sus puertas y los fantasmas de 2020 reaparecen ante la atenta mirada de la comunidad internacional | P\u00fablico"},"content":{"rendered":"\n<h2 class=\"has-black-color has-text-color has-background has-medium-font-size wp-block-heading\" id=\"m69-68-70\" style=\"background-color:#f60909\">La relajaci\u00f3n de las medidas covid tras tres a\u00f1os, sumado al repunte de casos, provoca que la reapertura de sus fronteras sea un motivo de intranquilidad para el resto de pa\u00edses.<\/h2>\n\n\n\n<figure class=\"wp-block-embed is-type-video is-provider-dailymotion wp-block-embed-dailymotion\"><div class=\"wp-block-embed__wrapper\">\n<iframe title=\"Qu\u00e9 est\u00e1 pasando en China, en cuatro claves\" frameborder=\"0\" width=\"500\" height=\"281\" src=\"https:\/\/geo.dailymotion.com\/player.html?video=x8gqpxm&#038;\" allowfullscreen allow=\"autoplay; fullscreen; picture-in-picture; web-share\"><\/iframe>\n<\/div><figcaption>La poblaci\u00f3n china recupera poco a poco la normalidad, en Pek\u00edn, a 25 de diciembre de 2022.\u00a0<em>\u2014<\/em>\u00a0<em>ZHANG CHENLIN \/ XINHUA NEWS \/ CONTACTOPHOTO<\/em>\u00a0<em>\/<\/em>\u00a0<em>EUROPA PRESS<\/em><\/figcaption><\/figure>\n\n\n\n<p><\/p>\n\n\n\n<p class=\"has-vivid-red-color has-text-color has-medium-font-size\">P\u00daBLICO<\/p>\n\n\n\n<p id=\"m290-289-291\"><br>La relajaci\u00f3n de las restricciones de las pol\u00edticas\u00a0<em>covid cero<\/em>\u00a0en China y la\u00a0<a href=\"https:\/\/www.publico.es\/internacional\/china-recupera-ilusion-viajar-extranjero-pese-recelo-potenciales-destinos.html#analytics-noticia:contenido-enlace\">reapertura de sus fronteras<\/a>\u00a0ha devuelto la ilusi\u00f3n a su poblaci\u00f3n, que se hab\u00eda manifestado para recuperar la normalidad, pero ha atra\u00eddo la atenci\u00f3n del resto de pa\u00edses, que<strong>\u00a0miran con recelo ante el estigma con el que carga la naci\u00f3n asi\u00e1tica<\/strong>\u00a0desde el inicio de la pandemia en 2020.<\/p>\n\n\n\n<p id=\"m295-1-296\">La falta de transparencia del Gobierno chino con el inicio del virus y los contagios en el pa\u00eds, provocan que\u00a0<strong>la salida en masa de turistas chinos\u00a0<\/strong>tras la reapertura de fronteras y la proximidad del A\u00f1o Nuevo Lunar haya\u00a0<a href=\"https:\/\/www.publico.es\/sociedad\/aumento-casos-covid-19-china-consecuencias-europa.html#analytics-noticia:contenido-enlace\">encendido todas las alarmas<\/a>\u00a0en los potenciales destinos.<\/p>\n\n\n\n<p id=\"m300-2-301\">La pesada mochila con la que carga la poblaci\u00f3n china ha provocado que destinos habituales como\u00a0<strong>Jap\u00f3n, Corea del Sur o Tailandia<\/strong>\u00a0hayan implementado r\u00e1pidamente medidas como la PCR obligatoria para prepararse ante su llegada. Tambi\u00e9n han adoptado medidas Estados Unidos o Italia.<\/p>\n\n\n\n<p id=\"m305-3-306\">La preocupaci\u00f3n internacional nace en medio del anuncio de la reapertura de fronteras, tanto entradas como salidas, y la eliminaci\u00f3n de la cuarentena obligatoria, mientras la situaci\u00f3n del pa\u00eds con los contagios&nbsp;<strong>no hac\u00eda m\u00e1s que empeorar<\/strong>, encadenando&nbsp;<a href=\"https:\/\/www.publico.es\/internacional\/china-levanta-exigencia-cuarentena-entrar-pais-disparan-casos-covid.html#analytics-noticia:contenido-enlace\">semanas con los casos disparados<\/a>.<\/p>\n\n\n\n<p id=\"m310-4-311\">El epidemi\u00f3logo jefe del Centro de Control de Enfermedades de China, Wu Zunyou,<strong>&nbsp;ha anticipado tres oleadas de covid<\/strong>&nbsp;en el pa\u00eds a consecuencia del periodo vacacional por el A\u00f1o Nuevo Lunar. Mientras tanto, la presi\u00f3n hospitalaria sigue creciendo en las principales ciudades del pa\u00eds.<\/p>\n\n\n\n<p id=\"m315-5-316\">La fricci\u00f3n en el pa\u00eds, generada inicialmente por las pol\u00edticas\u00a0<em>covid cero,\u00a0<\/em><strong>puede intensificarse\u00a0<\/strong>de producirse un nuevo contagio masivo o una recesi\u00f3n econ\u00f3mica en el pa\u00eds, seg\u00fan ha avanzado la ONG\u00a0China Human Rights.<\/p>\n\n\n\n<p id=\"m320-6-321\">Sin embargo, existe&nbsp;<strong>cierta voluntad de antagonizar a China<\/strong>.&nbsp;Javier Garc\u00eda, profesor de Periodismo en la Universidad Renmin de Pek\u00edn, explicaba a&nbsp;<em>P\u00fablico&nbsp;<\/em>hace unos d\u00edas que desde EEUU se intenta crear \u00abalarma\u00bb sobre posibles variantes que pudieran surgir en China y contagiarse al resto del mundo. Sobre esto, el experto ha explicado que las&nbsp;\u00ablas variantes de \u00f3micron presentes actualmente en China parecen ser muy similares a las que existen todav\u00eda en otros pa\u00edses del mundo\u00bb.<\/p>\n\n\n\n<p id=\"m325-7-326\">En busca de tener una transici\u00f3n a la normalidad segura, el Gobierno chino ha pedido a sus ciudadanos<strong>&nbsp;que viajen de manera escalonada<\/strong>, para evitar contagios masivos. La mayor preocupaci\u00f3n se centra entre&nbsp;el 21 y el 27 de enero, fechas del A\u00f1o Nuevo Lunar y donde se esperan m\u00e1s desplazamientos.&nbsp;Las consultas en la plataforma de viajes Qunar&nbsp;<a href=\"https:\/\/www.publico.es\/internacional\/aumentan-busquedas-vuelos-internacionales-anuncio-retirada-cuarentenas-china.html#analytics-noticia:contenido-enlace\">se multiplicaron por siete<\/a>&nbsp;en los primeros 15 minutos tras el anuncio oficial de la reapertura de fronteras.<\/p>\n\n\n\n<h2 class=\"wp-block-heading\" id=\"m330-8-331\">Sanidad recomienda precauci\u00f3n y pauta vacunal completa<\/h2>\n\n\n\n<p id=\"m335-9-336\">El Ministerio de Sanidad\u00a0<strong>ha apelado este jueves a la \u00abcoordinaci\u00f3n europea\u00bb\u00a0<\/strong>para afrontar una posible ola de contagios en China, y ha recomendado a los viajeros cuyo destino o procedencia sea el pa\u00eds asi\u00e1tico que completen su pauta de vacunaci\u00f3n y que act\u00faen con precauci\u00f3n.<\/p>\n\n\n\n<p id=\"m340-10-341\">Las recomendaciones se han divulgado tras la reuni\u00f3n del Health Security Committee (HSC) de la Uni\u00f3n Europea, donde Espa\u00f1a ha hecho hincapi\u00e9 en la importancia de \u00abcontinuar la senda de la coordinaci\u00f3n europea en las pol\u00edticas sanitarias\u00bb.&nbsp;Los Veintisiete han insistido en la importancia de continuar con una&nbsp;<strong>vigilancia activa<\/strong>, incluyendo la secuenciaci\u00f3n del virus como herramienta fundamental.<\/p>\n\n\n\n<p id=\"m345-11-346\">La encargada de esta cartera,&nbsp;Carolina Darias, ha recordado la<strong>&nbsp;importancia de la pauta completa de vacunaci\u00f3n<\/strong>, y ha animado a completarla&nbsp;con la segunda dosis de recuerdo (cuarta dosis).&nbsp;La ministra de Ciencia, Diana Morant, ha asegurado que el Gobierno dirige su mirada hacia China pero ha pedido \u00abprudencia\u00bb y ha reiterado que Espa\u00f1a actuar\u00e1 de forma coordinada y bajo el \u00abparaguas\u00bb de la Uni\u00f3n Europea.<\/p>\n\n\n\n<p id=\"m350-12-351\">\u00abEs\u00a0<strong>mejor no apresurarse\u00a0<\/strong>y (no) tomar medidas de manera unilateral porque tampoco sirve de mucho cerrar un espacio a\u00e9reo cuando el resto del espacio est\u00e1 o sigue abierto\u00bb, ha explicado la ministra sobre las decisiones de Italia y EEUU.<\/p>\n\n\n\n<p>Fuente: <a href=\"https:\/\/www.publico.es\/internacional\/china-reabre-puertas-fantasmas-2020-reaparecen-atenta-mirada-comunidad-internacional.html#analytics-seccion:listado\">https:\/\/www.publico.es\/internacional\/china-reabre-puertas-fantasmas-2020-reaparecen-atenta-mirada-comunidad-internacional.html#analytics-seccion:listado<\/a><\/p>\n","protected":false},"excerpt":{"rendered":"<p>La relajaci\u00f3n de las medidas covid tras tres a\u00f1os, sumado al repunte de casos, provoca que la reapertura de sus [&hellip;]<\/p>\n","protected":false},"author":1,"featured_media":43845,"comment_status":"open","ping_status":"open","sticky":false,"template":"","format":"standard","meta":{"site-sidebar-layout":"default","site-content-layout":"","ast-site-content-layout":"default","site-content-style":"default","site-sidebar-style":"default","ast-global-header-display":"","ast-banner-title-visibility":"","ast-main-header-display":"","ast-hfb-above-header-display":"","ast-hfb-below-header-display":"","ast-hfb-mobile-header-display":"","site-post-title":"","ast-breadcrumbs-content":"","ast-featured-img":"","footer-sml-layout":"","theme-transparent-header-meta":"","adv-header-id-meta":"","stick-header-meta":"","header-above-stick-meta":"","header-main-stick-meta":"","header-below-stick-meta":"","astra-migrate-meta-layouts":"default","ast-page-background-enabled":"default","ast-page-background-meta":{"desktop":{"background-color":"var(--ast-global-color-4)","background-image":"","background-repeat":"repeat","background-position":"center center","background-size":"auto","background-attachment":"scroll","background-type":"","background-media":"","overlay-type":"","overlay-color":"","overlay-opacity":"","overlay-gradient":""},"tablet":{"background-color":"","background-image":"","background-repeat":"repeat","background-position":"center center","background-size":"auto","background-attachment":"scroll","background-type":"","background-media":"","overlay-type":"","overlay-color":"","overlay-opacity":"","overlay-gradient":""},"mobile":{"background-color":"","background-image":"","background-repeat":"repeat","background-position":"center center","background-size":"auto","background-attachment":"scroll","background-type":"","background-media":"","overlay-type":"","overlay-color":"","overlay-opacity":"","overlay-gradient":""}},"ast-content-background-meta":{"desktop":{"background-color":"var(--ast-global-color-5)","background-image":"","background-repeat":"repeat","background-position":"center center","background-size":"auto","background-attachment":"scroll","background-type":"","background-media":"","overlay-type":"","overlay-color":"","overlay-opacity":"","overlay-gradient":""},"tablet":{"background-color":"var(--ast-global-color-5)","background-image":"","background-repeat":"repeat","background-position":"center center","background-size":"auto","background-attachment":"scroll","background-type":"","background-media":"","overlay-type":"","overlay-color":"","overlay-opacity":"","overlay-gradient":""},"mobile":{"background-color":"var(--ast-global-color-5)","background-image":"","background-repeat":"repeat","background-position":"center center","background-size":"auto","background-attachment":"scroll","background-type":"","background-media":"","overlay-type":"","overlay-color":"","overlay-opacity":"","overlay-gradient":""}},"footnotes":""},"categories":[8],"tags":[14439,14440],"class_list":["post-43844","post","type-post","status-publish","format-standard","has-post-thumbnail","hentry","category-noticias","tag-relajacion-china","tag-riesgos-mundiales-coronavirus"],"_links":{"self":[{"href":"https:\/\/losperiodistas.com.mx\/portal\/wp-json\/wp\/v2\/posts\/43844","targetHints":{"allow":["GET"]}}],"collection":[{"href":"https:\/\/losperiodistas.com.mx\/portal\/wp-json\/wp\/v2\/posts"}],"about":[{"href":"https:\/\/losperiodistas.com.mx\/portal\/wp-json\/wp\/v2\/types\/post"}],"author":[{"embeddable":true,"href":"https:\/\/losperiodistas.com.mx\/portal\/wp-json\/wp\/v2\/users\/1"}],"replies":[{"embeddable":true,"href":"https:\/\/losperiodistas.com.mx\/portal\/wp-json\/wp\/v2\/comments?post=43844"}],"version-history":[{"count":1,"href":"https:\/\/losperiodistas.com.mx\/portal\/wp-json\/wp\/v2\/posts\/43844\/revisions"}],"predecessor-version":[{"id":43846,"href":"https:\/\/losperiodistas.com.mx\/portal\/wp-json\/wp\/v2\/posts\/43844\/revisions\/43846"}],"wp:featuredmedia":[{"embeddable":true,"href":"https:\/\/losperiodistas.com.mx\/portal\/wp-json\/wp\/v2\/media\/43845"}],"wp:attachment":[{"href":"https:\/\/losperiodistas.com.mx\/portal\/wp-json\/wp\/v2\/media?parent=43844"}],"wp:term":[{"taxonomy":"category","embeddable":true,"href":"https:\/\/losperiodistas.com.mx\/portal\/wp-json\/wp\/v2\/categories?post=43844"},{"taxonomy":"post_tag","embeddable":true,"href":"https:\/\/losperiodistas.com.mx\/portal\/wp-json\/wp\/v2\/tags?post=43844"}],"curies":[{"name":"wp","href":"https:\/\/api.w.org\/{rel}","templated":true}]}}