{"id":43841,"date":"2022-12-29T10:01:49","date_gmt":"2022-12-29T16:01:49","guid":{"rendered":"http:\/\/losperiodistas.com.mx\/portal\/?p=43841"},"modified":"2022-12-29T10:01:52","modified_gmt":"2022-12-29T16:01:52","slug":"heinz-bude-sociologo-hoy-somos-individuos-solitarios-y-si-no-nos-abrimos-a-los-demas-fracasaremos-ideas","status":"publish","type":"post","link":"https:\/\/losperiodistas.com.mx\/portal\/heinz-bude-sociologo-hoy-somos-individuos-solitarios-y-si-no-nos-abrimos-a-los-demas-fracasaremos-ideas\/","title":{"rendered":"Heinz Bude, soci\u00f3logo: \u201cHoy somos individuos solitarios y si no nos abrimos a los dem\u00e1s, fracasaremos\u201d | Ideas"},"content":{"rendered":"\n<h2 class=\"has-pale-cyan-blue-background-color has-background has-medium-font-size wp-block-heading\">El influyente pensador alem\u00e1n rastrea el efecto en la psique colectiva de las condiciones econ\u00f3micas y reivindica la solidaridad<\/h2>\n\n\n\n<figure class=\"wp-block-image size-large is-style-default\"><img fetchpriority=\"high\" decoding=\"async\" width=\"1024\" height=\"683\" src=\"https:\/\/losperiodistas.com.mx\/portal\/wp-content\/uploads\/2022\/12\/QFQB5FLQL5CTBG6J5B473OYMFI-1024x683.jpeg\" alt=\"\" class=\"wp-image-43842\" srcset=\"https:\/\/losperiodistas.com.mx\/portal\/wp-content\/uploads\/2022\/12\/QFQB5FLQL5CTBG6J5B473OYMFI-1024x683.jpeg 1024w, https:\/\/losperiodistas.com.mx\/portal\/wp-content\/uploads\/2022\/12\/QFQB5FLQL5CTBG6J5B473OYMFI-300x200.jpeg 300w, https:\/\/losperiodistas.com.mx\/portal\/wp-content\/uploads\/2022\/12\/QFQB5FLQL5CTBG6J5B473OYMFI-768x512.jpeg 768w, https:\/\/losperiodistas.com.mx\/portal\/wp-content\/uploads\/2022\/12\/QFQB5FLQL5CTBG6J5B473OYMFI.jpeg 1200w\" sizes=\"(max-width: 1024px) 100vw, 1024px\" \/><figcaption> El soci\u00f3logo Heinz Bude, en el sal\u00f3n de su piso de Berl\u00edn este oto\u00f1o. PATRICIA SEVILLA CIORDIA<\/figcaption><\/figure>\n\n\n\n<p class=\"has-vivid-red-color has-text-color has-medium-font-size\">CARMEN P\u00c9REZ-LANZAC \/ IDEAS<\/p>\n\n\n\n<p><a href=\"https:\/\/elpais.com\/cultura\/2017\/06\/27\/actualidad\/1498577124_706748.html\" target=\"_blank\" rel=\"noreferrer noopener\">Heinz Bude<\/a>&nbsp;(Wuppertal, Alemania, 1954) es uno de los soci\u00f3logos m\u00e1s influyentes de nuestro tiempo. Estudioso de las cuestiones generacionales y experto en la de 1968, el catedr\u00e1tico de Macrosociolog\u00eda de la Universidad de Kassel es un diagnosticador contempor\u00e1neo que rastrea c\u00f3mo las condiciones econ\u00f3micas afectan a la psique colectiva. Recientemente ha estudiado los males de la sociedad occidental y tambi\u00e9n su posible soluci\u00f3n. Public\u00f3<em>&nbsp;La sociedad del miedo&nbsp;<\/em>(Herder, 2017), donde afirm\u00f3 que todo nos da miedo: encarar la vida desde la individualidad (abandonados por los Estados), la p\u00e9rdida de oportunidades vitales, incumplir las expectativas de los dem\u00e1s, que se convierten en el enemigo\u2026 En 2019 public\u00f3<em>&nbsp;Solidarit\u00e4t: die zukunft einer gro\u00dfen Idee<\/em>&nbsp;(Solidaridad: el futuro de una gran idea, sin traducir al espa\u00f1ol), donde ahonda en la que sostiene deber\u00eda ser nuestra respuesta. Ahora, sin embargo, cree que hemos entrado en la etapa de los perdedores. \u201cTodos perdemos\u201d, sostiene.M\u00c1S INFORMACI\u00d3N<a href=\"https:\/\/elpais.com\/elpais\/2020\/01\/17\/ideas\/1579264297_444892.html#?rel=mas_sumario\">Hay que combatir el miedo al futuro<\/a><\/p>\n\n\n\n<p>Bude recibe en su piso de Berl\u00edn, un lugar envidiable: situado a las afueras de la ciudad (a pocos minutos del centro en tranv\u00eda), cerca de un lago, rodeado de \u00e1rboles y un jard\u00edn con al menos diez tipos de flores (todas abiertas, asombrosamente) y en el que los ni\u00f1os comparten arenero. Bude ha dispuesto galletitas sobre la mesa del sal\u00f3n. Hablamos (en ingl\u00e9s, \u00e9l con fuerte acento alem\u00e1n) y por los grandes ventanales se cuela el bosque oto\u00f1al.<\/p>\n\n\n\n<p><strong>PREGUNTA. Desde que escribi\u00f3 su libro el miedo crece y crece.<\/strong><\/p>\n\n\n\n<p><strong>RESPUESTA.<\/strong>&nbsp;Las \u00faltimas tres d\u00e9cadas de&nbsp;<a href=\"https:\/\/elpais.com\/cultura\/2022-09-06\/francis-fukuyama-los-neoliberales-fueron-demasiado-lejos-ahora-hacen-falta-mas-politicas-socialdemocratas.html\" target=\"_blank\" rel=\"noreferrer noopener\">neoliberalismo<\/a>&nbsp;han sido la etapa de las oportunidades vitales. Luego muchos empezaron a preguntarse si se estaban perdiendo algo. En el amor, el trabajo, incluso en las vacaciones, siempre la misma pregunta: \u00bfesto es suficiente para m\u00ed? \u00bfSoy capaz de asir todas las oportunidades que se me ofrecen? Pero ya no estamos en esa etapa. Hemos entrado en la de los perdedores. Todos perdemos.<\/p>\n\n\n\n<p><strong>P.&nbsp;<\/strong><a href=\"https:\/\/elpais.com\/economia\/2022-10-23\/la-erosion-del-poder-adquisitivo-de-los-salarios-sacude-europa.html\" target=\"_blank\" rel=\"noreferrer noopener\"><strong>Poder adquisitivo desde luego.<\/strong><\/a><\/p>\n\n\n\n<p><strong>R<\/strong>. Ahora la pregunta es: \u00bfc\u00f3mo sobrevivo bajo estas nuevas condiciones? Estamos adem\u00e1s en un periodo de p\u00e9rdidas ideol\u00f3gicas. Muchos no entienden ya el mundo. Esto pivota alrededor de&nbsp;<a href=\"https:\/\/elpais.com\/internacional\/2022-12-28\/guerra-entre-ucrania-y-rusia-ultimas-noticias-en-directo.html\" target=\"_blank\" rel=\"noreferrer noopener\">la guerra en Europa<\/a>. Pensemos en el imperialismo: tenemos el angloamericano, pero tambi\u00e9n el ruso y el chino. Muy distintos entre s\u00ed. Y eso nos deja confusos. Cuando termine la guerra en Ucrania, \u00bfen qu\u00e9 situaci\u00f3n quedar\u00e1 Europa?<\/p>\n\n\n\n<p><strong>P. \u00bfQu\u00e9 dicen sobre esto los pol\u00edticos alemanes?<\/strong><\/p>\n\n\n\n<p><strong>R.<\/strong>&nbsp;Nadie sabe. Aqu\u00ed no hemos trabajado bien la pol\u00edtica exterior. No tenemos a un&nbsp;<a href=\"https:\/\/elpais.com\/opinion\/2022-11-06\/kissinger-y-sus-estadistas.html\" target=\"_blank\" rel=\"noreferrer noopener\">Henry Kissinger<\/a>&nbsp;que est\u00e9 pensado en nuestro mundo cambiante con m\u00faltiples ejes. \u00bfEs posible una Europa unida? Europa, \u00bfes solo Europa occidental? \u00bfDebemos abrir nuestras fronteras a Turqu\u00eda o incluso a Rusia? Quiz\u00e1 en 20 a\u00f1os Rusia sea parte de Europa.<\/p>\n\n\n\n<p><strong>P. Mmm\u2026 Dif\u00edcil.<\/strong><\/p>\n\n\n\n<p><strong>R.<\/strong>&nbsp;En la Guerra Fr\u00eda hab\u00eda dos sistemas enfrentados: el socialista o comunista y el capitalista. Pero en Rusia ahora hay un capitalismo extremo, por lo tanto la guerra actual trata sobre nada. Es una guerra de poder. Nada ideol\u00f3gico la sostiene. Esta guerra lo que s\u00ed demuestra es que Rusia ha perdido definitivamente la Guerra Fr\u00eda.<\/p>\n\n\n\n<p><strong>P. \u00bfNo eran conscientes de ello?<\/strong><\/p>\n\n\n\n<p><strong>R.&nbsp;<\/strong>Muchos creen que ellos ganaron la II Guerra Mundial. Ahora tienen que imaginar que todo fue en vano. Rusia ahora no es mejor de lo que fue Alemania. Solo la mueve el poder.<\/p>\n\n\n\n<p><strong>P. Hablamos de las p\u00e9rdidas\u2026 \u00bfy qu\u00e9 nos sostiene? Algo lo har\u00e1.<\/strong><\/p>\n\n\n\n<p><strong>R.<\/strong>&nbsp;Durante la pandemia fue la familia. Las personas con 40 a\u00f1os se percataron de sus important\u00edsimas obligaciones y vieron que pod\u00edan afrontarlas. Pero la familia tambi\u00e9n causa sufrimiento. Cuestiones de g\u00e9nero que confronta a sus miembros, por ejemplo. Los j\u00f3venes creen en la familia pero no se ven capaces de afirmarlo. No quieren se\u00f1alarse como conservadores. Les faltan t\u00e9rminos e ideas para interpretar la situaci\u00f3n.<\/p>\n\n\n\n<p><strong>P. Estamos en una etapa de muchos cambios, \u00bfno?<\/strong><\/p>\n\n\n\n<p><strong>R.<\/strong>&nbsp;S\u00ed, es una etapa llena de ambig\u00fcedades, nos falta orientaci\u00f3n. Esto es evidente en Alemania. Los verdes est\u00e1n creciendo mucho, es el \u00fanico partido que est\u00e1 aprendiendo. Pero en el proceso de aprendizaje est\u00e1 abandonando su centro ideol\u00f3gico. Ahora est\u00e1n pensando sobre el gas que nos llega desde EE UU en barcos\u2026 Este realismo verde es a la vez una forma de perder terreno. Y en 20 a\u00f1os se pueden encontrar vac\u00edos ideol\u00f3gicamente. Aprender puede tener un precio.<\/p>\n\n\n\n<p><strong>P. \u00bfC\u00f3mo se han vivido en Alemania los errores de Merkel en sus tratados energ\u00e9ticos con Rusia?<\/strong><\/p>\n\n\n\n<p><strong>R.&nbsp;<\/strong>Hace poco habr\u00edamos dicho que fue una gran estadista.&nbsp;<a href=\"https:\/\/elpais.com\/internacional\/2022-06-12\/merkel-rompe-su-silencio-y-no-se-arrepiente-de-su-politica-respecto-a-rusia.html\" target=\"_blank\" rel=\"noreferrer noopener\">Pero ahora se est\u00e1 convirtiendo en una figura del fracaso.<\/a>&nbsp;Tras la crisis de 1989 llegaron unos a\u00f1os incre\u00edblemente buenos para los alemanes, incluso paradisiacos. En los \u00faltimos 10 han llegado a su fin.<\/p>\n\n\n\n<p><strong>P. Para Alemania y para buena parte de Occidente.<\/strong><\/p>\n\n\n\n<p><strong>R.&nbsp;<\/strong>Quiz\u00e1 en Alemania m\u00e1s que en otros pa\u00edses. Los mandatorios se preguntan, \u00bftenemos la fuerza necesaria para afrontar lo que venga a partir de ahora? \u00bfPodemos tirar del carro como antes? Si flaqueamos, \u00bfqui\u00e9n lo har\u00e1?<\/p>\n\n\n\n<p><strong>P. \u00bfQui\u00e9n?<\/strong><\/p>\n\n\n\n<p><strong>R.&nbsp;<\/strong><a href=\"https:\/\/elpais.com\/internacional\/2019\/08\/09\/actualidad\/1565368741_731335.html\" target=\"_blank\" rel=\"noreferrer noopener\">Macron intenta hacerlo.<\/a>&nbsp;Ve que es su oportunidad para convertirse en una figura hist\u00f3rica. Tiene pr\u00e1cticamente cuatro a\u00f1os para lograrlo. Se ve con la capacidad de abrirle a Europa nuevas oportunidades. No veo a otro l\u00edder que pueda acompa\u00f1arle. Scholz intentar ser de ayuda para Alemania de forma discreta. \u00bfQu\u00e9 quiere para el futuro de Europa? Quiz\u00e1 no lo sepa ni \u00e9l mismo. No hay estrategia en su pol\u00edtica. Roosevelt dijo: \u201cLo \u00fanico que debemos temer es al propio miedo\u201d. No veo a nadie en Alemania con fuerza para afirmar eso.<\/p>\n\n\n\n<p><strong>P. \u00bfNo cree que haya gente que se diga eso, que rechace el miedo?<\/strong><\/p>\n\n\n\n<p><strong>R.<\/strong>&nbsp;Desde luego deber\u00edamos hacerlo porque el miedo solo nos lleva a la impotencia. M\u00e1s en un momento en que todo gira en torno al poder individual de cada uno. El poder solo lo obtenemos cuando lo hacemos acompa\u00f1ados de los dem\u00e1s: la solidaridad. Pero esto debemos verlo cada uno de nosotros. \u00bfNosotros los alemanes? \u00bfNosotros los berlineses? \u00bfNosotros los anticapitalistas? La idea de \u201cnosotros\u201d est\u00e1 tambi\u00e9n en crisis, pero necesitamos un nosotros.<\/p>\n\n\n\n<p><strong>P. \u00bfD\u00f3nde debemos buscarlo?<\/strong><\/p>\n\n\n\n<p><strong>R.<\/strong>&nbsp;Nace de la experiencia de la soledad. Hoy somos individuos solitarios y si no nos abrimos al resto, fracasaremos.<\/p>\n\n\n\n<p><strong>P. Pero esta idea llega con la edad.<\/strong><\/p>\n\n\n\n<p><strong>R.<\/strong>&nbsp;S\u00ed, y los mileniales tienen la edad para verlo, que no pueden vivir por s\u00ed mismos. Somos dependientes de los dem\u00e1s. Eso no es una fuente de miedo sino una fuente de solidaridad. A muchos se le podr\u00eda comunicar esta idea pero los pol\u00edticos fallan en ello. A los pol\u00edticos europeos les falta existencialismo. Es m\u00e1s: lo temen y se equivocan.<\/p>\n\n\n\n<p><a href=\"https:\/\/eur01.safelinks.protection.outlook.com\/?url=https%3A%2F%2Fplus.elpais.com%2Fnewsletters%2Flnp%2F1%2F398&amp;data=04%7C01%7Cgdelser%40grupoprisa.com%7C6d927260ec0049f7d85408d92028fd12%7Cc4fd49f3e15a44d882e2c909735d2e45%7C0%7C0%7C637576182693994301%7CUnknown%7CTWFpbGZsb3d8eyJWIjoiMC4wLjAwMDAiLCJQIjoiV2luMzIiLCJBTiI6Ik1haWwiLCJXVCI6Mn0%3D%7C1000&amp;sdata=n19423in%2Fq91jJ7HsGFtYWt%2Fl4NFxQ9h71jgFpN%2BNZk%3D&amp;reserved=0\"><em>Ap\u00fantate aqu\u00ed\u00a0<\/em><\/a><em>a la newsletter semanal de Ideas.<\/em><\/p>\n\n\n\n<p>Fuente: <a href=\"https:\/\/elpais.com\/ideas\/2022-12-29\/heinz-bude-sociologo-hoy-somos-individuos-solitarios-y-si-no-nos-abrimos-a-los-demas-fracasaremos.html\">https:\/\/elpais.com\/ideas\/2022-12-29\/heinz-bude-sociologo-hoy-somos-individuos-solitarios-y-si-no-nos-abrimos-a-los-demas-fracasaremos.html<\/a><\/p>\n","protected":false},"excerpt":{"rendered":"<p>El influyente pensador alem\u00e1n rastrea el efecto en la psique colectiva de las condiciones econ\u00f3micas y reivindica la solidaridad CARMEN [&hellip;]<\/p>\n","protected":false},"author":1,"featured_media":43842,"comment_status":"open","ping_status":"open","sticky":false,"template":"","format":"standard","meta":{"site-sidebar-layout":"default","site-content-layout":"","ast-site-content-layout":"default","site-content-style":"default","site-sidebar-style":"default","ast-global-header-display":"","ast-banner-title-visibility":"","ast-main-header-display":"","ast-hfb-above-header-display":"","ast-hfb-below-header-display":"","ast-hfb-mobile-header-display":"","site-post-title":"","ast-breadcrumbs-content":"","ast-featured-img":"","footer-sml-layout":"","theme-transparent-header-meta":"","adv-header-id-meta":"","stick-header-meta":"","header-above-stick-meta":"","header-main-stick-meta":"","header-below-stick-meta":"","astra-migrate-meta-layouts":"default","ast-page-background-enabled":"default","ast-page-background-meta":{"desktop":{"background-color":"var(--ast-global-color-4)","background-image":"","background-repeat":"repeat","background-position":"center center","background-size":"auto","background-attachment":"scroll","background-type":"","background-media":"","overlay-type":"","overlay-color":"","overlay-opacity":"","overlay-gradient":""},"tablet":{"background-color":"","background-image":"","background-repeat":"repeat","background-position":"center center","background-size":"auto","background-attachment":"scroll","background-type":"","background-media":"","overlay-type":"","overlay-color":"","overlay-opacity":"","overlay-gradient":""},"mobile":{"background-color":"","background-image":"","background-repeat":"repeat","background-position":"center center","background-size":"auto","background-attachment":"scroll","background-type":"","background-media":"","overlay-type":"","overlay-color":"","overlay-opacity":"","overlay-gradient":""}},"ast-content-background-meta":{"desktop":{"background-color":"var(--ast-global-color-5)","background-image":"","background-repeat":"repeat","background-position":"center center","background-size":"auto","background-attachment":"scroll","background-type":"","background-media":"","overlay-type":"","overlay-color":"","overlay-opacity":"","overlay-gradient":""},"tablet":{"background-color":"var(--ast-global-color-5)","background-image":"","background-repeat":"repeat","background-position":"center center","background-size":"auto","background-attachment":"scroll","background-type":"","background-media":"","overlay-type":"","overlay-color":"","overlay-opacity":"","overlay-gradient":""},"mobile":{"background-color":"var(--ast-global-color-5)","background-image":"","background-repeat":"repeat","background-position":"center center","background-size":"auto","background-attachment":"scroll","background-type":"","background-media":"","overlay-type":"","overlay-color":"","overlay-opacity":"","overlay-gradient":""}},"footnotes":""},"categories":[8],"tags":[14438,14437,14265],"class_list":["post-43841","post","type-post","status-publish","format-standard","has-post-thumbnail","hentry","category-noticias","tag-heinz-bude","tag-individuos-solitarios","tag-solidaridad"],"_links":{"self":[{"href":"https:\/\/losperiodistas.com.mx\/portal\/wp-json\/wp\/v2\/posts\/43841","targetHints":{"allow":["GET"]}}],"collection":[{"href":"https:\/\/losperiodistas.com.mx\/portal\/wp-json\/wp\/v2\/posts"}],"about":[{"href":"https:\/\/losperiodistas.com.mx\/portal\/wp-json\/wp\/v2\/types\/post"}],"author":[{"embeddable":true,"href":"https:\/\/losperiodistas.com.mx\/portal\/wp-json\/wp\/v2\/users\/1"}],"replies":[{"embeddable":true,"href":"https:\/\/losperiodistas.com.mx\/portal\/wp-json\/wp\/v2\/comments?post=43841"}],"version-history":[{"count":1,"href":"https:\/\/losperiodistas.com.mx\/portal\/wp-json\/wp\/v2\/posts\/43841\/revisions"}],"predecessor-version":[{"id":43843,"href":"https:\/\/losperiodistas.com.mx\/portal\/wp-json\/wp\/v2\/posts\/43841\/revisions\/43843"}],"wp:featuredmedia":[{"embeddable":true,"href":"https:\/\/losperiodistas.com.mx\/portal\/wp-json\/wp\/v2\/media\/43842"}],"wp:attachment":[{"href":"https:\/\/losperiodistas.com.mx\/portal\/wp-json\/wp\/v2\/media?parent=43841"}],"wp:term":[{"taxonomy":"category","embeddable":true,"href":"https:\/\/losperiodistas.com.mx\/portal\/wp-json\/wp\/v2\/categories?post=43841"},{"taxonomy":"post_tag","embeddable":true,"href":"https:\/\/losperiodistas.com.mx\/portal\/wp-json\/wp\/v2\/tags?post=43841"}],"curies":[{"name":"wp","href":"https:\/\/api.w.org\/{rel}","templated":true}]}}