{"id":43834,"date":"2022-12-29T09:36:38","date_gmt":"2022-12-29T15:36:38","guid":{"rendered":"http:\/\/losperiodistas.com.mx\/portal\/?p=43834"},"modified":"2022-12-29T09:36:40","modified_gmt":"2022-12-29T15:36:40","slug":"ricard-sole-neurocientifico-para-aprender-el-libro-de-papel-es-mucho-mas-poderoso-que-cualquier-medio-digital-el-pais","status":"publish","type":"post","link":"https:\/\/losperiodistas.com.mx\/portal\/ricard-sole-neurocientifico-para-aprender-el-libro-de-papel-es-mucho-mas-poderoso-que-cualquier-medio-digital-el-pais\/","title":{"rendered":"Ricard Sol\u00e9, neurocient\u00edfico: \u201cPara aprender, el libro de papel es mucho m\u00e1s poderoso que cualquier medio digital\u201d | El Pa\u00eds"},"content":{"rendered":"\n<h2 class=\"has-background has-medium-font-size wp-block-heading\" style=\"background-color:#05f6d5\">El f\u00edsico, comisario de una exposici\u00f3n sobre el cerebro, reflexiona sobre c\u00f3mo ese \u00f3rgano, que permiti\u00f3 la aparici\u00f3n del lenguaje o la comprensi\u00f3n del tiempo, nos hace humanos<\/h2>\n\n\n\n<figure class=\"wp-block-image size-large is-style-default\"><img fetchpriority=\"high\" decoding=\"async\" width=\"1024\" height=\"683\" src=\"https:\/\/losperiodistas.com.mx\/portal\/wp-content\/uploads\/2022\/12\/G3VAQSNACJFEXGO447HP2L3CQM-1024x683.jpg\" alt=\"\" class=\"wp-image-43835\" srcset=\"https:\/\/losperiodistas.com.mx\/portal\/wp-content\/uploads\/2022\/12\/G3VAQSNACJFEXGO447HP2L3CQM-1024x683.jpg 1024w, https:\/\/losperiodistas.com.mx\/portal\/wp-content\/uploads\/2022\/12\/G3VAQSNACJFEXGO447HP2L3CQM-300x200.jpg 300w, https:\/\/losperiodistas.com.mx\/portal\/wp-content\/uploads\/2022\/12\/G3VAQSNACJFEXGO447HP2L3CQM-768x512.jpg 768w, https:\/\/losperiodistas.com.mx\/portal\/wp-content\/uploads\/2022\/12\/G3VAQSNACJFEXGO447HP2L3CQM.jpg 1200w\" sizes=\"(max-width: 1024px) 100vw, 1024px\" \/><figcaption>Ricard Sol\u00e9, f\u00edsico y bi\u00f3logo, director del Laboratorio de Sistemas Complejos del PRBB (Parc de Recerca Biom\u00e8dica de Barcelona). ALBERT GARCIA<\/figcaption><\/figure>\n\n\n\n<p class=\"has-vivid-cyan-blue-color has-text-color has-medium-font-size\">DANIEL MEDIAVILLA \/ EL PA\u00cdS<\/p>\n\n\n\n<p>En&nbsp;<em>Solaris<\/em>, la novela de Stanislaw Lem, los tripulantes de una estaci\u00f3n de observaci\u00f3n extraterrestre tratan de comunicarse con un ser inteligente muy distinto de los conocidos. Un oc\u00e9ano protoplasm\u00e1tico, que parece vivo, pero con el que es imposible interaccionar, nos recuerda lo estrecha que puede ser nuestra imaginaci\u00f3n cuando pensamos en inteligencia alien\u00edgena. Ricard Sol\u00e9 (Barcelona, 60 a\u00f1os), investigador de la ICREA (Instituci\u00f3 Catalana de Recerca i Estudis Avan\u00e7ats) y director del&nbsp;<a href=\"http:\/\/complex.upf.edu\/\" target=\"_blank\" rel=\"noreferrer noopener\">Laboratorio de Sistemas Complejos<\/a>&nbsp;de la Universidad Pompeu Fabra de Barcelona, estudia, entre otras cosas, la existencia de los \u201cespacios de cognici\u00f3n\u201d que van m\u00e1s all\u00e1 de los cerebros s\u00f3lidos como el humano. La diferencia entre ese \u00f3rgano, \u201ccon las neuronas colocadas en un lugar y conectadas entre s\u00ed, respecto a los cerebros l\u00edquidos, como las redes neuronales que son las colonias de hormigas o termitas, o el sistema inmunitario, que es una especie de cerebro l\u00edquido\u201d.<\/p>\n\n\n\n<p>Esa reflexi\u00f3n sobre la definici\u00f3n de la inteligencia o la conciencia est\u00e1 tambi\u00e9n presente en&nbsp;<a href=\"https:\/\/espacio.fundaciontelefonica.com\/evento\/cerebros\/\" target=\"_blank\" rel=\"noreferrer noopener\">la exposici\u00f3n&nbsp;<em>Cerebros<\/em><\/a><em>,&nbsp;<\/em>de la que es comisario. La muestra, que se podr\u00e1 ver en el Espacio Fundaci\u00f3n Telef\u00f3nica de Madrid hasta junio de 2023,&nbsp;<a href=\"https:\/\/elpais.com\/ciencia\/2022-12-20\/judit-carrera-el-debate-sobre-el-futuro-de-la-humanidad-no-puede-quedar-solo-en-manos-de-la-ciencia-y-de-las-empresas-tecnologicas.html\" target=\"_blank\" rel=\"noreferrer noopener\">est\u00e1 organizada tambi\u00e9n<\/a>&nbsp;por el Centro de Cultura Contempor\u00e1nea de Barcelona (CCCB) y la Wellcome Collection de Londres, y explora c\u00f3mo el arte, la ciencia y la filosof\u00eda han estudiado y representado a lo largo de la historia el cerebro. Desde la primera gran revoluci\u00f3n de la neurociencia, protagonizada por Santiago Ram\u00f3n y Cajal, al trabajo actual, que a\u00fana los esfuerzos de ingenieros, matem\u00e1ticos, f\u00edsicos o bi\u00f3logos para entender un \u00f3rgano tan complejo como el cosmos, esta b\u00fasqueda es la indagaci\u00f3n sobre qu\u00e9 significa ser humano, pero tambi\u00e9n sobre las enfermedades neurol\u00f3gicas o los miedos y posibilidades que genera la inteligencia artificial.<\/p>\n\n\n\n<p><strong>Pregunta.<\/strong>&nbsp;\u00bfLa neurociencia nos permitir\u00e1 responder preguntas sobre cu\u00e1l es nuestra naturaleza, por qu\u00e9 le buscamos un sentido a la vida o si somos seres especiales entre los animales?<\/p>\n\n\n\n<p><strong>Respuesta.<\/strong>&nbsp;Por una parte, yo creo que s\u00ed, tarde o temprano acabaremos entendiendo estas cosas. En toda esa biosfera que no es humana hay como precursores de la conciencia y de la inteligencia, pero yo pienso que los humanos somos singulares, por el lenguaje complejo o por la capacidad para comprender las emociones del otro. Y tambi\u00e9n porque somos viajeros mentales en el tiempo. Podemos acceder al pasado de una forma muy rica y podemos imaginar much\u00edsimos futuros posibles. Esa combinaci\u00f3n da lugar a algo singular y extra\u00f1o, a nuestra capacidad para pensar en nosotros mismos y saber que somos perecederos.<\/p>\n\n\n\n<p><strong>P.<\/strong>&nbsp;Pero hay otros animales capaces de&nbsp;<a href=\"https:\/\/elpais.com\/elpais\/2019\/02\/07\/ciencia\/1549551880_774004.html\" target=\"_blank\" rel=\"noreferrer noopener\">reconocerse a s\u00ed mismos<\/a>&nbsp;o de tener una cierta idea de lo que significa morirse.<\/p>\n\n\n\n<p><strong>R.&nbsp;<\/strong>Eso es complicado decirlo. Pero s\u00ed, hay precursores muy importantes de lo que nos hace especiales a los humanos en otros animales, como reconocerse en un espejo, como en el caso de los elefantes. Sabemos que ellos&nbsp;<a href=\"https:\/\/elpais.com\/elpais\/2019\/09\/13\/ciencia\/1568388968_561523.html\" target=\"_blank\" rel=\"noreferrer noopener\">experimentan el duelo<\/a>&nbsp;cuando un ser cercano ha fallecido. Sienten ese dolor que no es f\u00edsico. Eso es muy importante, tanto desde el punto de vista de reconocer derechos en los animales como para comprender nuestros or\u00edgenes y el origen de la mente humana.<\/p>\n\n\n\n<p><strong>P.&nbsp;<\/strong>En la exposici\u00f3n hay reproducciones de las pinturas rupestres, que son una muestra del momento en que surge la mente humana moderna. \u00bfC\u00f3mo cree que se produce la emergencia de esa mente?<\/p>\n\n\n\n<p><strong>R.<\/strong>&nbsp;Nadie lo sabe. Se dice que la mente y el lenguaje no dejan f\u00f3siles, pero esas pinturas de Lascaux o Altamira son un poco como un f\u00f3sil que nos indica que la mente ya estaba all\u00ed. Y se ven im\u00e1genes que parecen en movimiento, como si fuese una narraci\u00f3n, que indica que la mente narrativa ya estaba all\u00ed. \u00bfC\u00f3mo emerge esto? El lenguaje permite una cosa muy relevante, y es que la informaci\u00f3n gen\u00e9tica, una herencia basada puramente en los genes, sea reemplazada en gran medida por la informaci\u00f3n, que permite ense\u00f1ar a los dem\u00e1s, narrando una historia que permanecer\u00e1 tras la muerte del que la cuenta, y abrir\u00eda la puerta a otras revoluciones, como nuestra capacidad de crear tecnolog\u00eda. Esto hace que cambie nuestra relaci\u00f3n con la naturaleza, nos convierte en ingenieros de la biosfera, algo que tambi\u00e9n hacen animales como las termitas o las hormigas, pero de un modo distinto. Esos cambios comenzar\u00edan lentos al principio, pero cuando se juntan algo tan revolucionario como el lenguaje con la capacidad de comprender el tiempo, se produce un cambio que se acelera.<\/p>\n\n\n\n<p><strong>P.&nbsp;<\/strong><a href=\"https:\/\/elpais.com\/elpais\/2019\/05\/01\/opinion\/1556706125_671514.html\" target=\"_blank\" rel=\"noreferrer noopener\">Noam Chomsky<\/a>&nbsp;propuso que los seres humanos nacen con una estructura neuronal que hace posible aprender un lenguaje, que luego se concreta dependiendo de la cultura o el pa\u00eds en el que se nazca. Hay gente que a\u00fan piensa que el cerebro humano es como una tabla rasa en la que se puede dibujar cualquier cosa, que la cultura lo es todo y que no existe una naturaleza humana b\u00e1sica que nos condicione. \u00bfEste debate est\u00e1 superado para la neurociencia?<\/p>\n\n\n\n<p><strong>R.<\/strong>&nbsp;No es un asunto cerrado. Tenemos un cerebro muy grande y nos consideramos muy inteligentes, pero si a\u00edslas a un humano de la cultura y del lenguaje, que es como una especie de virus que infecta los cerebros, queda un individuo totalmente est\u00fapido, porque \u00bfqu\u00e9 capacidad tiene realmente para manejarse en su entorno sin haber aprendido antes del resto?<\/p>\n\n\n\n<figure class=\"wp-block-image size-large is-style-default\"><img decoding=\"async\" width=\"1024\" height=\"683\" src=\"https:\/\/losperiodistas.com.mx\/portal\/wp-content\/uploads\/2022\/12\/AW6Q4OJTXFAVFPYRPR5HP3JAP4-1024x683.jpg\" alt=\"\" class=\"wp-image-43836\" srcset=\"https:\/\/losperiodistas.com.mx\/portal\/wp-content\/uploads\/2022\/12\/AW6Q4OJTXFAVFPYRPR5HP3JAP4-1024x683.jpg 1024w, https:\/\/losperiodistas.com.mx\/portal\/wp-content\/uploads\/2022\/12\/AW6Q4OJTXFAVFPYRPR5HP3JAP4-300x200.jpg 300w, https:\/\/losperiodistas.com.mx\/portal\/wp-content\/uploads\/2022\/12\/AW6Q4OJTXFAVFPYRPR5HP3JAP4-768x512.jpg 768w, https:\/\/losperiodistas.com.mx\/portal\/wp-content\/uploads\/2022\/12\/AW6Q4OJTXFAVFPYRPR5HP3JAP4-1536x1024.jpg 1536w, https:\/\/losperiodistas.com.mx\/portal\/wp-content\/uploads\/2022\/12\/AW6Q4OJTXFAVFPYRPR5HP3JAP4.jpg 1960w\" sizes=\"(max-width: 1024px) 100vw, 1024px\" \/><figcaption>Sol\u00e9, en el Parque de Investigaci\u00f3n Biom\u00e9dica de Barcelona.ALBERT GARCIA<\/figcaption><\/figure>\n\n\n\n<p><strong>P.<\/strong>&nbsp;La tecnolog\u00eda cambia nuestro entorno y eso acaba por cambiar nuestra mente. \u00bfPuede hacer eso la inteligencia artificial?<\/p>\n\n\n\n<p><strong>R.<\/strong>&nbsp;La inteligencia artificial, que ahora est\u00e1 muy de actualidad, ya tiene casi 40 a\u00f1os de edad. Las ideas que ahora se est\u00e1n desarrollando con mucha rapidez ya exist\u00edan, pero ahora tenemos grandes masas de datos. Hay resultados muy poderosos, como cuando vemos c\u00f3mo interiorizan e imitan el estilo de un pintor como Van Gogh, pero estamos extremadamente lejos de crear un cerebro artificial, una mente creativa. Lo vemos con esto que ha salido ahora del&nbsp;<a href=\"https:\/\/elpais.com\/tecnologia\/2022-12-07\/funciona-muy-bien-pero-no-es-magia-asi-es-chatgpt-la-nueva-inteligencia-artificial-que-supera-limites.html\">ChatGPT<\/a>, este sistema que emplea lenguaje natural. Si uno se entretiene un rato con estos sistemas, creo que es inevitable sentirse decepcionado. La parte realmente creativa, interesante, que maneja conceptos realmente originales, no est\u00e1.<\/p>\n\n\n\n<p><strong>P.&nbsp;<\/strong>Los humanos que pintaron Altamira y los miembros de las sociedades primitivas en general necesitaban una variedad de conocimientos muy amplia para sobrevivir. Ahora estamos muy especializados, recibimos un sueldo por un trabajo muy concreto y despu\u00e9s conseguimos todo a trav\u00e9s de la cooperaci\u00f3n social a gran escala. \u00bfC\u00f3mo cree que nos va a afectar este estilo de vida tan especializado y la exposici\u00f3n a tecnolog\u00edas como las pantallas, que han reducido nuestra capacidad de prestar atenci\u00f3n a temas complejos durante mucho tiempo? \u00bfEsto se puede reflejar en cambios f\u00edsicos de nuestro cerebro?<\/p>\n\n\n\n<p><strong>R.<\/strong>&nbsp;Los cambios f\u00edsicos del cerebro pasan a una escala temporal muy grande. S\u00ed que le dir\u00e9 que a m\u00ed, que me crie en un sistema de educaci\u00f3n m\u00e1s tradicional, en el que hab\u00eda que invertir tiempo en pensar, en emplear la memoria, y escribir un ensayo te requer\u00eda una reflexi\u00f3n sobre diferentes partes de un problema, me produce cierta preocupaci\u00f3n que eso se pueda perder. La neurociencia nos ha ense\u00f1ado que el libro de papel, para aprender, para comprender, memorizar o establecer relaciones entre partes de un discurso es mucho m\u00e1s poderoso que cualquier medio digital. Pese a que se hable de lo maravillosos que son los medios digitales, para la educaci\u00f3n eso est\u00e1 lejos de ser cierto.<\/p>\n\n\n\n<p><strong>P.<\/strong>&nbsp;\u00bfHay una interpretaci\u00f3n cient\u00edfica del significado de los sue\u00f1os, se sabe qu\u00e9 funci\u00f3n cumplen?<\/p>\n\n\n\n<p><strong>R.<\/strong>&nbsp;Explicado de una forma muy general, sabemos que so\u00f1ar es importante para sedimentar y filtrar los recuerdos. De toda la enorme cantidad de informaci\u00f3n que cada d\u00eda recibimos, el cerebro hace un filtrado durante el sue\u00f1o a nivel molecular, que desde el punto de vista de la evoluci\u00f3n es una forma de asegurarte de que tu comprensi\u00f3n del mundo es correcta, que no te vas a confundir cuando se te acerque alguien y no sepas si es un depredador o un familiar.&nbsp;<a href=\"https:\/\/elpais.com\/elpais\/2015\/11\/06\/ciencia\/1446806180_393399.html\" target=\"_blank\" rel=\"noreferrer noopener\">Francis Crick<\/a>&nbsp;ten\u00eda una teor\u00eda sobre los sue\u00f1os con un aspecto bastante divertido. Nosotros tenemos este legado evolutivo de limpiar las memorias y, adem\u00e1s, cualquier cosa que suceda en nuestro entorno tiene que tener una l\u00f3gica narrativa. Cuando dormimos o estamos so\u00f1ando, y esto es una conjetura, la idea es que en ese proceso de filtrado nosotros no simplemente vemos im\u00e1genes, sino que pasamos por historias, quiz\u00e1 porque la mente narrativa est\u00e1 ah\u00ed siempre. Lo que dec\u00eda un poco jocosamente Crick era que, si eso es cierto, la peor idea que podemos tener es ir al psicoanalista a explicarle lo que hemos so\u00f1ado, porque el cerebro ha estado intentando eliminar cosas que nosotros vamos a reforzar. Hasta cierto punto es una broma, pero creo que algo de eso hay.<\/p>\n\n\n\n<p><strong>P.<\/strong>&nbsp;Algunos cient\u00edficos se han planteado elaborar una teor\u00eda de la mente a trav\u00e9s de los mitos comunes que contaban muchos pueblos primitivos que nunca han tenido contacto, pero, aun as\u00ed, cuentan historias muy similares. \u00bfTiene sentido?<\/p>\n\n\n\n<p><strong>R.<\/strong>&nbsp;Todos los humanos en el planeta compartimos arquitectura neuronal. Eso quiere decir que compartimos una forma de comprender nuestro entorno, una forma de tener expectativas. Porque el cerebro en gran medida es un sistema para hacer predicciones y tener expectativas muy claras. Si observo algo que me parece una cara, para m\u00ed va a ser una cara. Culturalmente, el hecho de que de forma recurrente las culturas tengan expectativas de cierto tipo o creen mitos de cierto tipo, o incluso acaben construyendo sociedades de cierto tipo, es posible que sea inevitable por la propia naturaleza evolutiva que nos ha llevado hasta aqu\u00ed.<\/p>\n\n\n\n<p><em>Puedes seguir a\u00a0<strong>EL PA\u00cdS Salud y Bienestar<\/strong>\u00a0en<\/em><a href=\"https:\/\/eur01.safelinks.protection.outlook.com\/?url=https%3A%2F%2Fwww.facebook.com%2Felpaissalud%2F&amp;data=05%7C01%7CGuiomarS%40elpais.es%7C095ae22c81864dded85208da4213cc27%7Cc4fd49f3e15a44d882e2c909735d2e45%7C0%7C0%7C637894950031365421%7CUnknown%7CTWFpbGZsb3d8eyJWIjoiMC4wLjAwMDAiLCJQIjoiV2luMzIiLCJBTiI6Ik1haWwiLCJXVCI6Mn0%3D%7C3000%7C%7C%7C&amp;sdata=NChRcNj28TB8gphRkGFqMQzOHL%2B1nYg3IqM6%2BmYcEXE%3D&amp;reserved=0\"><em>\u00a0Facebook<\/em><\/a><em>,\u00a0<\/em><a href=\"https:\/\/eur01.safelinks.protection.outlook.com\/?url=https%3A%2F%2Ftwitter.com%2Felpais_salud&amp;data=05%7C01%7CGuiomarS%40elpais.es%7C095ae22c81864dded85208da4213cc27%7Cc4fd49f3e15a44d882e2c909735d2e45%7C0%7C0%7C637894950031365421%7CUnknown%7CTWFpbGZsb3d8eyJWIjoiMC4wLjAwMDAiLCJQIjoiV2luMzIiLCJBTiI6Ik1haWwiLCJXVCI6Mn0%3D%7C3000%7C%7C%7C&amp;sdata=0hH%2Ftj7Vjg1RRB92wLZWEmEtznPME4Nf9MpN00TsrZU%3D&amp;reserved=0\"><em>Twitter\u00a0<\/em><\/a><em>e\u00a0<\/em><a href=\"https:\/\/eur01.safelinks.protection.outlook.com\/?url=https%3A%2F%2Fwww.instagram.com%2Felpais_salud%2F&amp;data=05%7C01%7CGuiomarS%40elpais.es%7C095ae22c81864dded85208da4213cc27%7Cc4fd49f3e15a44d882e2c909735d2e45%7C0%7C0%7C637894950031365421%7CUnknown%7CTWFpbGZsb3d8eyJWIjoiMC4wLjAwMDAiLCJQIjoiV2luMzIiLCJBTiI6Ik1haWwiLCJXVCI6Mn0%3D%7C3000%7C%7C%7C&amp;sdata=j%2Fzl3lf%2BPhiHuRoeehsXo1c%2F8aweJFYUTEylEZhiS9w%3D&amp;reserved=0\"><em>Instagram<\/em><\/a><em>.<\/em><\/p>\n\n\n\n<p>Fuente: <a href=\"https:\/\/elpais.com\/salud-y-bienestar\/2022-12-29\/ricard-sole-neurocientifico-para-aprender-el-libro-de-papel-es-mucho-mas-poderoso-que-cualquier-medio-digital.html\">https:\/\/elpais.com\/salud-y-bienestar\/2022-12-29\/ricard-sole-neurocientifico-para-aprender-el-libro-de-papel-es-mucho-mas-poderoso-que-cualquier-medio-digital.html<\/a><\/p>\n","protected":false},"excerpt":{"rendered":"<p>El f\u00edsico, comisario de una exposici\u00f3n sobre el cerebro, reflexiona sobre c\u00f3mo ese \u00f3rgano, que permiti\u00f3 la aparici\u00f3n del lenguaje [&hellip;]<\/p>\n","protected":false},"author":1,"featured_media":43835,"comment_status":"open","ping_status":"open","sticky":false,"template":"","format":"standard","meta":{"site-sidebar-layout":"default","site-content-layout":"","ast-site-content-layout":"default","site-content-style":"default","site-sidebar-style":"default","ast-global-header-display":"","ast-banner-title-visibility":"","ast-main-header-display":"","ast-hfb-above-header-display":"","ast-hfb-below-header-display":"","ast-hfb-mobile-header-display":"","site-post-title":"","ast-breadcrumbs-content":"","ast-featured-img":"","footer-sml-layout":"","theme-transparent-header-meta":"","adv-header-id-meta":"","stick-header-meta":"","header-above-stick-meta":"","header-main-stick-meta":"","header-below-stick-meta":"","astra-migrate-meta-layouts":"default","ast-page-background-enabled":"default","ast-page-background-meta":{"desktop":{"background-color":"var(--ast-global-color-4)","background-image":"","background-repeat":"repeat","background-position":"center center","background-size":"auto","background-attachment":"scroll","background-type":"","background-media":"","overlay-type":"","overlay-color":"","overlay-opacity":"","overlay-gradient":""},"tablet":{"background-color":"","background-image":"","background-repeat":"repeat","background-position":"center center","background-size":"auto","background-attachment":"scroll","background-type":"","background-media":"","overlay-type":"","overlay-color":"","overlay-opacity":"","overlay-gradient":""},"mobile":{"background-color":"","background-image":"","background-repeat":"repeat","background-position":"center center","background-size":"auto","background-attachment":"scroll","background-type":"","background-media":"","overlay-type":"","overlay-color":"","overlay-opacity":"","overlay-gradient":""}},"ast-content-background-meta":{"desktop":{"background-color":"var(--ast-global-color-5)","background-image":"","background-repeat":"repeat","background-position":"center center","background-size":"auto","background-attachment":"scroll","background-type":"","background-media":"","overlay-type":"","overlay-color":"","overlay-opacity":"","overlay-gradient":""},"tablet":{"background-color":"var(--ast-global-color-5)","background-image":"","background-repeat":"repeat","background-position":"center center","background-size":"auto","background-attachment":"scroll","background-type":"","background-media":"","overlay-type":"","overlay-color":"","overlay-opacity":"","overlay-gradient":""},"mobile":{"background-color":"var(--ast-global-color-5)","background-image":"","background-repeat":"repeat","background-position":"center center","background-size":"auto","background-attachment":"scroll","background-type":"","background-media":"","overlay-type":"","overlay-color":"","overlay-opacity":"","overlay-gradient":""}},"footnotes":""},"categories":[8],"tags":[14434,14433,14432],"class_list":["post-43834","post","type-post","status-publish","format-standard","has-post-thumbnail","hentry","category-noticias","tag-cerebros","tag-libros-de-papel","tag-neurociencia"],"_links":{"self":[{"href":"https:\/\/losperiodistas.com.mx\/portal\/wp-json\/wp\/v2\/posts\/43834","targetHints":{"allow":["GET"]}}],"collection":[{"href":"https:\/\/losperiodistas.com.mx\/portal\/wp-json\/wp\/v2\/posts"}],"about":[{"href":"https:\/\/losperiodistas.com.mx\/portal\/wp-json\/wp\/v2\/types\/post"}],"author":[{"embeddable":true,"href":"https:\/\/losperiodistas.com.mx\/portal\/wp-json\/wp\/v2\/users\/1"}],"replies":[{"embeddable":true,"href":"https:\/\/losperiodistas.com.mx\/portal\/wp-json\/wp\/v2\/comments?post=43834"}],"version-history":[{"count":1,"href":"https:\/\/losperiodistas.com.mx\/portal\/wp-json\/wp\/v2\/posts\/43834\/revisions"}],"predecessor-version":[{"id":43837,"href":"https:\/\/losperiodistas.com.mx\/portal\/wp-json\/wp\/v2\/posts\/43834\/revisions\/43837"}],"wp:featuredmedia":[{"embeddable":true,"href":"https:\/\/losperiodistas.com.mx\/portal\/wp-json\/wp\/v2\/media\/43835"}],"wp:attachment":[{"href":"https:\/\/losperiodistas.com.mx\/portal\/wp-json\/wp\/v2\/media?parent=43834"}],"wp:term":[{"taxonomy":"category","embeddable":true,"href":"https:\/\/losperiodistas.com.mx\/portal\/wp-json\/wp\/v2\/categories?post=43834"},{"taxonomy":"post_tag","embeddable":true,"href":"https:\/\/losperiodistas.com.mx\/portal\/wp-json\/wp\/v2\/tags?post=43834"}],"curies":[{"name":"wp","href":"https:\/\/api.w.org\/{rel}","templated":true}]}}