{"id":43828,"date":"2022-12-29T08:46:09","date_gmt":"2022-12-29T14:46:09","guid":{"rendered":"http:\/\/losperiodistas.com.mx\/portal\/?p=43828"},"modified":"2022-12-29T08:56:12","modified_gmt":"2022-12-29T14:56:12","slug":"bruni-el-papa-emerito-grave-pero-estable-francisco-renueva-su-pedido-de-oracion-vatican-news","status":"publish","type":"post","link":"https:\/\/losperiodistas.com.mx\/portal\/bruni-el-papa-emerito-grave-pero-estable-francisco-renueva-su-pedido-de-oracion-vatican-news\/","title":{"rendered":"Bruni: El Papa Em\u00e9rito grave, pero estable. Francisco renueva su pedido de oraci\u00f3n | Vatican News"},"content":{"rendered":"\n<p class=\"has-luminous-vivid-amber-background-color has-background has-medium-font-size\">Benedicto XVI \u201clogr\u00f3 descansar bien anoche, est\u00e1 absolutamente l\u00facido y vigil\u201d. Lo inform\u00f3 el Director de la Oficina de Prensa de la Santa Sede, Matteo Bruni, precisando que la condici\u00f3n \u201cpermanece grave, pero estable\u201d.<\/p>\n\n\n\n<p><\/p>\n\n\n\n<figure class=\"wp-block-image size-large is-style-default\"><img fetchpriority=\"high\" decoding=\"async\" width=\"1024\" height=\"575\" src=\"https:\/\/losperiodistas.com.mx\/portal\/wp-content\/uploads\/2022\/12\/cq5dam.thumbnail.cropped.1500.844-3-1024x575.jpeg\" alt=\"\" class=\"wp-image-43829\" srcset=\"https:\/\/losperiodistas.com.mx\/portal\/wp-content\/uploads\/2022\/12\/cq5dam.thumbnail.cropped.1500.844-3-1024x575.jpeg 1024w, https:\/\/losperiodistas.com.mx\/portal\/wp-content\/uploads\/2022\/12\/cq5dam.thumbnail.cropped.1500.844-3-300x169.jpeg 300w, https:\/\/losperiodistas.com.mx\/portal\/wp-content\/uploads\/2022\/12\/cq5dam.thumbnail.cropped.1500.844-3-768x432.jpeg 768w, https:\/\/losperiodistas.com.mx\/portal\/wp-content\/uploads\/2022\/12\/cq5dam.thumbnail.cropped.1500.844-3.jpeg 1500w\" sizes=\"(max-width: 1024px) 100vw, 1024px\" \/><figcaption>El Papa Em\u00e9rito Benedicto XVI, en una foto de archivo&nbsp;<\/figcaption><\/figure>\n\n\n\n<p class=\"has-vivid-cyan-blue-color has-text-color has-medium-font-size\">VATICAN NEWS<\/p>\n\n\n\n<p>\u201cEl Papa em\u00e9rito logr\u00f3 descansar bien anoche, est\u00e1 absolutamente l\u00facido y vigil y hoy, aunque su condici\u00f3n permanece grave, la situaci\u00f3n por el momento es estable\u201d: as\u00ed lo declar\u00f3 el Director de la Oficina de Prensa de la Santa Sede, Matteo Bruni, respondiendo a preguntas de los periodistas sobre el estado de salud de Benedicto XVI.&nbsp;<\/p>\n\n\n\n<p>\u201cEl Papa Francisco renueva su invitaci\u00f3n a rezar por \u00e9l y a acompa\u00f1arle en estas horas dif\u00edciles\u201d, comunic\u00f3 tambi\u00e9n Bruni.<\/p>\n\n\n\n<p>La noticia del agravamiento de las condiciones de salud del Papa Em\u00e9rito dio la vuelta al mundo despu\u00e9s de que ayer, al momento de los saludos a los fieles durante la Audiencia General, el mismo Papa Francisco dejara de lado el texto preparado para pedir una \u201coraci\u00f3n especial\u201d por el Papa em\u00e9rito, que est\u00e1 muy enfermo, \u201cpidiendo al Se\u00f1or que lo consuele, y lo sostenga en este testimonio de amor a la Iglesia, hasta el final\u201d.<\/p>\n\n\n\n<p>Inmediata la respuesta de Conferencias Episcopales, Cardenales, Iglesias particulares, instituciones cat\u00f3licas y tambi\u00e9n de otras confesiones religiosas que han manifestado, y lo siguen haciendo por estas horas, su comuni\u00f3n de oraci\u00f3n con el Papa Francisco por la salud de su predecesor.<\/p>\n\n\n\n<div class=\"wp-block-image is-style-default\"><figure class=\"alignleft size-full is-resized\"><img decoding=\"async\" src=\"https:\/\/losperiodistas.com.mx\/portal\/wp-content\/uploads\/2022\/12\/cq5dam.thumbnail.cropped.500.281.jpeg\" alt=\"\" class=\"wp-image-43830\" width=\"157\" height=\"88\" srcset=\"https:\/\/losperiodistas.com.mx\/portal\/wp-content\/uploads\/2022\/12\/cq5dam.thumbnail.cropped.500.281.jpeg 500w, https:\/\/losperiodistas.com.mx\/portal\/wp-content\/uploads\/2022\/12\/cq5dam.thumbnail.cropped.500.281-300x169.jpeg 300w\" sizes=\"(max-width: 157px) 100vw, 157px\" \/><\/figure><\/div>\n\n\n\n<p><a href=\"https:\/\/www.vaticannews.va\/es\/papa\/news\/2022-12\/papa-francisco-audiencia-general-oracion-benedicto-xvi-enfermo.html\">https:\/\/www.vaticannews.va\/es\/papa\/news\/2022-12\/papa-francisco-audiencia-general-oracion-benedicto-xvi-enfermo.html<\/a><\/p>\n\n\n\n<p><\/p>\n\n\n\n<p>Fuente: <a href=\"https:\/\/www.vaticannews.va\/es\/vaticano\/news\/2022-12\/bruni-papa-emerito-grave-pero-estable-francisco-renueva-oracion.html\">https:\/\/www.vaticannews.va\/es\/vaticano\/news\/2022-12\/bruni-papa-emerito-grave-pero-estable-francisco-renueva-oracion.html<\/a><\/p>\n","protected":false},"excerpt":{"rendered":"<p>Benedicto XVI \u201clogr\u00f3 descansar bien anoche, est\u00e1 absolutamente l\u00facido y vigil\u201d. Lo inform\u00f3 el Director de la Oficina de Prensa [&hellip;]<\/p>\n","protected":false},"author":1,"featured_media":43829,"comment_status":"open","ping_status":"open","sticky":false,"template":"","format":"standard","meta":{"site-sidebar-layout":"default","site-content-layout":"","ast-site-content-layout":"default","site-content-style":"default","site-sidebar-style":"default","ast-global-header-display":"","ast-banner-title-visibility":"","ast-main-header-display":"","ast-hfb-above-header-display":"","ast-hfb-below-header-display":"","ast-hfb-mobile-header-display":"","site-post-title":"","ast-breadcrumbs-content":"","ast-featured-img":"","footer-sml-layout":"","theme-transparent-header-meta":"","adv-header-id-meta":"","stick-header-meta":"","header-above-stick-meta":"","header-main-stick-meta":"","header-below-stick-meta":"","astra-migrate-meta-layouts":"default","ast-page-background-enabled":"default","ast-page-background-meta":{"desktop":{"background-color":"var(--ast-global-color-4)","background-image":"","background-repeat":"repeat","background-position":"center center","background-size":"auto","background-attachment":"scroll","background-type":"","background-media":"","overlay-type":"","overlay-color":"","overlay-opacity":"","overlay-gradient":""},"tablet":{"background-color":"","background-image":"","background-repeat":"repeat","background-position":"center center","background-size":"auto","background-attachment":"scroll","background-type":"","background-media":"","overlay-type":"","overlay-color":"","overlay-opacity":"","overlay-gradient":""},"mobile":{"background-color":"","background-image":"","background-repeat":"repeat","background-position":"center center","background-size":"auto","background-attachment":"scroll","background-type":"","background-media":"","overlay-type":"","overlay-color":"","overlay-opacity":"","overlay-gradient":""}},"ast-content-background-meta":{"desktop":{"background-color":"var(--ast-global-color-5)","background-image":"","background-repeat":"repeat","background-position":"center center","background-size":"auto","background-attachment":"scroll","background-type":"","background-media":"","overlay-type":"","overlay-color":"","overlay-opacity":"","overlay-gradient":""},"tablet":{"background-color":"var(--ast-global-color-5)","background-image":"","background-repeat":"repeat","background-position":"center center","background-size":"auto","background-attachment":"scroll","background-type":"","background-media":"","overlay-type":"","overlay-color":"","overlay-opacity":"","overlay-gradient":""},"mobile":{"background-color":"var(--ast-global-color-5)","background-image":"","background-repeat":"repeat","background-position":"center center","background-size":"auto","background-attachment":"scroll","background-type":"","background-media":"","overlay-type":"","overlay-color":"","overlay-opacity":"","overlay-gradient":""}},"footnotes":""},"categories":[8],"tags":[14430,14431],"class_list":["post-43828","post","type-post","status-publish","format-standard","has-post-thumbnail","hentry","category-noticias","tag-papa-benedicto-xvi","tag-papa-emerito-lucido-y-estable"],"_links":{"self":[{"href":"https:\/\/losperiodistas.com.mx\/portal\/wp-json\/wp\/v2\/posts\/43828","targetHints":{"allow":["GET"]}}],"collection":[{"href":"https:\/\/losperiodistas.com.mx\/portal\/wp-json\/wp\/v2\/posts"}],"about":[{"href":"https:\/\/losperiodistas.com.mx\/portal\/wp-json\/wp\/v2\/types\/post"}],"author":[{"embeddable":true,"href":"https:\/\/losperiodistas.com.mx\/portal\/wp-json\/wp\/v2\/users\/1"}],"replies":[{"embeddable":true,"href":"https:\/\/losperiodistas.com.mx\/portal\/wp-json\/wp\/v2\/comments?post=43828"}],"version-history":[{"count":2,"href":"https:\/\/losperiodistas.com.mx\/portal\/wp-json\/wp\/v2\/posts\/43828\/revisions"}],"predecessor-version":[{"id":43833,"href":"https:\/\/losperiodistas.com.mx\/portal\/wp-json\/wp\/v2\/posts\/43828\/revisions\/43833"}],"wp:featuredmedia":[{"embeddable":true,"href":"https:\/\/losperiodistas.com.mx\/portal\/wp-json\/wp\/v2\/media\/43829"}],"wp:attachment":[{"href":"https:\/\/losperiodistas.com.mx\/portal\/wp-json\/wp\/v2\/media?parent=43828"}],"wp:term":[{"taxonomy":"category","embeddable":true,"href":"https:\/\/losperiodistas.com.mx\/portal\/wp-json\/wp\/v2\/categories?post=43828"},{"taxonomy":"post_tag","embeddable":true,"href":"https:\/\/losperiodistas.com.mx\/portal\/wp-json\/wp\/v2\/tags?post=43828"}],"curies":[{"name":"wp","href":"https:\/\/api.w.org\/{rel}","templated":true}]}}