{"id":43820,"date":"2022-12-29T08:18:42","date_gmt":"2022-12-29T14:18:42","guid":{"rendered":"http:\/\/losperiodistas.com.mx\/portal\/?p=43820"},"modified":"2022-12-29T08:18:44","modified_gmt":"2022-12-29T14:18:44","slug":"en-situacion-de-pobreza-80-de-la-poblacion-en-217-localidades-urbanas-de-puebla-coneval-ljo","status":"publish","type":"post","link":"https:\/\/losperiodistas.com.mx\/portal\/en-situacion-de-pobreza-80-de-la-poblacion-en-217-localidades-urbanas-de-puebla-coneval-ljo\/","title":{"rendered":"En situaci\u00f3n de pobreza , 80 % de la poblaci\u00f3n en 217 localidades urbanas de Puebla: Coneval | LJO"},"content":{"rendered":"\n<div class=\"wp-block-image is-style-default\"><figure class=\"aligncenter size-large\"><img fetchpriority=\"high\" decoding=\"async\" width=\"1024\" height=\"767\" src=\"https:\/\/losperiodistas.com.mx\/portal\/wp-content\/uploads\/2022\/12\/Captura-de-Pantalla-2022-12-29-a-las-8.12.09-1024x767.jpg\" alt=\"\" class=\"wp-image-43821\" srcset=\"https:\/\/losperiodistas.com.mx\/portal\/wp-content\/uploads\/2022\/12\/Captura-de-Pantalla-2022-12-29-a-las-8.12.09-1024x767.jpg 1024w, https:\/\/losperiodistas.com.mx\/portal\/wp-content\/uploads\/2022\/12\/Captura-de-Pantalla-2022-12-29-a-las-8.12.09-300x225.jpg 300w, https:\/\/losperiodistas.com.mx\/portal\/wp-content\/uploads\/2022\/12\/Captura-de-Pantalla-2022-12-29-a-las-8.12.09-768x575.jpg 768w, https:\/\/losperiodistas.com.mx\/portal\/wp-content\/uploads\/2022\/12\/Captura-de-Pantalla-2022-12-29-a-las-8.12.09-1536x1150.jpg 1536w, https:\/\/losperiodistas.com.mx\/portal\/wp-content\/uploads\/2022\/12\/Captura-de-Pantalla-2022-12-29-a-las-8.12.09.jpg 1726w\" sizes=\"(max-width: 1024px) 100vw, 1024px\" \/><figcaption>En situaci\u00f3n de pobreza el 80% de la poblaci\u00f3n de 217 localidades urbanas de Puebla: Coneval Foto: EsImagen| Jos\u00e9 Casta\u00f1ares<br><\/figcaption><\/figure><\/div>\n\n\n\n<p class=\"has-vivid-cyan-blue-color has-text-color has-medium-font-size\">PATRICIA GUTI\u00c9RREZ RODR\u00cdGUEZ \/ LA JORNADA DE ORIENTE<\/p>\n\n\n\n<p>En casi el 50 por ciento, es decir 217 de las 440 localidades urbanas del estado de Puebla, 80 por ciento o m\u00e1s de la poblaci\u00f3n estaba en situaci\u00f3n de pobreza en el a\u00f1o 2020.<\/p>\n\n\n\n<p>En las mismas habitan 1 mill\u00f3n 47 mil 299 personas, de acuerdo a datos del\u00a0<a href=\"https:\/\/twitter.com\/coneval\" target=\"_blank\" rel=\"noreferrer noopener\">Consejo Nacional de Evaluaci\u00f3n de la Pol\u00edtica de Desarrollo Social<\/a>\u00a0(Coneval).<\/p>\n\n\n\n<p>Entre las demarcaciones que se encuentran en esa situaci\u00f3n est\u00e1n las ciudades o cabeceras municipales de Calpan, Eloxochitl\u00e1n, Huaquechula, Huehuetl\u00e1n El Chico, Hueytlalpan, Huitizilan de Serd\u00e1n, Nealtican, Ocoyucan, Quecholac, Los Reyes de Ju\u00e1rez, San Gabriel Chilac, San Jer\u00f3nimo Tecuanipan, San Mat\u00edas Tlalancaleca, San Nicol\u00e1s Buenos Aires, San Salvador Huixcolotla, Tehuitzingo, Teopantl\u00e1n, Tepeojuma, Tianguismanalco, Tochimilco, Xicotl\u00e1n, Yehualtepec, Zongozotla y Zoquitl\u00e1n.<\/p>\n\n\n\n<p>Tres<a href=\"https:\/\/www.lajornadadeoriente.com.mx\/puebla\/en-2022-se-disparo-la-delincuencia-en-juntas-auxiliares-e-inspectorias\/\" target=\"_blank\" rel=\"noreferrer noopener\">&nbsp;juntas auxiliares de Puebla capital<\/a>&nbsp;aparecen en el listado de localidades con entre el 80 y 100 por ciento de su poblaci\u00f3n en pobreza, se trata de San Andr\u00e9s Azumiatla, La Resurrecci\u00f3n y San Miguel Espejo.<\/p>\n\n\n\n<p>El Coneval precis\u00f3 que las&nbsp;<strong>localidades urbanas son aquellas, conforme al \u00faltimo Conteo o Censo de Poblaci\u00f3n y Vivienda, que tienen una poblaci\u00f3n igual o mayor a 2 mil 500 habitantes<\/strong>&nbsp;o es cabecera municipal.- Anuncio &#8211;<\/p>\n\n\n\n<p>Aunque, tambi\u00e9n algunas tienen poblaci\u00f3n menor a esa cantidad, no obstante el&nbsp;<a href=\"https:\/\/twitter.com\/INEGI_INFORMA\" target=\"_blank\" rel=\"noreferrer noopener\">Instituto Nacional de Estad\u00edstica y Geograf\u00eda<\/a>&nbsp;(Inegi) tambi\u00e9n las cataloga como urbanas.<\/p>\n\n\n\n<p>Las referidas 217 localidades urbanas se encuentran dispersas por todo el territorio poblano y, de estas, 97 se ubicaban a m\u00e1s de una hora (en autom\u00f3vil) de alg\u00fan establecimiento de salud p\u00fablica de tercer nivel.- Anuncio.-<\/p>\n\n\n\n<p>En ellas,&nbsp;<a href=\"https:\/\/www.lajornadadeoriente.com.mx\/puebla\/en-primaria-se-registra-mayor-rezago-educativo\/\" target=\"_blank\" rel=\"noreferrer noopener\">el grado promedio de escolaridad<\/a>&nbsp;oscil\u00f3 entre 3.9 y 9.1 a\u00f1os. En contraste, en las diez localidades con porcentajes de pobreza inferiores a 40 por ciento, el grado promedio de escolaridad fue mayor a 9.9 a\u00f1os.<\/p>\n\n\n\n<p>Asimismo, del universo de 440 localidades, 160, es decir 38.3 por ciento, est\u00e1n en un rango de pobreza de entre 60 y 80 por ciento.<\/p>\n\n\n\n<p>Otras 53, que se traducen en 12 por ciento, se encuentran en el intervalo de 40 a 60 por ciento de pobreza; ocho, equivalentes a 1.8 por ciento, est\u00e1n entre el 20 y 40 por ciento; y solo dos, est\u00e1n entre cero y 20 por ciento.<\/p>\n\n\n\n<p>Este \u00faltimo par se refiere Lomas de Angel\u00f3polis y Chapultepec, ambas en la zona metropolitana Puebla-Tlaxcala.<\/p>\n\n\n\n<p>El Coneval refiere que&nbsp;<strong>las cinco localidades con mayor tama\u00f1o de poblaci\u00f3n se ubican en las regiones Angel\u00f3polis y Tehuac\u00e1n-Sierra Negra<\/strong>, las cuales est\u00e1n interconectadas por tres corredores carreteros troncales.<\/p>\n\n\n\n<p>La primera se caracteriza por concentrar varios parques industriales dedicados, principalmente, a la producci\u00f3n de autom\u00f3viles, autopartes, maquinaria y productos alimenticios.<\/p>\n\n\n\n<h2 class=\"wp-block-heading\">Hasta 80% de la poblaci\u00f3n de Pueblos M\u00e1gicos, en pobreza<\/h2>\n\n\n\n<p>El Consejo Nacional de Evaluaci\u00f3n de la Pol\u00edtica de Desarrollo Social (Coneval) estima que&nbsp;<strong>en los 10 Pueblos M\u00e1gicos con los que cuenta esta entidad federativa, el porcentaje de pobreza en los mismos es de entre 40 y 80 por ciento.<\/strong><\/p>\n\n\n\n<p>En el caso de la cabecera municipal de la Chignahuapan, as\u00ed como la de Cuetzalan, Pahuatl\u00e1n y Xicotepec es entre el 60 y 80 por ciento.<\/p>\n\n\n\n<p>Mientras que en las ciudades de Zacatl\u00e1n, San Andr\u00e9s y San Pedro Cholula, Huauchinango, Tlatlauquitepec y Atlixco est\u00e1n condici\u00f3n&nbsp; de pobreza entre el 40 y 60 por ciento por ciento de los habitantes.<\/p>\n\n\n\n<p>De igual forma, el Consejo refiri\u00f3 que&nbsp; tambi\u00e9n se indica que&nbsp;<strong>en las ciudades de Chignahuapan, Zacatl\u00e1n y Cuetzalan, una de cada tres personas no estaba afiliada a los servicios de salud hace dos a\u00f1os.<\/strong><\/p>\n\n\n\n<h2 class=\"wp-block-heading\">Puebla, entre las entidades con m\u00e1s localidades pobres<\/h2>\n\n\n\n<p>El Coneval refiri\u00f3 que la concentraci\u00f3n geogr\u00e1fica de la pobreza del pa\u00eds a nivel localidad urbana se mantiene en las zonas del centro y sur del pa\u00eds, patr\u00f3n espacial que se present\u00f3 tanto tambi\u00e9n a nivel estatal como municipal.<\/p>\n\n\n\n<p>A\u00f1adi\u00f3 que de las 5 mil 234 localidades clasificadas en alg\u00fan rango de pobreza, mil 68 registraron 80 por ciento o m\u00e1s de poblaci\u00f3n en situaci\u00f3n de pobreza.<\/p>\n\n\n\n<p>En ese aspecto,&nbsp;<strong>los estados de Oaxaca, Puebla y Chiapas registraron el mayor n\u00famero de localidades urbanas con al menos ocho de cada 10 habitantes en esa condici\u00f3n.<\/strong><\/p>\n\n\n\n<p>Entre los hallazgos del Coneval tambi\u00e9n est\u00e1 que el 95.7 por ciento de las localidades con 80 por ciento o m\u00e1s de poblaci\u00f3n en situaci\u00f3n de pobreza eran habitadas por menos de 10 mil personas.<\/p>\n\n\n\n<p>\u00danicamente Baja California Sur y Coahuila fueron las entidades donde todas sus localidades urbanas registraron menos de 60 por ciento de sus habitantes en pobreza.<\/p>\n\n\n\n<p>La Ciudad de M\u00e9xico, Quer\u00e9taro, Jalisco y Sonora registraron solo una localidad con 80 por ciento o m\u00e1s de poblaci\u00f3n pobre; se trata de demarcaciones de menos de 7 mil 500 residentes, con un promedio de a\u00f1os de escolaridad que no supera los ocho.<\/p>\n\n\n\n<p>El Coneval a\u00f1adi\u00f3 que&nbsp; la distribuci\u00f3n espacial de la pobreza por tama\u00f1o de localidad revela una diferenciaci\u00f3n territorial en la que destacan tres \u00e1reas.<\/p>\n\n\n\n<p>La del norte del pa\u00eds cuenta con localidades urbanas dispersas en su mayor\u00eda menores a los 50 mil 000 habitantes y con menos de 40 por ciento de poblaci\u00f3n en situaci\u00f3n de pobreza.<\/p>\n\n\n\n<p>En centro-baj\u00edo existe una alta concentraci\u00f3n de localidades de m\u00e1s de 100 mil&nbsp; habitantes con porcentajes de poblaci\u00f3n en situaci\u00f3n de pobreza entre el 40 por ciento y menos de 80 por ciento.<\/p>\n\n\n\n<p>Mientras que en la regi\u00f3n sur, las localidades tienen menos de 10 mil habitantes, algunas dispersas y con 80 por ciento o m\u00e1s de poblaci\u00f3n en situaci\u00f3n de pobreza.<\/p>\n\n\n\n<p>El Consejo refiri\u00f3 que el porcentaje de personas pobres que reside en las localidades urbanas aumenta conforme disminuye su tama\u00f1o.<\/p>\n\n\n\n<p>Es decir, en la mayor\u00eda de las localidades con menos de 15 mil 000 habitantes se presentaron porcentajes superiores al 60&nbsp; por ciento.<\/p>\n\n\n\n<blockquote class=\"wp-block-quote is-layout-flow wp-block-quote-is-layout-flow\"><p>\u201cGeneralmente estas localidades corresponden a centros urbanos, ciudades peque\u00f1as o demarcaciones perif\u00e9ricas de las zonas metropolitanas, donde queda manifiesta una diferenciaci\u00f3n socioecon\u00f3mica de los espacios urbanos caracterizados por la falta de infraestructura y baja presencia de servicios urbanos\u201d.<\/p><\/blockquote>\n\n\n\n<p>A\u00f1adi\u00f3 que en 107 localidades del pa\u00eds con m\u00e1s de 100 mil habitantes, la proporci\u00f3n de personas pobres de fue menor al 40 por ciento.<\/p>\n\n\n\n<p>Las mismas, en general, son las capitales de las entidades federativas y\/o la ciudad central de las zonas metropolitanas, estas se caracterizan por tener una mayor conectividad con el resto de las localidades debido a su din\u00e1mica econ\u00f3mica.<\/p>\n\n\n\n<p>Fuente: <a href=\"https:\/\/www.lajornadadeoriente.com.mx\/puebla\/en-situacion-de-pobreza-217-localidades-urbanas-de-puebla-coneval\/\">https:\/\/www.lajornadadeoriente.com.mx\/puebla\/en-situacion-de-pobreza-217-localidades-urbanas-de-puebla-coneval\/<\/a><\/p>\n","protected":false},"excerpt":{"rendered":"<p>PATRICIA GUTI\u00c9RREZ RODR\u00cdGUEZ \/ LA JORNADA DE ORIENTE En casi el 50 por ciento, es decir 217 de las 440 [&hellip;]<\/p>\n","protected":false},"author":1,"featured_media":43821,"comment_status":"open","ping_status":"open","sticky":false,"template":"","format":"standard","meta":{"site-sidebar-layout":"default","site-content-layout":"","ast-site-content-layout":"default","site-content-style":"default","site-sidebar-style":"default","ast-global-header-display":"","ast-banner-title-visibility":"","ast-main-header-display":"","ast-hfb-above-header-display":"","ast-hfb-below-header-display":"","ast-hfb-mobile-header-display":"","site-post-title":"","ast-breadcrumbs-content":"","ast-featured-img":"","footer-sml-layout":"","theme-transparent-header-meta":"","adv-header-id-meta":"","stick-header-meta":"","header-above-stick-meta":"","header-main-stick-meta":"","header-below-stick-meta":"","astra-migrate-meta-layouts":"default","ast-page-background-enabled":"default","ast-page-background-meta":{"desktop":{"background-color":"var(--ast-global-color-4)","background-image":"","background-repeat":"repeat","background-position":"center center","background-size":"auto","background-attachment":"scroll","background-type":"","background-media":"","overlay-type":"","overlay-color":"","overlay-opacity":"","overlay-gradient":""},"tablet":{"background-color":"","background-image":"","background-repeat":"repeat","background-position":"center center","background-size":"auto","background-attachment":"scroll","background-type":"","background-media":"","overlay-type":"","overlay-color":"","overlay-opacity":"","overlay-gradient":""},"mobile":{"background-color":"","background-image":"","background-repeat":"repeat","background-position":"center center","background-size":"auto","background-attachment":"scroll","background-type":"","background-media":"","overlay-type":"","overlay-color":"","overlay-opacity":"","overlay-gradient":""}},"ast-content-background-meta":{"desktop":{"background-color":"var(--ast-global-color-5)","background-image":"","background-repeat":"repeat","background-position":"center center","background-size":"auto","background-attachment":"scroll","background-type":"","background-media":"","overlay-type":"","overlay-color":"","overlay-opacity":"","overlay-gradient":""},"tablet":{"background-color":"var(--ast-global-color-5)","background-image":"","background-repeat":"repeat","background-position":"center center","background-size":"auto","background-attachment":"scroll","background-type":"","background-media":"","overlay-type":"","overlay-color":"","overlay-opacity":"","overlay-gradient":""},"mobile":{"background-color":"var(--ast-global-color-5)","background-image":"","background-repeat":"repeat","background-position":"center center","background-size":"auto","background-attachment":"scroll","background-type":"","background-media":"","overlay-type":"","overlay-color":"","overlay-opacity":"","overlay-gradient":""}},"footnotes":""},"categories":[8],"tags":[2048,14428,14427],"class_list":["post-43820","post","type-post","status-publish","format-standard","has-post-thumbnail","hentry","category-noticias","tag-coneval","tag-municipio-de-puebla-pobreza","tag-pobreza-en-puebla"],"_links":{"self":[{"href":"https:\/\/losperiodistas.com.mx\/portal\/wp-json\/wp\/v2\/posts\/43820","targetHints":{"allow":["GET"]}}],"collection":[{"href":"https:\/\/losperiodistas.com.mx\/portal\/wp-json\/wp\/v2\/posts"}],"about":[{"href":"https:\/\/losperiodistas.com.mx\/portal\/wp-json\/wp\/v2\/types\/post"}],"author":[{"embeddable":true,"href":"https:\/\/losperiodistas.com.mx\/portal\/wp-json\/wp\/v2\/users\/1"}],"replies":[{"embeddable":true,"href":"https:\/\/losperiodistas.com.mx\/portal\/wp-json\/wp\/v2\/comments?post=43820"}],"version-history":[{"count":1,"href":"https:\/\/losperiodistas.com.mx\/portal\/wp-json\/wp\/v2\/posts\/43820\/revisions"}],"predecessor-version":[{"id":43822,"href":"https:\/\/losperiodistas.com.mx\/portal\/wp-json\/wp\/v2\/posts\/43820\/revisions\/43822"}],"wp:featuredmedia":[{"embeddable":true,"href":"https:\/\/losperiodistas.com.mx\/portal\/wp-json\/wp\/v2\/media\/43821"}],"wp:attachment":[{"href":"https:\/\/losperiodistas.com.mx\/portal\/wp-json\/wp\/v2\/media?parent=43820"}],"wp:term":[{"taxonomy":"category","embeddable":true,"href":"https:\/\/losperiodistas.com.mx\/portal\/wp-json\/wp\/v2\/categories?post=43820"},{"taxonomy":"post_tag","embeddable":true,"href":"https:\/\/losperiodistas.com.mx\/portal\/wp-json\/wp\/v2\/tags?post=43820"}],"curies":[{"name":"wp","href":"https:\/\/api.w.org\/{rel}","templated":true}]}}