{"id":43815,"date":"2022-12-29T08:11:29","date_gmt":"2022-12-29T14:11:29","guid":{"rendered":"http:\/\/losperiodistas.com.mx\/portal\/?p=43815"},"modified":"2022-12-29T08:11:31","modified_gmt":"2022-12-29T14:11:31","slug":"ayuntamiento-de-puebla-invita-a-participar-en-la-ultima-noche-de-museos-de-2022","status":"publish","type":"post","link":"https:\/\/losperiodistas.com.mx\/portal\/ayuntamiento-de-puebla-invita-a-participar-en-la-ultima-noche-de-museos-de-2022\/","title":{"rendered":"Ayuntamiento de Puebla invita a participar en la \u00faltima Noche de Museos de 2022"},"content":{"rendered":"\n<ul class=\"has-medium-font-size wp-block-list\"><li>Se realizar\u00e1 el 30 de diciembre con 17 recintos de la capital poblana y Zacatl\u00e1n abiertos hasta las 22:00 horas.<\/li><\/ul>\n\n\n\n<div class=\"wp-block-image is-style-default\"><figure class=\"alignright size-large is-resized\"><img fetchpriority=\"high\" decoding=\"async\" src=\"https:\/\/losperiodistas.com.mx\/portal\/wp-content\/uploads\/2022\/12\/f522dc89-0245-4450-9422-83a7af7ae4f6-1024x679.jpeg\" alt=\"\" class=\"wp-image-43816\" width=\"531\" height=\"351\" srcset=\"https:\/\/losperiodistas.com.mx\/portal\/wp-content\/uploads\/2022\/12\/f522dc89-0245-4450-9422-83a7af7ae4f6-1024x679.jpeg 1024w, https:\/\/losperiodistas.com.mx\/portal\/wp-content\/uploads\/2022\/12\/f522dc89-0245-4450-9422-83a7af7ae4f6-300x199.jpeg 300w, https:\/\/losperiodistas.com.mx\/portal\/wp-content\/uploads\/2022\/12\/f522dc89-0245-4450-9422-83a7af7ae4f6-768x509.jpeg 768w, https:\/\/losperiodistas.com.mx\/portal\/wp-content\/uploads\/2022\/12\/f522dc89-0245-4450-9422-83a7af7ae4f6.jpeg 1280w\" sizes=\"(max-width: 531px) 100vw, 531px\" \/><\/figure><\/div>\n\n\n\n<p><\/p>\n\n\n\n<p class=\"has-vivid-cyan-blue-color has-text-color has-medium-font-size\">REDACCI\u00d3N<\/p>\n\n\n\n<p>Para continuar celebrando las fiestas decembrinas en la capital poblana, el Ayuntamiento, a trav\u00e9s de la Secretar\u00eda de Econom\u00eda y Turismo, invita a participar en la \u00faltima edici\u00f3n de Noche de Museos a realizarse el pr\u00f3ximo 30 de diciembre, con la entrada gratuita a 17 recintos participantes de las 17:00 a 22:00 horas.<\/p>\n\n\n\n<p>La Noche de Museos impulsada por Eduardo Rivera, Presidente Municipal capitalino, se ha convertido en un referente nacional e internacional atrayendo visitantes de varias localidades del mundo para apreciar el arte y la cultura, mediante este modelo en el que iniciativa privada, universidades y gobierno unen esfuerzos a fin de propiciar espacios de conocimiento.<\/p>\n\n\n\n<div class=\"wp-block-image is-style-default\"><figure class=\"aligncenter size-large is-resized\"><img decoding=\"async\" src=\"https:\/\/losperiodistas.com.mx\/portal\/wp-content\/uploads\/2022\/12\/b403db5d-0e63-48a2-93a8-8ebd49335b47-1024x1024.jpeg\" alt=\"\" class=\"wp-image-43817\" width=\"630\" height=\"630\" srcset=\"https:\/\/losperiodistas.com.mx\/portal\/wp-content\/uploads\/2022\/12\/b403db5d-0e63-48a2-93a8-8ebd49335b47-1024x1024.jpeg 1024w, https:\/\/losperiodistas.com.mx\/portal\/wp-content\/uploads\/2022\/12\/b403db5d-0e63-48a2-93a8-8ebd49335b47-300x300.jpeg 300w, https:\/\/losperiodistas.com.mx\/portal\/wp-content\/uploads\/2022\/12\/b403db5d-0e63-48a2-93a8-8ebd49335b47-150x150.jpeg 150w, https:\/\/losperiodistas.com.mx\/portal\/wp-content\/uploads\/2022\/12\/b403db5d-0e63-48a2-93a8-8ebd49335b47-768x768.jpeg 768w, https:\/\/losperiodistas.com.mx\/portal\/wp-content\/uploads\/2022\/12\/b403db5d-0e63-48a2-93a8-8ebd49335b47.jpeg 1280w\" sizes=\"(max-width: 630px) 100vw, 630px\" \/><\/figure><\/div>\n\n\n\n<p>Cabe se\u00f1alar que, desde el arranque de la actual administraci\u00f3n en octubre de 2021 a la fecha, el programa Noche de Museos ya super\u00f3 los 260 mil asistentes y a diez a\u00f1os de su lanzamiento se han alcanzado dos millones 143 mil visitantes con la realizaci\u00f3n de 131 ediciones.<\/p>\n\n\n\n<p>Tras una d\u00e9cada de generar una identidad cultural en la poblaci\u00f3n y aumentar la oferta tur\u00edstica, se ha tenido la oportunidad de conocer los m\u00e1s de 50 museos que existen en Puebla, por lo que el pr\u00f3ximo a\u00f1o 2023 seguir\u00e1 siendo un factor fundamental para el impulso de cultura y de la econom\u00eda en las sedes participantes.<\/p>\n\n\n\n<p>En esta \u00faltima edici\u00f3n participa el Museo de Zacatl\u00e1n \u00abMuza\u00bb y 16 m\u00e1s de la capital poblana como: la Galer\u00eda de los Sapos, Kuadrante Bodega de Arte, Pasaje Hist\u00f3rico 5 de Mayo y Puente de Bubas, entre otros; mayor informaci\u00f3n sobre los recintos y sus direcciones se pueden consultar las redes sociales de Noche de Museos Puebla.<\/p>\n\n\n\n<div class=\"wp-block-image is-style-default\"><figure class=\"aligncenter size-large is-resized\"><img decoding=\"async\" src=\"https:\/\/losperiodistas.com.mx\/portal\/wp-content\/uploads\/2022\/12\/0ace72d9-b8f6-4a60-8be8-6f6b1d8ca48f-1024x1024.jpeg\" alt=\"\" class=\"wp-image-43818\" width=\"652\" height=\"652\" srcset=\"https:\/\/losperiodistas.com.mx\/portal\/wp-content\/uploads\/2022\/12\/0ace72d9-b8f6-4a60-8be8-6f6b1d8ca48f-1024x1024.jpeg 1024w, https:\/\/losperiodistas.com.mx\/portal\/wp-content\/uploads\/2022\/12\/0ace72d9-b8f6-4a60-8be8-6f6b1d8ca48f-300x300.jpeg 300w, https:\/\/losperiodistas.com.mx\/portal\/wp-content\/uploads\/2022\/12\/0ace72d9-b8f6-4a60-8be8-6f6b1d8ca48f-150x150.jpeg 150w, https:\/\/losperiodistas.com.mx\/portal\/wp-content\/uploads\/2022\/12\/0ace72d9-b8f6-4a60-8be8-6f6b1d8ca48f-768x768.jpeg 768w, https:\/\/losperiodistas.com.mx\/portal\/wp-content\/uploads\/2022\/12\/0ace72d9-b8f6-4a60-8be8-6f6b1d8ca48f.jpeg 1280w\" sizes=\"(max-width: 652px) 100vw, 652px\" \/><\/figure><\/div>\n\n\n\n<p><\/p>\n","protected":false},"excerpt":{"rendered":"<p>Se realizar\u00e1 el 30 de diciembre con 17 recintos de la capital poblana y Zacatl\u00e1n abiertos hasta las 22:00 horas. [&hellip;]<\/p>\n","protected":false},"author":1,"featured_media":43816,"comment_status":"open","ping_status":"open","sticky":false,"template":"","format":"standard","meta":{"site-sidebar-layout":"default","site-content-layout":"","ast-site-content-layout":"default","site-content-style":"default","site-sidebar-style":"default","ast-global-header-display":"","ast-banner-title-visibility":"","ast-main-header-display":"","ast-hfb-above-header-display":"","ast-hfb-below-header-display":"","ast-hfb-mobile-header-display":"","site-post-title":"","ast-breadcrumbs-content":"","ast-featured-img":"","footer-sml-layout":"","theme-transparent-header-meta":"","adv-header-id-meta":"","stick-header-meta":"","header-above-stick-meta":"","header-main-stick-meta":"","header-below-stick-meta":"","astra-migrate-meta-layouts":"default","ast-page-background-enabled":"default","ast-page-background-meta":{"desktop":{"background-color":"var(--ast-global-color-4)","background-image":"","background-repeat":"repeat","background-position":"center center","background-size":"auto","background-attachment":"scroll","background-type":"","background-media":"","overlay-type":"","overlay-color":"","overlay-opacity":"","overlay-gradient":""},"tablet":{"background-color":"","background-image":"","background-repeat":"repeat","background-position":"center center","background-size":"auto","background-attachment":"scroll","background-type":"","background-media":"","overlay-type":"","overlay-color":"","overlay-opacity":"","overlay-gradient":""},"mobile":{"background-color":"","background-image":"","background-repeat":"repeat","background-position":"center center","background-size":"auto","background-attachment":"scroll","background-type":"","background-media":"","overlay-type":"","overlay-color":"","overlay-opacity":"","overlay-gradient":""}},"ast-content-background-meta":{"desktop":{"background-color":"var(--ast-global-color-5)","background-image":"","background-repeat":"repeat","background-position":"center center","background-size":"auto","background-attachment":"scroll","background-type":"","background-media":"","overlay-type":"","overlay-color":"","overlay-opacity":"","overlay-gradient":""},"tablet":{"background-color":"var(--ast-global-color-5)","background-image":"","background-repeat":"repeat","background-position":"center center","background-size":"auto","background-attachment":"scroll","background-type":"","background-media":"","overlay-type":"","overlay-color":"","overlay-opacity":"","overlay-gradient":""},"mobile":{"background-color":"var(--ast-global-color-5)","background-image":"","background-repeat":"repeat","background-position":"center center","background-size":"auto","background-attachment":"scroll","background-type":"","background-media":"","overlay-type":"","overlay-color":"","overlay-opacity":"","overlay-gradient":""}},"footnotes":""},"categories":[8],"tags":[8840],"class_list":["post-43815","post","type-post","status-publish","format-standard","has-post-thumbnail","hentry","category-noticias","tag-noche-de-museos-puebla-2022"],"_links":{"self":[{"href":"https:\/\/losperiodistas.com.mx\/portal\/wp-json\/wp\/v2\/posts\/43815","targetHints":{"allow":["GET"]}}],"collection":[{"href":"https:\/\/losperiodistas.com.mx\/portal\/wp-json\/wp\/v2\/posts"}],"about":[{"href":"https:\/\/losperiodistas.com.mx\/portal\/wp-json\/wp\/v2\/types\/post"}],"author":[{"embeddable":true,"href":"https:\/\/losperiodistas.com.mx\/portal\/wp-json\/wp\/v2\/users\/1"}],"replies":[{"embeddable":true,"href":"https:\/\/losperiodistas.com.mx\/portal\/wp-json\/wp\/v2\/comments?post=43815"}],"version-history":[{"count":1,"href":"https:\/\/losperiodistas.com.mx\/portal\/wp-json\/wp\/v2\/posts\/43815\/revisions"}],"predecessor-version":[{"id":43819,"href":"https:\/\/losperiodistas.com.mx\/portal\/wp-json\/wp\/v2\/posts\/43815\/revisions\/43819"}],"wp:featuredmedia":[{"embeddable":true,"href":"https:\/\/losperiodistas.com.mx\/portal\/wp-json\/wp\/v2\/media\/43816"}],"wp:attachment":[{"href":"https:\/\/losperiodistas.com.mx\/portal\/wp-json\/wp\/v2\/media?parent=43815"}],"wp:term":[{"taxonomy":"category","embeddable":true,"href":"https:\/\/losperiodistas.com.mx\/portal\/wp-json\/wp\/v2\/categories?post=43815"},{"taxonomy":"post_tag","embeddable":true,"href":"https:\/\/losperiodistas.com.mx\/portal\/wp-json\/wp\/v2\/tags?post=43815"}],"curies":[{"name":"wp","href":"https:\/\/api.w.org\/{rel}","templated":true}]}}