{"id":438,"date":"2020-10-26T12:52:34","date_gmt":"2020-10-26T18:52:34","guid":{"rendered":"http:\/\/losperiodistas.com.mx\/portal\/?p=438"},"modified":"2020-10-28T05:48:47","modified_gmt":"2020-10-28T11:48:47","slug":"lecciones-de-a-manjarrez-para-funcionarios-fuerenos","status":"publish","type":"post","link":"https:\/\/losperiodistas.com.mx\/portal\/lecciones-de-a-manjarrez-para-funcionarios-fuerenos\/","title":{"rendered":"Lecciones de A. Manjarrez para funcionarios fuere\u00f1os"},"content":{"rendered":"\n<figure class=\"wp-block-image size-large\"><img fetchpriority=\"high\" decoding=\"async\" width=\"620\" height=\"330\" src=\"https:\/\/losperiodistas.com.mx\/portal\/wp-content\/uploads\/2020\/10\/ALEJANDRO-C.-MANJARREZ-PERIODISTA-Y-ESCRITOR.jpg\" alt=\"\" class=\"wp-image-439\" srcset=\"https:\/\/losperiodistas.com.mx\/portal\/wp-content\/uploads\/2020\/10\/ALEJANDRO-C.-MANJARREZ-PERIODISTA-Y-ESCRITOR.jpg 620w, https:\/\/losperiodistas.com.mx\/portal\/wp-content\/uploads\/2020\/10\/ALEJANDRO-C.-MANJARREZ-PERIODISTA-Y-ESCRITOR-300x160.jpg 300w\" sizes=\"(max-width: 620px) 100vw, 620px\" \/><\/figure>\n\n\n\n<p><\/p>\n\n\n\n<p class=\"has-medium-font-size\"><strong>*Homenaje al notable periodista y escritor poblano a un a\u00f1o de su muerte<\/strong><\/p>\n\n\n\n<p><\/p>\n\n\n\n<p style=\"font-size:26px\"><em>Por Ra\u00fal Torres Salmer\u00f3n<\/em><\/p>\n\n\n\n<p>Hace algunos a\u00f1os, el periodista Alejandro Manjarrez, escribi\u00f3 un par de columnas llamadas Acertijos Poblanos, donde hac\u00eda preguntas p\u00fablicas a numerosos funcionarios fuere\u00f1os que llegaron con el Gobernador Rafael Moreno Valle Rosas. Las cuestiones a responder lo eran tambi\u00e9n para funcionarios locales, faltos de cultura y alejados de los libros.<\/p>\n\n\n\n<p>Como un homenaje a Alejandro, al cumplir este 25 de octubre un a\u00f1o de su fallecimiento, reproducimos un resumen de sus escritos, de hechos que debe conocer cualquier poblano que se respete como tal.<\/p>\n\n\n\n<p>-\u00bfC\u00f3mo y por qu\u00e9 ocurri\u00f3 en Puebla la primera manifestaci\u00f3n documentada de discriminaci\u00f3n racial?<\/p>\n\n\n\n<p>La Segunda Audiencia decidi\u00f3 establecer en Cuetlaxcoapan, valle donde las v\u00edboras cambian de piel, una ciudad inspirada en la Utop\u00eda de Tom\u00e1s Moro, de donde tambi\u00e9n se inspiraron para esforzarse a fin de que Puebla fuera un lugar santo, lev\u00edtico, libre de indeseables. Por ese esp\u00edritu clasista, los espa\u00f1oles, la mayor\u00eda soldados del conquistador cuyos antecedentes dejaban mucho qu\u00e9 desear, decidieron que los ind\u00edgenas pernoctaran fuera de la traza urbana y al ponerse el sol sal\u00edan a sus casas en los barrios El Alto, Xanenetla, Analco, Santiago, Santa Ana, El Parral, El Carmen, San Jos\u00e9 y otros.<\/p>\n\n\n\n<p>-\u00bfQui\u00e9n fue el h\u00e9roe mexicano que le dijo a Benito Ju\u00e1rez que el problema de M\u00e9xico no eran los invasores sino los reaccionarios poblanos?<\/p>\n\n\n\n<p>Ignacio Zaragoza le dijo al Presidente de M\u00e9xico que quer\u00eda voltear los ca\u00f1ones hacia la ciudad de Puebla, donde se encontraban los verdaderos traidores. Se refer\u00eda a los reaccionarios cofrades de Alejandro Arango y Escand\u00f3n.<\/p>\n\n\n\n<p>-\u00bfCu\u00e1l fue el primero de los gobernadores de M\u00e9xico que no cumpli\u00f3 las leyes emanadas de la Constituci\u00f3n de 1917?<\/p>\n\n\n\n<p>Alfonso Cabrera Lobato, hermano de Luis. Mand\u00f3 cerrar el Colegio del Estado, hoy la BUAP, los alumnos se ampararon y la justicia orden\u00f3 reabrir las puertas del edificio Carolino. Pese a ello, las mand\u00f3 cerrar media hora despu\u00e9s arguyendo la falta de maestros que se hicieran cargo de las c\u00e1tedras.<\/p>\n\n\n\n<p>-\u00bfQui\u00e9n fue el poeta que protagoniz\u00f3 uno de los lances rom\u00e1nticos m\u00e1s esplendentes de la historia poblana?<\/p>\n\n\n\n<p>El sevillano Gutierre de Cetina fue el autor del madrigal dedicado a la bella Leonor de Osma. Los celos del marido provocaron un artero ataque contra el poeta que termin\u00f3 herido, lesiones que meses despu\u00e9s provocaron su muerte.<\/p>\n\n\n\n<p>-\u00bfQu\u00e9 gobernador estren\u00f3 lo que hoy es Casa Puebla donde mand\u00f3 adaptar una habitaci\u00f3n para &nbsp;guardar la colecci\u00f3n de mu\u00f1ecas de sus hijas?<\/p>\n\n\n\n<p>Los m\u00e1s viejos de la comarca a\u00fan recuerdan que la residencia donde vivieron los ex Gobernadores, le dec\u00edan la \u2018casa de las mu\u00f1ecas\u2019 y \u2018los claveles\u2019. El mandatario Carlos I. Betancourt, destin\u00f3 un cuarto especial para guardar los cientos de mu\u00f1ecas de trapo, porcelana, madera, pasta y sololoy que su esposa Teresita, sus dos hijas y \u00e9l mismo compraron durante varios a\u00f1os hasta formar la valiosa colecci\u00f3n cuyo paradero nadie conoce. Don Carlos orden\u00f3 que el gobierno comprara el predio y se construyera el inmueble. Una vez que concluy\u00f3 su gesti\u00f3n, diputados emitieron el decreto por el cual el gobierno donaba la casa al ex gobernador.<\/p>\n\n\n\n<p>-\u00bfQu\u00e9 mandatario fue destituido por ser sospechoso de la autor\u00eda intelectual de un crimen?<\/p>\n\n\n\n<p>Jos\u00e9 Mar\u00eda S\u00e1nchez. Fue gobernador del 18 de junio de 1921 al 2 de marzo de 1922. Se le acus\u00f3 de haber asesinado a los hermanos Moro. Se ampar\u00f3 y le fue concedida la suspensi\u00f3n provisional.<\/p>\n\n\n\n<p>-\u00bfC\u00f3mo se llam\u00f3 el presidente del PRI poblano que fue asesinado por su chofer quien a su vez se suicid\u00f3, precisamente en las oficinas de ese partido?<\/p>\n\n\n\n<p>Rafael Lara Grajales, presidente del Partido Nacional Revolucionario (PNR) y antecedente del PRI. El m\u00f3vil del crimen y suicidio qued\u00f3 sin aclarar. La versi\u00f3n m\u00e1s cre\u00edble dice que en un arranque de celos el ayudante, un joven teniente, le dispar\u00f3 a su jefe para enseguida suicidarse con la misma pistola.<\/p>\n\n\n\n<p>-\u00bfQui\u00e9n es el pol\u00edtico que obtuvo el 110 por ciento de la votaci\u00f3n en uno de los distritos federales de Puebla?<\/p>\n\n\n\n<p>Melquiades Morales Flores. Tom\u00f3 el lugar del candidato Edulio Cort\u00e9s L\u00f3pez, maestro de profesi\u00f3n, quien muri\u00f3 quince d\u00edas antes de la elecci\u00f3n. Melquiades fue designado como candidato emergente. En esas dos semanas logr\u00f3 obtener la votaci\u00f3n m\u00e1s alta en la historia.<\/p>\n\n\n\n<p>-\u00bfQu\u00e9 edad ten\u00eda Carmen Serd\u00e1n cuando fue declarada muerta por un m\u00e9dico que no supo distinguir un ataque de catalepsia?<\/p>\n\n\n\n<p>Carmen Serd\u00e1n estuvo muerta durante varias horas. Ten\u00eda diecis\u00e9is a\u00f1os cuando su madre la encontr\u00f3 tendida en la cama.<\/p>\n\n\n\n<p>-\u00bfCu\u00e1l es el documento de sor Juana In\u00e9s de la Cruz que, seg\u00fan Octavio Paz, se encontr\u00f3 en Puebla?<\/p>\n\n\n\n<p>Octavio Paz dice en su libro Las Trampas de la Fe, que en 1690 &nbsp;apareci\u00f3 en la ciudad de Puebla un folleto de l\u00f3brego t\u00edtulo: Carta atenag\u00f3rica de la madre Juana In\u00e9s de la Cruz, religiosa profesa de velo y coro en el muy religioso convento de San Jer\u00f3nimo.<\/p>\n\n\n\n<p>-\u00bfC\u00f3mo se llama el poblano que espet\u00f3 que los poblanos com\u00edamos cerdo, cochino, puerco y marrano y por qu\u00e9 lo dijo?<\/p>\n\n\n\n<p>Luis Cabrera Lobato. Ocurri\u00f3 cuando disertaba en la tribuna del Congreso de la Uni\u00f3n y el gordo Aurelio Manrique le grit\u00f3: \u00a1Mono, perico y poblano\u2026! A bote pronto Cabrera le respondi\u00f3: \u00a1Los poblanos comemos cuatro platillos: puerco, cerdo, cochino y marrano! El pobre de Manrique fue callado por la carcajada de los diputados.<\/p>\n\n\n\n<p>-\u00bfCu\u00e1ntos a\u00f1os dur\u00f3 la construcci\u00f3n de la Catedral?<\/p>\n\n\n\n<p>Se tard\u00f3 87 a\u00f1os. Inici\u00f3 en 1562 y se consagr\u00f3&nbsp; en 1629. Pagar\u00e9 cuando se termine la Catedral, dec\u00edan los morosos de la \u00e9poca. El humor de la \u00e9poca encontr\u00f3 una forma de eludir sus pagos.<\/p>\n\n\n\n<p>Hasta aqu\u00ed algunas de las preguntas y respuestas que escribi\u00f3 Alejandro Manjarrez, que los pol\u00edticos fuere\u00f1os y algunos locales, pocos podr\u00edan responder, no por ignorantes sino debido a que para muchos de ellos los libros muerden y los de historia escalpan.<\/p>\n\n\n\n<p>En fin como escribi\u00f3 Gutierre de Cetina (Espa\u00f1a, 1520-1557), en su madrigal Ojos Claros Serenos:<\/p>\n\n\n\n<p>Ojos claros, serenos,<\/p>\n\n\n\n<p>si de un dulce mirar sois alabados,<\/p>\n\n\n\n<p>\u00bfpor qu\u00e9, si me mir\u00e1is, mir\u00e1is airados?<\/p>\n\n\n\n<p>Si cuanto m\u00e1s piadosos,<\/p>\n\n\n\n<p>m\u00e1s bellos parec\u00e9is a aquel que os mira,<\/p>\n\n\n\n<p>no me mir\u00e9is con ira,<\/p>\n\n\n\n<p>porque no parezc\u00e1is menos hermosos.<\/p>\n\n\n\n<p>\u00a1Ay tormentos rabiosos!<\/p>\n\n\n\n<p>Ojos claros, serenos,<\/p>\n\n\n\n<p>ya que as\u00ed me mir\u00e1is, miradme al menos.<\/p>\n\n\n\n<p>raultorress@hotmail.com<\/p>\n\n\n\n<p><\/p>\n","protected":false},"excerpt":{"rendered":"<p>*Homenaje al notable periodista y escritor poblano a un a\u00f1o de su muerte Por Ra\u00fal Torres Salmer\u00f3n Hace algunos a\u00f1os, [&hellip;]<\/p>\n","protected":false},"author":1,"featured_media":0,"comment_status":"open","ping_status":"open","sticky":false,"template":"","format":"standard","meta":{"site-sidebar-layout":"default","site-content-layout":"","ast-site-content-layout":"default","site-content-style":"default","site-sidebar-style":"default","ast-global-header-display":"","ast-banner-title-visibility":"","ast-main-header-display":"","ast-hfb-above-header-display":"","ast-hfb-below-header-display":"","ast-hfb-mobile-header-display":"","site-post-title":"","ast-breadcrumbs-content":"","ast-featured-img":"","footer-sml-layout":"","theme-transparent-header-meta":"","adv-header-id-meta":"","stick-header-meta":"","header-above-stick-meta":"","header-main-stick-meta":"","header-below-stick-meta":"","astra-migrate-meta-layouts":"default","ast-page-background-enabled":"default","ast-page-background-meta":{"desktop":{"background-color":"var(--ast-global-color-4)","background-image":"","background-repeat":"repeat","background-position":"center center","background-size":"auto","background-attachment":"scroll","background-type":"","background-media":"","overlay-type":"","overlay-color":"","overlay-opacity":"","overlay-gradient":""},"tablet":{"background-color":"","background-image":"","background-repeat":"repeat","background-position":"center center","background-size":"auto","background-attachment":"scroll","background-type":"","background-media":"","overlay-type":"","overlay-color":"","overlay-opacity":"","overlay-gradient":""},"mobile":{"background-color":"","background-image":"","background-repeat":"repeat","background-position":"center center","background-size":"auto","background-attachment":"scroll","background-type":"","background-media":"","overlay-type":"","overlay-color":"","overlay-opacity":"","overlay-gradient":""}},"ast-content-background-meta":{"desktop":{"background-color":"var(--ast-global-color-5)","background-image":"","background-repeat":"repeat","background-position":"center center","background-size":"auto","background-attachment":"scroll","background-type":"","background-media":"","overlay-type":"","overlay-color":"","overlay-opacity":"","overlay-gradient":""},"tablet":{"background-color":"var(--ast-global-color-5)","background-image":"","background-repeat":"repeat","background-position":"center center","background-size":"auto","background-attachment":"scroll","background-type":"","background-media":"","overlay-type":"","overlay-color":"","overlay-opacity":"","overlay-gradient":""},"mobile":{"background-color":"var(--ast-global-color-5)","background-image":"","background-repeat":"repeat","background-position":"center center","background-size":"auto","background-attachment":"scroll","background-type":"","background-media":"","overlay-type":"","overlay-color":"","overlay-opacity":"","overlay-gradient":""}},"footnotes":""},"categories":[19],"tags":[],"class_list":["post-438","post","type-post","status-publish","format-standard","hentry","category-sin-limites-2"],"_links":{"self":[{"href":"https:\/\/losperiodistas.com.mx\/portal\/wp-json\/wp\/v2\/posts\/438","targetHints":{"allow":["GET"]}}],"collection":[{"href":"https:\/\/losperiodistas.com.mx\/portal\/wp-json\/wp\/v2\/posts"}],"about":[{"href":"https:\/\/losperiodistas.com.mx\/portal\/wp-json\/wp\/v2\/types\/post"}],"author":[{"embeddable":true,"href":"https:\/\/losperiodistas.com.mx\/portal\/wp-json\/wp\/v2\/users\/1"}],"replies":[{"embeddable":true,"href":"https:\/\/losperiodistas.com.mx\/portal\/wp-json\/wp\/v2\/comments?post=438"}],"version-history":[{"count":2,"href":"https:\/\/losperiodistas.com.mx\/portal\/wp-json\/wp\/v2\/posts\/438\/revisions"}],"predecessor-version":[{"id":442,"href":"https:\/\/losperiodistas.com.mx\/portal\/wp-json\/wp\/v2\/posts\/438\/revisions\/442"}],"wp:attachment":[{"href":"https:\/\/losperiodistas.com.mx\/portal\/wp-json\/wp\/v2\/media?parent=438"}],"wp:term":[{"taxonomy":"category","embeddable":true,"href":"https:\/\/losperiodistas.com.mx\/portal\/wp-json\/wp\/v2\/categories?post=438"},{"taxonomy":"post_tag","embeddable":true,"href":"https:\/\/losperiodistas.com.mx\/portal\/wp-json\/wp\/v2\/tags?post=438"}],"curies":[{"name":"wp","href":"https:\/\/api.w.org\/{rel}","templated":true}]}}