{"id":43780,"date":"2022-12-28T05:39:47","date_gmt":"2022-12-28T11:39:47","guid":{"rendered":"http:\/\/losperiodistas.com.mx\/portal\/?p=43780"},"modified":"2022-12-28T05:39:49","modified_gmt":"2022-12-28T11:39:49","slug":"isabel-preysler-y-mario-vargas-llosa-se-separan-tras-ocho-anos-de-noviazgo-el-pais","status":"publish","type":"post","link":"https:\/\/losperiodistas.com.mx\/portal\/isabel-preysler-y-mario-vargas-llosa-se-separan-tras-ocho-anos-de-noviazgo-el-pais\/","title":{"rendered":"Isabel Preysler y Mario Vargas Llosa se separan tras ocho a\u00f1os de noviazgo | El Pa\u00eds"},"content":{"rendered":"\n<h2 class=\"has-white-color has-text-color has-background has-medium-font-size wp-block-heading\" style=\"background-color:#dd1fce\">La \u2018socialit\u00e9\u2019 ha confirmado la ruptura en unas escuetas declaraciones a la revista \u2018\u2018\u00a1Hola!\u2019: \u201cHemos decidido poner fin a nuestra relaci\u00f3n definitivamente\u201d<\/h2>\n\n\n\n<figure class=\"wp-block-image size-large\"><img fetchpriority=\"high\" decoding=\"async\" width=\"1024\" height=\"736\" src=\"https:\/\/losperiodistas.com.mx\/portal\/wp-content\/uploads\/2022\/12\/OUURHV5DUFLG5ASL5LM4QNUJCY-1024x736.jpeg\" alt=\"\" class=\"wp-image-43781\" srcset=\"https:\/\/losperiodistas.com.mx\/portal\/wp-content\/uploads\/2022\/12\/OUURHV5DUFLG5ASL5LM4QNUJCY-1024x736.jpeg 1024w, https:\/\/losperiodistas.com.mx\/portal\/wp-content\/uploads\/2022\/12\/OUURHV5DUFLG5ASL5LM4QNUJCY-300x216.jpeg 300w, https:\/\/losperiodistas.com.mx\/portal\/wp-content\/uploads\/2022\/12\/OUURHV5DUFLG5ASL5LM4QNUJCY-768x552.jpeg 768w, https:\/\/losperiodistas.com.mx\/portal\/wp-content\/uploads\/2022\/12\/OUURHV5DUFLG5ASL5LM4QNUJCY.jpeg 1200w\" sizes=\"(max-width: 1024px) 100vw, 1024px\" \/><figcaption>Isabel Preysler y Mario Vargas Llosa, en Madrid en 2019. JOS\u00c9 VELASCO (EUROPA PRESS)<\/figcaption><\/figure>\n\n\n\n<p class=\"has-vivid-cyan-blue-color has-text-color has-medium-font-size\">ENRIQUE ALPA\u00d1\u00c9S \/ EL PA\u00cdS<\/p>\n\n\n\n<p>Isabel Preysler (Manila, Filipinas, 71 a\u00f1os) ha dado por finalizada su relaci\u00f3n con el escritor Mario Vargas Llosa (Arequipa, Per\u00fa, 86 a\u00f1os) con una exclusiva. \u201cMario y yo hemos decidido poner fin a nuestra relaci\u00f3n definitivamente\u201d,&nbsp;<a href=\"https:\/\/www.hola.com\/actualidad\/20221228340816\/isabel-preysler-mario-vargas-llosa-rompen-relacion\/\" target=\"_blank\" rel=\"noreferrer noopener\">ha declarado la&nbsp;<em>socialit\u00e9<\/em>&nbsp;a la revista&nbsp;<em>\u00a1Hola!<\/em>.&nbsp;<\/a>Durante ocho a\u00f1os han formado una de las parejas m\u00e1s medi\u00e1ticas y at\u00edpicas de la prensa del coraz\u00f3n. \u00c9l, premio Nobel de literatura, pol\u00edtico,&nbsp;<a href=\"https:\/\/elpais.com\/opinion\/2022-12-18\/el-homo-sovieticus.html\" target=\"_blank\" rel=\"noreferrer noopener\">columnista en EL PA\u00cdS<\/a>; ella,&nbsp;<a href=\"https:\/\/elpais.com\/gente\/2022-10-02\/el-protocolo-de-prevencion-de-danos-que-isabel-preysler-ha-ensenado-a-tamara-falco-50-anos-evitando-que-las-vicisitudes-del-corazon-la-manchen-o-salpiquen.html\" target=\"_blank\" rel=\"noreferrer noopener\">reina de la prensa rosa<\/a>,&nbsp;<em>protoinfluencer&nbsp;<\/em>del papel couch\u00e9, que convirti\u00f3 las portadas de<em>&nbsp;\u00a1Hola!&nbsp;<\/em>en un \u00e1lbum familiar. Ha sido en este medio af\u00edn donde Preysler ha confirmado la noticia, de forma escueta y tajante. \u201cNo quiero dar ninguna declaraci\u00f3n m\u00e1s y agradezco a los amigos y medios de comunicaci\u00f3n que nos ayuden en esta decisi\u00f3n\u201d.<\/p>\n\n\n\n<p>Su separaci\u00f3n, explican fuentes de la revista, ha sido sencilla: el cese de su convivencia y la intenci\u00f3n de continuar cada uno por un camino diferente. A mediados de diciembre, tras una escena de celos, el escritor habr\u00eda abandonado la vivienda de su pareja, en la que ambos conviv\u00edan. Se habr\u00eda instalado entonces en su domicilio en el centro de Madrid. \u201cLa de diciembre no era la primera vez que Mario abandonaba la casa\u201d, explica la periodista Mamen S\u00e1nchez en la pieza de\u00a0<em>\u00a1Hola!<\/em>. \u201cYa hab\u00eda sucedido en una ocasi\u00f3n antes por la misma causa, y que esta actitud sea recurrente es lo que ha convencido a Isabel de que no merece la pena seguir apostando por una relaci\u00f3n sin futuro que a los dos los hace infelices\u201d.<\/p>\n\n\n\n<p class=\"has-cyan-bluish-gray-background-color has-background\">M\u00c1S INFORMACI\u00d3N<a href=\"https:\/\/elpais.com\/gente\/2021-02-17\/los-70-anos-de-isabel-preysler-en-fotos.html#?rel=mas_sumario\">Los 70 a\u00f1os de Isabel Preysler, en fotos<\/a><\/p>\n\n\n\n<p>Isabel Preysler&nbsp;<a href=\"https:\/\/elpais.com\/gente\/2021-01-15\/isabel-preysler-50-anos-de-historia-de-espana.html\" target=\"_blank\" rel=\"noreferrer noopener\">lleg\u00f3 a Espa\u00f1a desde Filipinas con 17 a\u00f1os<\/a>&nbsp;por orden de sus padres, que pretend\u00edan alejarla de un amor que consideraban inapropiado. Acab\u00f3 en los brazos de Julio Iglesias. Adem\u00e1s de con el cantante, Preysler se cas\u00f3 con&nbsp;<a href=\"https:\/\/elpais.com\/gente\/2020-03-20\/carlos-falco-el-marques-que-vivio-como-un-emprendedor.html\" target=\"_blank\" rel=\"noreferrer noopener\">un noble, Carlos Falc\u00f3<\/a>, y con un ministro socialista,&nbsp;<a href=\"https:\/\/elpais.com\/elpais\/2014\/09\/29\/gente\/1411987530_449016.html\" target=\"_blank\" rel=\"noreferrer noopener\">Miguel Boyer<\/a>. A pesar de los incesantes rumores, no ha pasado por el altar con Vargas Llosa.<\/p>\n\n\n\n<p>Ambos se conocieron en los a\u00f1os ochenta. \u201cVi por primera vez a Mario en San Luis, Misuri, cuando lo entrevist\u00e9 en el a\u00f1o 1986 para<em>&nbsp;\u00a1Hola!<\/em>\u201d, explicaba hace a\u00f1os la empresaria. Entonces, Preysler estaba casada con Boyer, mientras que Llosa compart\u00eda proyecto de vida con su mujer, Patricia Llosa. \u201cA partir de entonces, Miguel y yo entablamos una buena amistad con Mario y su mujer, que se ha mantenido durante todos estos a\u00f1os\u201d.<\/p>\n\n\n\n<p>La relaci\u00f3n entre ambos no pas\u00f3 a ser sentimental hasta 2015, cuando coincidieron en un viaje organizado por Porcelanosa \u2014marca de la que Preysler es cara visible desde hace a\u00f1os\u2014 para visitar al entonces pr\u00edncipe\u00a0<a href=\"https:\/\/elpais.com\/gente\/2022-10-17\/carlos-iii-no-quiere-vivir-en-buckingham-no-es-apto-para-el-proposito-del-mundo-moderno.html\" target=\"_blank\" rel=\"noreferrer noopener\">Carlos de Inglaterra en el palacio de Buckingham<\/a>. Preysler hab\u00eda enviudado el a\u00f1o anterior. Llosa acababa de celebrar las bodas de oro con su mujer. La noticia se insinu\u00f3 y se confirm\u00f3, c\u00f3mo no, en las portadas de\u00a0<em>\u00a1Hola!<\/em>, que desde entonces ha ido glosando su relaci\u00f3n al detalle. Hasta su ruptura.<\/p>\n\n\n\n<p>Fuente: <a href=\"https:\/\/elpais.com\/gente\/2022-12-28\/isabel-preysler-y-mario-vargas-llosa-se-separan-tras-ocho-anos-de-noviazgo.html\">https:\/\/elpais.com\/gente\/2022-12-28\/isabel-preysler-y-mario-vargas-llosa-se-separan-tras-ocho-anos-de-noviazgo.html<\/a><\/p>\n","protected":false},"excerpt":{"rendered":"<p>La \u2018socialit\u00e9\u2019 ha confirmado la ruptura en unas escuetas declaraciones a la revista \u2018\u2018\u00a1Hola!\u2019: \u201cHemos decidido poner fin a nuestra [&hellip;]<\/p>\n","protected":false},"author":1,"featured_media":43781,"comment_status":"open","ping_status":"open","sticky":false,"template":"","format":"standard","meta":{"site-sidebar-layout":"default","site-content-layout":"","ast-site-content-layout":"default","site-content-style":"default","site-sidebar-style":"default","ast-global-header-display":"","ast-banner-title-visibility":"","ast-main-header-display":"","ast-hfb-above-header-display":"","ast-hfb-below-header-display":"","ast-hfb-mobile-header-display":"","site-post-title":"","ast-breadcrumbs-content":"","ast-featured-img":"","footer-sml-layout":"","theme-transparent-header-meta":"","adv-header-id-meta":"","stick-header-meta":"","header-above-stick-meta":"","header-main-stick-meta":"","header-below-stick-meta":"","astra-migrate-meta-layouts":"default","ast-page-background-enabled":"default","ast-page-background-meta":{"desktop":{"background-color":"var(--ast-global-color-4)","background-image":"","background-repeat":"repeat","background-position":"center center","background-size":"auto","background-attachment":"scroll","background-type":"","background-media":"","overlay-type":"","overlay-color":"","overlay-opacity":"","overlay-gradient":""},"tablet":{"background-color":"","background-image":"","background-repeat":"repeat","background-position":"center center","background-size":"auto","background-attachment":"scroll","background-type":"","background-media":"","overlay-type":"","overlay-color":"","overlay-opacity":"","overlay-gradient":""},"mobile":{"background-color":"","background-image":"","background-repeat":"repeat","background-position":"center center","background-size":"auto","background-attachment":"scroll","background-type":"","background-media":"","overlay-type":"","overlay-color":"","overlay-opacity":"","overlay-gradient":""}},"ast-content-background-meta":{"desktop":{"background-color":"var(--ast-global-color-5)","background-image":"","background-repeat":"repeat","background-position":"center center","background-size":"auto","background-attachment":"scroll","background-type":"","background-media":"","overlay-type":"","overlay-color":"","overlay-opacity":"","overlay-gradient":""},"tablet":{"background-color":"var(--ast-global-color-5)","background-image":"","background-repeat":"repeat","background-position":"center center","background-size":"auto","background-attachment":"scroll","background-type":"","background-media":"","overlay-type":"","overlay-color":"","overlay-opacity":"","overlay-gradient":""},"mobile":{"background-color":"var(--ast-global-color-5)","background-image":"","background-repeat":"repeat","background-position":"center center","background-size":"auto","background-attachment":"scroll","background-type":"","background-media":"","overlay-type":"","overlay-color":"","overlay-opacity":"","overlay-gradient":""}},"footnotes":""},"categories":[8],"tags":[14416,3885,14216,14417],"class_list":["post-43780","post","type-post","status-publish","format-standard","has-post-thumbnail","hentry","category-noticias","tag-isabel-preysler","tag-mario-vargas-llosa","tag-prensa-rosa","tag-socialite-espana"],"_links":{"self":[{"href":"https:\/\/losperiodistas.com.mx\/portal\/wp-json\/wp\/v2\/posts\/43780","targetHints":{"allow":["GET"]}}],"collection":[{"href":"https:\/\/losperiodistas.com.mx\/portal\/wp-json\/wp\/v2\/posts"}],"about":[{"href":"https:\/\/losperiodistas.com.mx\/portal\/wp-json\/wp\/v2\/types\/post"}],"author":[{"embeddable":true,"href":"https:\/\/losperiodistas.com.mx\/portal\/wp-json\/wp\/v2\/users\/1"}],"replies":[{"embeddable":true,"href":"https:\/\/losperiodistas.com.mx\/portal\/wp-json\/wp\/v2\/comments?post=43780"}],"version-history":[{"count":1,"href":"https:\/\/losperiodistas.com.mx\/portal\/wp-json\/wp\/v2\/posts\/43780\/revisions"}],"predecessor-version":[{"id":43782,"href":"https:\/\/losperiodistas.com.mx\/portal\/wp-json\/wp\/v2\/posts\/43780\/revisions\/43782"}],"wp:featuredmedia":[{"embeddable":true,"href":"https:\/\/losperiodistas.com.mx\/portal\/wp-json\/wp\/v2\/media\/43781"}],"wp:attachment":[{"href":"https:\/\/losperiodistas.com.mx\/portal\/wp-json\/wp\/v2\/media?parent=43780"}],"wp:term":[{"taxonomy":"category","embeddable":true,"href":"https:\/\/losperiodistas.com.mx\/portal\/wp-json\/wp\/v2\/categories?post=43780"},{"taxonomy":"post_tag","embeddable":true,"href":"https:\/\/losperiodistas.com.mx\/portal\/wp-json\/wp\/v2\/tags?post=43780"}],"curies":[{"name":"wp","href":"https:\/\/api.w.org\/{rel}","templated":true}]}}