{"id":4376,"date":"2021-02-09T14:41:04","date_gmt":"2021-02-09T20:41:04","guid":{"rendered":"http:\/\/losperiodistas.com.mx\/portal\/?p=4376"},"modified":"2021-02-09T14:41:04","modified_gmt":"2021-02-09T20:41:04","slug":"el-plan-de-gobierno-para-2024-de-alejandro-armenta","status":"publish","type":"post","link":"https:\/\/losperiodistas.com.mx\/portal\/el-plan-de-gobierno-para-2024-de-alejandro-armenta\/","title":{"rendered":"El plan de gobierno para 2024 de Alejandro Armenta"},"content":{"rendered":"\n<p class=\"has-medium-font-size\">*Fue el banderazo de arranque para el 2024<\/p>\n\n\n\n<p class=\"has-vivid-cyan-blue-color has-text-color\" style=\"font-size:26px\"><em>Por Ra\u00fal Torres Salmer\u00f3n<\/em><\/p>\n\n\n\n<p>El pasado domingo, en transmisi\u00f3n virtual, el Senador de la Rep\u00fablica Alejandro Armenta Mier, se baj\u00f3 de la competencia interna de MORENA para aspirar a la candidatura&nbsp; la Presidencia Municipal de Puebla Capital. Al mismo tiempo present\u00f3 su plan denominado Gobierno de 10.<\/p>\n\n\n\n<p>Aunque enfocado al \u00e1mbito de la Angel\u00f3polis, puede aplicarse en los 217 municipios y en el Gobierno del Estado. Sin duda fue el banderazo de arranque del legislador poblano hacia el 2024, a\u00f1o de la renovaci\u00f3n del Gobierno del Estado.<\/p>\n\n\n\n<p>En la introducci\u00f3n, Armenta se refiere a las necesidades a corto y mediano plazo a causa de la pandemia de Covid-19, que debe dar paso a nuevas formas de vivir y pensar, ya que hizo evidente las profundas desigualdades econ\u00f3micas, alimentarias, el acceso a servicios educativos, la justicia y la seguridad.<\/p>\n\n\n\n<p>Dijo que los ciudadanos quieren propuestas no luchas mezquinas entre pol\u00edticos. El proyecto est\u00e1 apegado a los principios de la 4T y consta de las siguientes propuestas y soluciones:<\/p>\n\n\n\n<p>1.- Seguridad Ciudadana. Es una estrategia en los tres \u00f3rdenes de gobierno para salvaguardar integridad y derechos de personas, preservar libertades, orden y paz p\u00fablica; busca el fortalecimiento de la Polic\u00eda Municipal, reducir incidencia delictiva, reforzar la investigaci\u00f3n criminal, mejorar percepci\u00f3n de seguridad y renovar instituciones policiales.<\/p>\n\n\n\n<p>En Puebla Capital el 59 % de los delitos del fuero com\u00fan son contra el patrimonio. Los principales delitos son robo de veh\u00edculo, robo con y sin violencia, lesiones, amenazas y violencia familiar.<\/p>\n\n\n\n<p>La propuesta consiste en atender los problemas desde sus causas mediante convocatoria a los poblanos para reconstruir la seguridad en una relaci\u00f3n de legitimidad y confianza; impulsar la cultura comunitaria de mediaci\u00f3n y paz que rechace la violencia y se prevengan conflictos; abatir la percepci\u00f3n de inmunidad adecuando el C\u00f3digo Reglamentario Municipal.<\/p>\n\n\n\n<p>Propone arrestos de 36 horas inconmutables y la creaci\u00f3n de los siguientes organismos: Plataforma C\u00edvica para &nbsp;sistemas de inteligencia sobre factores generadores de violencia, criminalidad y descomposici\u00f3n social; un Consejo Municipal de Seguridad P\u00fablica; una polic\u00eda de \u00e9lite Swat Puebla y la Subsecretar\u00eda de Justicia y Prevenci\u00f3n del Delito con innovaciones como instaurar Juzgados Calificadores Especializados en Atenci\u00f3n de Situaciones de Violencia<\/p>\n\n\n\n<p>2. Salud Comunitaria. En este rubro, la salud p\u00fablica demanda un esfuerzo de los tres niveles de gobierno y de la sociedad para promover y proteger y restaurar la salud de los poblanos. Debe impulsarse un programa para atender el Covid 19; fortalecer la recolecci\u00f3n de basura y la intervenci\u00f3n en mercados municipales y difusi\u00f3n de campa\u00f1as de prevenci\u00f3n.<\/p>\n\n\n\n<p>3. Reactivaci\u00f3n Econ\u00f3mica. Por los da\u00f1os econ\u00f3micos a causa de la pandemia, los municipios deben tener respuestas inmediatas,&nbsp; como son un Programa de Fomento al Empleo, la reactivaci\u00f3n econ\u00f3mica a trav\u00e9s de la micro, peque\u00f1a y mediana empresa a trav\u00e9s de incentivos en financiamiento y acciones de empleo temporal, cr\u00e9ditos a la palabra y fomentar proyectos de inversi\u00f3n productiva multianuales a uno, dos y tres a\u00f1os.<\/p>\n\n\n\n<p>4. Servicios P\u00fablicos, Rehabilitaci\u00f3n y Mejoramiento Urbano. Propone el rechazo al mito de no mantener o descalificar obras de gobiernos anteriores de otros partidos; con participaci\u00f3n social, deben hacer obras comunitarias en juntas auxiliares, rancher\u00edas, inspector\u00edas, barrios, colonias y unidades habitacionales mediante el impulso de un presupuesto participativo en forma hist\u00f3rica; programa de mantenimiento permanente en parques, jardines y zonas verdes; programa constante de bacheo; dignificaci\u00f3n de accesos municipales y de fraccionamientos industriales; mejoras a la cobertura del alumbrado p\u00fablico.<\/p>\n\n\n\n<p>5. Eficiencia Hacendaria. Son reducidos los ingresos, debe fortalecerse la hacienda municipal y estimularse la recaudaci\u00f3n del predial. Las propuestas son un contar con un programa permanente de actualizaci\u00f3n catastral, incentivar cultura del pago, crear la plataforma digital hacendaria para facilitar el pago y recuperar la cartera vencida.<\/p>\n\n\n\n<p>6. Educaci\u00f3n, Cultura y Deportes. Es fundamental para el desarrollo del municipio, configurar el Consejo de Participaci\u00f3n Ciudadana&nbsp; con presencia de rectores de instituciones educativas superiores p\u00fablicas y privadas, adem\u00e1s de representantes de sectores productivos p\u00fablicos y privados, &nbsp;mantener un deporte sostenible,&nbsp; impulsarlo con clubes y ligas y dar mantenimiento a espacios deportivos.<\/p>\n\n\n\n<p>7. Solidaridad Humana. Elementos Satisfactores. Equilibrar la participaci\u00f3n ciudadana, garantizar seguridad alimentaria a poblaci\u00f3n vulnerable mediante fomento de la agricultura familiar, protecci\u00f3n del ambiente, fomento de h\u00e1bitos saludables, apoyo a peque\u00f1os y medianos productores e insertarlos en cadenas comerciales adecuadas, crear la Red de Comedores Municipales Comunitarios e implementar el programa Cero Ni\u00f1os y Personas en Situaci\u00f3n de Calle, no debe haber indiferencia en los gobiernos municipales y el estatal de ver a un ni\u00f1o con su madre su padre en un crucero.<\/p>\n\n\n\n<p>8. Puebla Pluri\u00e9tnica. Hay una deuda hist\u00f3rica con los pueblos originarios del municipio, hay que darles atenci\u00f3n a trav\u00e9s de promotores del desarrollo y rescatar modelos comunitarios de participaci\u00f3n; establecer mecanismos de transferencia de recursos para atender demandas sociales y culturales con pol\u00edticas de perspectiva de g\u00e9nero para su bienestar, asi como preservaci\u00f3n y difusi\u00f3n de su cultura con un Consejo Comunitario.<\/p>\n\n\n\n<p>9. Puebla Pluricultural y Cosmopolita. Hay que convertir a Puebla en un escaparate pol\u00edtico social y cultural, fomentando semanas de comunidades extranjeras como la libanesa, francesa, alemana, jud\u00eda, espa\u00f1ola, china, oaxaque\u00f1a, chiapaneca, entre otras.<\/p>\n\n\n\n<p>10. Transparencia y Rendici\u00f3n de Cuentas. Para cumplir la Agenda 2030&nbsp; hay que fortalecer una gesti\u00f3n p\u00fablica transparente y participativa que involucre a la ciudadan\u00eda; la transparencia reduce la brecha de la desconfianza y permite una interacci\u00f3n social entre gobernantes y gobernados; la rendici\u00f3n de cuentas debe estar al alcance del p\u00fablico en forma clara accesible y veraz; la acci\u00f3n del gobierno debe estar sujeta al escrutinio social; deben lograrse certificaciones para mejorar la administraci\u00f3n y servicios. Propone adem\u00e1s la innovaci\u00f3n de Plataformas Digitales de Datos Abiertos, un Sem\u00e1foro Publico donde se muestren los avances y &nbsp;la difusi\u00f3n mensual del Sistema&nbsp; de Evaluaci\u00f3n de Objetivos y Metas.<\/p>\n\n\n\n<p>Hasta aqu\u00ed el plan Gobierno de 10 del Senador de la Rep\u00fablica Armenta Mier. Su aplicaci\u00f3n en los 217 municipios de la entidad y en el Gobierno del Estado no es mala idea, ser\u00edan las bases de un gobierno que ya merece Puebla. Adem\u00e1s, el 2024 est\u00e1 a la vuelta de la esquina.<\/p>\n\n\n\n<p>En fin, como escribi\u00f3 Blas de Otero (Espa\u00f1a, 1916-1979). en su poema En el Principio:<\/p>\n\n\n\n<p>Si he perdido la vida, el tiempo, todo<br>lo que tir\u00e9, como un anillo, al agua,<br>si he perdido la voz en la maleza,<br>me queda la palabra.<br><br>Si abr\u00ed los labios para ver el rostro<br>puro y terrible de mi patria,<br>si abr\u00ed los labios hasta desgarr\u00e1rmelos,<br>me queda la palabra.<\/p>\n\n\n\n<p><a href=\"mailto:raultorress@hotmail.com\">raultorress@hotmail.com<\/a><\/p>\n","protected":false},"excerpt":{"rendered":"<p>*Fue el banderazo de arranque para el 2024 Por Ra\u00fal Torres Salmer\u00f3n El pasado domingo, en transmisi\u00f3n virtual, el Senador [&hellip;]<\/p>\n","protected":false},"author":1,"featured_media":4377,"comment_status":"open","ping_status":"open","sticky":false,"template":"","format":"standard","meta":{"site-sidebar-layout":"default","site-content-layout":"","ast-site-content-layout":"default","site-content-style":"default","site-sidebar-style":"default","ast-global-header-display":"","ast-banner-title-visibility":"","ast-main-header-display":"","ast-hfb-above-header-display":"","ast-hfb-below-header-display":"","ast-hfb-mobile-header-display":"","site-post-title":"","ast-breadcrumbs-content":"","ast-featured-img":"","footer-sml-layout":"","theme-transparent-header-meta":"","adv-header-id-meta":"","stick-header-meta":"","header-above-stick-meta":"","header-main-stick-meta":"","header-below-stick-meta":"","astra-migrate-meta-layouts":"default","ast-page-background-enabled":"default","ast-page-background-meta":{"desktop":{"background-color":"var(--ast-global-color-4)","background-image":"","background-repeat":"repeat","background-position":"center center","background-size":"auto","background-attachment":"scroll","background-type":"","background-media":"","overlay-type":"","overlay-color":"","overlay-opacity":"","overlay-gradient":""},"tablet":{"background-color":"","background-image":"","background-repeat":"repeat","background-position":"center center","background-size":"auto","background-attachment":"scroll","background-type":"","background-media":"","overlay-type":"","overlay-color":"","overlay-opacity":"","overlay-gradient":""},"mobile":{"background-color":"","background-image":"","background-repeat":"repeat","background-position":"center center","background-size":"auto","background-attachment":"scroll","background-type":"","background-media":"","overlay-type":"","overlay-color":"","overlay-opacity":"","overlay-gradient":""}},"ast-content-background-meta":{"desktop":{"background-color":"var(--ast-global-color-5)","background-image":"","background-repeat":"repeat","background-position":"center center","background-size":"auto","background-attachment":"scroll","background-type":"","background-media":"","overlay-type":"","overlay-color":"","overlay-opacity":"","overlay-gradient":""},"tablet":{"background-color":"var(--ast-global-color-5)","background-image":"","background-repeat":"repeat","background-position":"center center","background-size":"auto","background-attachment":"scroll","background-type":"","background-media":"","overlay-type":"","overlay-color":"","overlay-opacity":"","overlay-gradient":""},"mobile":{"background-color":"var(--ast-global-color-5)","background-image":"","background-repeat":"repeat","background-position":"center center","background-size":"auto","background-attachment":"scroll","background-type":"","background-media":"","overlay-type":"","overlay-color":"","overlay-opacity":"","overlay-gradient":""}},"footnotes":""},"categories":[19],"tags":[],"class_list":["post-4376","post","type-post","status-publish","format-standard","has-post-thumbnail","hentry","category-sin-limites-2"],"_links":{"self":[{"href":"https:\/\/losperiodistas.com.mx\/portal\/wp-json\/wp\/v2\/posts\/4376","targetHints":{"allow":["GET"]}}],"collection":[{"href":"https:\/\/losperiodistas.com.mx\/portal\/wp-json\/wp\/v2\/posts"}],"about":[{"href":"https:\/\/losperiodistas.com.mx\/portal\/wp-json\/wp\/v2\/types\/post"}],"author":[{"embeddable":true,"href":"https:\/\/losperiodistas.com.mx\/portal\/wp-json\/wp\/v2\/users\/1"}],"replies":[{"embeddable":true,"href":"https:\/\/losperiodistas.com.mx\/portal\/wp-json\/wp\/v2\/comments?post=4376"}],"version-history":[{"count":1,"href":"https:\/\/losperiodistas.com.mx\/portal\/wp-json\/wp\/v2\/posts\/4376\/revisions"}],"predecessor-version":[{"id":4378,"href":"https:\/\/losperiodistas.com.mx\/portal\/wp-json\/wp\/v2\/posts\/4376\/revisions\/4378"}],"wp:featuredmedia":[{"embeddable":true,"href":"https:\/\/losperiodistas.com.mx\/portal\/wp-json\/wp\/v2\/media\/4377"}],"wp:attachment":[{"href":"https:\/\/losperiodistas.com.mx\/portal\/wp-json\/wp\/v2\/media?parent=4376"}],"wp:term":[{"taxonomy":"category","embeddable":true,"href":"https:\/\/losperiodistas.com.mx\/portal\/wp-json\/wp\/v2\/categories?post=4376"},{"taxonomy":"post_tag","embeddable":true,"href":"https:\/\/losperiodistas.com.mx\/portal\/wp-json\/wp\/v2\/tags?post=4376"}],"curies":[{"name":"wp","href":"https:\/\/api.w.org\/{rel}","templated":true}]}}